{"id":237344,"date":"2023-04-19T07:36:59","date_gmt":"2023-04-19T11:36:59","guid":{"rendered":"https:\/\/www.ocorreionews.com.br\/acervo-correio\/?p=237344"},"modified":"2023-04-19T07:36:59","modified_gmt":"2023-04-19T11:36:59","slug":"alcinopolis-secretaria-municipal-de-saude-lanca-edital-de-processo-seletivo","status":"publish","type":"post","link":"https:\/\/www.ocorreionews.com.br\/acervo-correio\/?p=237344","title":{"rendered":"Alcin\u00f3polis: Secretaria Municipal de Sa\u00fade lan\u00e7a Edital de Processo Seletivo"},"content":{"rendered":"<div>\n<div class=\"\" dir=\"auto\">\n<div id=\":req:\" class=\"x1iorvi4 x1pi30zi x1swvt13 x1l90r2v\" data-ad-comet-preview=\"message\" data-ad-preview=\"message\">\n<div class=\"x78zum5 xdt5ytf xz62fqu x16ldp7u\">\n<div class=\"xu06os2 x1ok221b\">\n<div class=\"x11i5rnm xat24cr x1mh8g0r x1vvkbs xtlvy1s x126k92a\">\n<div dir=\"auto\">A Prefeitura Municipal de Alcin\u00f3polis, atrav\u00e9s da Secretaria Municipal de Sa\u00fade, publicou na data de ontem (17\/04) o edital de processo seletivo simplificado n\u00ba 001\/2023 da Secretaria de Sa\u00fade &#8211; para contrata\u00e7\u00e3o de pessoal, em car\u00e1ter excepcional e tempor\u00e1rio, mediante as condi\u00e7\u00f5es estabelecidas no edital e na legisla\u00e7\u00e3o de pessoal vigente no munic\u00edpio.<\/div>\n<div dir=\"auto\">Veja as vagas dispon\u00edveis;<\/div>\n<blockquote>\n<div dir=\"auto\"><strong>&#8211; Educador f\u00edsico \u2013 01 \u2013 vaga.<\/strong><\/div>\n<div dir=\"auto\"><strong>&#8211; Enfermeiro \u2013 04 \u2013 vagas.<\/strong><\/div>\n<div dir=\"auto\"><strong>&#8211; Farmac\u00eautico bioqu\u00edmico \u2013 01 \u2013 vaga.<\/strong><\/div>\n<div dir=\"auto\"><strong>&#8211; Fonoaudi\u00f3logo \u2013 01 \u2013 vaga.<\/strong><\/div>\n<div dir=\"auto\"><strong>&#8211; M\u00e9dico Cl\u00ednico Geral UBSF \u2013 01 \u2013 vaga.<\/strong><\/div>\n<div dir=\"auto\"><strong>&#8211; Odont\u00f3logo \u2013 02 \u2013 vaga.<\/strong><\/div>\n<div dir=\"auto\"><strong>&#8211; Psic\u00f3logo \u2013 01 \u2013 vaga.<\/strong><\/div>\n<div dir=\"auto\"><strong>&#8211; T\u00e9cnico em Enfermagem \u2013 03 \u2013 vagas.<\/strong><\/div>\n<div dir=\"auto\"><strong>&#8211; T\u00e9cnico em Radiologia \u2013 02 \u2013 Vagas.<\/strong><\/div>\n<div dir=\"auto\"><strong>&#8211; Terapeuta ocupacional \u2013 01 \u2013vaga.<\/strong><\/div>\n<\/blockquote>\n<div dir=\"auto\">Observa\u00e7\u00e3o: jornada de 24h semanais e plant\u00f5es sobreaviso, com escala definida pelo respons\u00e1vel da unidade. ** jornada de 40h semanais e plant\u00f5es sobreaviso, com escala definida pelo respons\u00e1vel da unidade. &#8211; A remunera\u00e7\u00e3o dos contratados seguir\u00e1 a disposi\u00e7\u00e3o da LC Municipal n\u00ba 87\/2023.<\/div>\n<\/div>\n<div class=\"x11i5rnm xat24cr x1mh8g0r x1vvkbs xtlvy1s x126k92a\">\n<div dir=\"auto\">Acesse o edital clicando no link:<\/div>\n<div dir=\"auto\"><a class=\"x1i10hfl xjbqb8w x6umtig x1b1mbwd xaqea5y xav7gou x9f619 x1ypdohk xt0psk2 xe8uvvx xdj266r x11i5rnm xat24cr x1mh8g0r xexx8yu x4uap5 x18d9i69 xkhd6sd x16tdsg8 x1hl2dhg xggy1nq x1a2a7pz xt0b8zv x1fey0fg\" tabindex=\"0\" role=\"link\" href=\"https:\/\/l.facebook.com\/l.php?u=https%3A%2F%2Fwww.alcinopolis.ms.gov.br%2Fsite%2Feditais-publicos%2Feditais%3Ffbclid%3DIwAR3YiHz3n97XE9jyqH352aW94ATcnfm5CWkV9yNe2_uk-GQeVc7-SzZKcds&amp;h=AT1WE2tVVjQL-CLfOMDsQTfo4SwQldHbqq99QIqGzNA1mK_WMt-1dehayUOJgaQoYUsjj2LiwDKD54lWV24wknZXjztYWKcTCGEvbl8eTrutrHpyJZTXLwT3NHMcAVZmePoW&amp;__tn__=-UK-R&amp;c[0]=AT0eE7zpj1_EW3cIzMtQG9Vs2m2jM93IuANrjb2c0MiiUWnLpdl_r9XwaIdHqHxQeQQNk8W3W66EJmGl5q643nRvv8FaH6x1uho7DSB_ZIvDOgHDpasjl2G6stB0_de1guWxMeO7M_fTp1UMrdQl4lrpqD-gYzbaCVWhvr-fQzLQ4aPFvA2bOWFDB8Y9Uqs4kCb6e_ltf0hT\" target=\"_blank\" rel=\"nofollow noopener\">https:\/\/www.alcinopolis.ms.gov.br\/&#8230;\/editais&#8230;\/editais<\/a><\/div>\n<\/div>\n<div dir=\"auto\">Assecom<\/div>\n<\/div>\n<\/div>\n<\/div>\n<\/div>\n<\/div>\n","protected":false},"excerpt":{"rendered":"<p>A Prefeitura Municipal de Alcin\u00f3polis, atrav\u00e9s da Secretaria Municipal de Sa\u00fade, publicou na data de ontem (17\/04) o edital de processo seletivo simplificado n\u00ba 001\/2023 da Secretaria de Sa\u00fade &#8211; para contrata\u00e7\u00e3o de pessoal, em car\u00e1ter excepcional e tempor\u00e1rio, mediante as condi\u00e7\u00f5es estabelecidas no edital e na legisla\u00e7\u00e3o de pessoal vigente no munic\u00edpio. Veja as [&hellip;]<\/p>\n","protected":false},"author":4,"featured_media":237349,"comment_status":"closed","ping_status":"closed","sticky":false,"template":"","format":"standard","meta":{"footnotes":""},"categories":[18,39],"tags":[],"class_list":["post-237344","post","type-post","status-publish","format-standard","has-post-thumbnail","hentry","category-alcinopolis","category-saude"],"_links":{"self":[{"href":"https:\/\/www.ocorreionews.com.br\/acervo-correio\/index.php?rest_route=\/wp\/v2\/posts\/237344","targetHints":{"allow":["GET"]}}],"collection":[{"href":"https:\/\/www.ocorreionews.com.br\/acervo-correio\/index.php?rest_route=\/wp\/v2\/posts"}],"about":[{"href":"https:\/\/www.ocorreionews.com.br\/acervo-correio\/index.php?rest_route=\/wp\/v2\/types\/post"}],"author":[{"embeddable":true,"href":"https:\/\/www.ocorreionews.com.br\/acervo-correio\/index.php?rest_route=\/wp\/v2\/users\/4"}],"replies":[{"embeddable":true,"href":"https:\/\/www.ocorreionews.com.br\/acervo-correio\/index.php?rest_route=%2Fwp%2Fv2%2Fcomments&post=237344"}],"version-history":[{"count":1,"href":"https:\/\/www.ocorreionews.com.br\/acervo-correio\/index.php?rest_route=\/wp\/v2\/posts\/237344\/revisions"}],"predecessor-version":[{"id":237351,"href":"https:\/\/www.ocorreionews.com.br\/acervo-correio\/index.php?rest_route=\/wp\/v2\/posts\/237344\/revisions\/237351"}],"wp:featuredmedia":[{"embeddable":true,"href":"https:\/\/www.ocorreionews.com.br\/acervo-correio\/index.php?rest_route=\/wp\/v2\/media\/237349"}],"wp:attachment":[{"href":"https:\/\/www.ocorreionews.com.br\/acervo-correio\/index.php?rest_route=%2Fwp%2Fv2%2Fmedia&parent=237344"}],"wp:term":[{"taxonomy":"category","embeddable":true,"href":"https:\/\/www.ocorreionews.com.br\/acervo-correio\/index.php?rest_route=%2Fwp%2Fv2%2Fcategories&post=237344"},{"taxonomy":"post_tag","embeddable":true,"href":"https:\/\/www.ocorreionews.com.br\/acervo-correio\/index.php?rest_route=%2Fwp%2Fv2%2Ftags&post=237344"}],"curies":[{"name":"wp","href":"https:\/\/api.w.org\/{rel}","templated":true}]}}