{"id":237352,"date":"2023-04-19T08:44:03","date_gmt":"2023-04-19T12:44:03","guid":{"rendered":"https:\/\/www.ocorreionews.com.br\/acervo-correio\/?p=237352"},"modified":"2023-04-19T14:07:52","modified_gmt":"2023-04-19T18:07:52","slug":"iniciou-a-segunda-edicao-do-projeto-camara-vai-a-escola-em-chapadao-do-sul","status":"publish","type":"post","link":"https:\/\/www.ocorreionews.com.br\/acervo-correio\/?p=237352","title":{"rendered":"C\u00e2mara Vai \u00e0 Escola 2023 iniciou em Chapad\u00e3o do Sul"},"content":{"rendered":"<p>Depois do grande sucesso que foi no ano passado, iniciou nesta quarta-feira (19), em Chapad\u00e3o Sul o Projeto C\u00e2mara vai \u00e0 Escola 2023 e a primeira escola a receber o projeto foi Col\u00e9gio Maper.<\/p>\n<p>Com objetivo de aproximar os jovens do poder legislativo informando como \u00e9 o trabalho dos vereadores e a C\u00e2mara Municipal e ainda detalhar mais como funciona os tr\u00eas poderes (Legislativo, Executivo e Judici\u00e1rio). Uma vez que cada vez mais os jovens vem perdendo o interesse na pol\u00edtica e<\/p>\n<p>Como foi no ano passado cada col\u00e9gio ir\u00e1 eleger um representante, em forma de elei\u00e7\u00e3o democr\u00e1tica, simulando como \u00e9 feito nas elei\u00e7\u00f5es.<\/p>\n<p><a href=\"https:\/\/www.ocorreionews.com.br\/acervo-correio\/wp-content\/uploads\/2023\/04\/escola-mapper.jpg\"><img loading=\"lazy\" decoding=\"async\" class=\"alignnone size-full wp-image-237398\" src=\"https:\/\/www.ocorreionews.com.br\/acervo-correio\/wp-content\/uploads\/2023\/04\/escola-mapper.jpg\" alt=\"\" width=\"800\" height=\"533\" srcset=\"https:\/\/www.ocorreionews.com.br\/acervo-correio\/wp-content\/uploads\/2023\/04\/escola-mapper.jpg 800w, https:\/\/www.ocorreionews.com.br\/acervo-correio\/wp-content\/uploads\/2023\/04\/escola-mapper-300x200.jpg 300w, https:\/\/www.ocorreionews.com.br\/acervo-correio\/wp-content\/uploads\/2023\/04\/escola-mapper-768x512.jpg 768w\" sizes=\"auto, (max-width: 800px) 100vw, 800px\" \/><\/a><\/p>\n<p>A Diretora da Escola, Luceni Maran, enalteceu o projeto e agradeceu \u00e0 C\u00e2mara por proporcionar essa oportunidade aos alunos de aprenderem sobre o funcionamento do Poder Legislativo. Durante o evento, os estudantes mostraram-se animados com o projeto, principalmente em participar de uma elei\u00e7\u00e3o simb\u00f3lica para escolher um representante da escola, que ter\u00e1 a oportunidade de participar das pr\u00f3ximas etapas do projeto.<\/p>\n<p>A elei\u00e7\u00e3o foi conduzida seguindo todos os ritos de um pleito eleitoral, com discurso dos candidatos, c\u00e9dulas e cabine de vota\u00e7\u00e3o. Cinco candidatos concorreram ao cargo de representante da escola, e o eleito foi Arthur Schwantes, que recebeu 58 votos. O presidente Tucano parabenizou o eleito e destacou a import\u00e2ncia da participa\u00e7\u00e3o dos jovens na pol\u00edtica local.<\/p>\n<p>O pr\u00f3ximo passo do projeto C\u00e2mara vai \u00e0 Escola 2023 ser\u00e1 um pronunciamento de Arthur Schwantes na C\u00e2mara Municipal durante uma Sess\u00e3o Ordin\u00e1ria, onde ter\u00e1 a oportunidade de expor suas ideias e preocupa\u00e7\u00f5es. Al\u00e9m disso, o representante da escola tamb\u00e9m participar\u00e1 de uma e excurs\u00e3o \u00e0 Bras\u00edlia, junto de uma comitiva com os demais representantes de outras escolas, para conhecer a capital federal e as sedes dos tr\u00eas poderes da Rep\u00fablica.<\/p>\n<p>O Presidente Tucano enalteceu o projeto e expressou sua felicidade com o andamento positivo do mesmo em 2023. O projeto C\u00e2mara vai \u00e0 Escola tem como objetivo aproximar os jovens da pol\u00edtica local, proporcionando-lhes conhecimento sobre o trabalho dos vereadores e incentivando a participa\u00e7\u00e3o cidad\u00e3 desde cedo. Com a participa\u00e7\u00e3o ativa dos estudantes, espera-se que essa iniciativa contribua para uma sociedade mais engajada e participativa no exerc\u00edcio da democracia.<\/p>\n<p><a href=\"https:\/\/www.ocorreionews.com.br\/acervo-correio\/wp-content\/uploads\/2023\/04\/camara-vai-escola-maper-scaled.jpg\"><img loading=\"lazy\" decoding=\"async\" class=\"wp-image-237357 aligncenter\" src=\"https:\/\/www.ocorreionews.com.br\/acervo-correio\/wp-content\/uploads\/2023\/04\/camara-vai-escola-maper-scaled.jpg\" alt=\"\" width=\"599\" height=\"399\" srcset=\"https:\/\/www.ocorreionews.com.br\/acervo-correio\/wp-content\/uploads\/2023\/04\/camara-vai-escola-maper-scaled.jpg 2560w, https:\/\/www.ocorreionews.com.br\/acervo-correio\/wp-content\/uploads\/2023\/04\/camara-vai-escola-maper-300x200.jpg 300w, https:\/\/www.ocorreionews.com.br\/acervo-correio\/wp-content\/uploads\/2023\/04\/camara-vai-escola-maper-1024x683.jpg 1024w, https:\/\/www.ocorreionews.com.br\/acervo-correio\/wp-content\/uploads\/2023\/04\/camara-vai-escola-maper-768x512.jpg 768w, https:\/\/www.ocorreionews.com.br\/acervo-correio\/wp-content\/uploads\/2023\/04\/camara-vai-escola-maper-1536x1024.jpg 1536w, https:\/\/www.ocorreionews.com.br\/acervo-correio\/wp-content\/uploads\/2023\/04\/camara-vai-escola-maper-2048x1365.jpg 2048w\" sizes=\"auto, (max-width: 599px) 100vw, 599px\" \/><\/a><\/p>\n","protected":false},"excerpt":{"rendered":"<p>Depois do grande sucesso que foi no ano passado, iniciou nesta quarta-feira (19), em Chapad\u00e3o Sul o Projeto C\u00e2mara vai \u00e0 Escola 2023 e a primeira escola a receber o projeto foi Col\u00e9gio Maper. Com objetivo de aproximar os jovens do poder legislativo informando como \u00e9 o trabalho dos vereadores e a C\u00e2mara Municipal e [&hellip;]<\/p>\n","protected":false},"author":5,"featured_media":237358,"comment_status":"closed","ping_status":"closed","sticky":false,"template":"","format":"standard","meta":{"footnotes":""},"categories":[20,23],"tags":[],"class_list":["post-237352","post","type-post","status-publish","format-standard","has-post-thumbnail","hentry","category-camara-municipal","category-chapadao-do-sul"],"_links":{"self":[{"href":"https:\/\/www.ocorreionews.com.br\/acervo-correio\/index.php?rest_route=\/wp\/v2\/posts\/237352","targetHints":{"allow":["GET"]}}],"collection":[{"href":"https:\/\/www.ocorreionews.com.br\/acervo-correio\/index.php?rest_route=\/wp\/v2\/posts"}],"about":[{"href":"https:\/\/www.ocorreionews.com.br\/acervo-correio\/index.php?rest_route=\/wp\/v2\/types\/post"}],"author":[{"embeddable":true,"href":"https:\/\/www.ocorreionews.com.br\/acervo-correio\/index.php?rest_route=\/wp\/v2\/users\/5"}],"replies":[{"embeddable":true,"href":"https:\/\/www.ocorreionews.com.br\/acervo-correio\/index.php?rest_route=%2Fwp%2Fv2%2Fcomments&post=237352"}],"version-history":[{"count":1,"href":"https:\/\/www.ocorreionews.com.br\/acervo-correio\/index.php?rest_route=\/wp\/v2\/posts\/237352\/revisions"}],"predecessor-version":[{"id":237400,"href":"https:\/\/www.ocorreionews.com.br\/acervo-correio\/index.php?rest_route=\/wp\/v2\/posts\/237352\/revisions\/237400"}],"wp:featuredmedia":[{"embeddable":true,"href":"https:\/\/www.ocorreionews.com.br\/acervo-correio\/index.php?rest_route=\/wp\/v2\/media\/237358"}],"wp:attachment":[{"href":"https:\/\/www.ocorreionews.com.br\/acervo-correio\/index.php?rest_route=%2Fwp%2Fv2%2Fmedia&parent=237352"}],"wp:term":[{"taxonomy":"category","embeddable":true,"href":"https:\/\/www.ocorreionews.com.br\/acervo-correio\/index.php?rest_route=%2Fwp%2Fv2%2Fcategories&post=237352"},{"taxonomy":"post_tag","embeddable":true,"href":"https:\/\/www.ocorreionews.com.br\/acervo-correio\/index.php?rest_route=%2Fwp%2Fv2%2Ftags&post=237352"}],"curies":[{"name":"wp","href":"https:\/\/api.w.org\/{rel}","templated":true}]}}