{"id":237368,"date":"2023-04-19T09:54:26","date_gmt":"2023-04-19T13:54:26","guid":{"rendered":"https:\/\/www.ocorreionews.com.br\/acervo-correio\/?p=237368"},"modified":"2023-04-19T09:54:26","modified_gmt":"2023-04-19T13:54:26","slug":"homem-procurado-por-roubos-em-fazendas-de-ms-e-morto-em-confronto-com-a-policia","status":"publish","type":"post","link":"https:\/\/www.ocorreionews.com.br\/acervo-correio\/?p=237368","title":{"rendered":"Homem procurado por roubos em fazendas de MS \u00e9 morto em confronto com a policia"},"content":{"rendered":"<p>Morto em confronto com a pol\u00edcia, na manh\u00e3 desta quarta-feira (19), no Jardim Alto S\u00e3o Francisco, Marcos Ant\u00f4nio Alves dos Santos, 32 anos, conhecido como &#8220;Baiano&#8221;, tinha extensa ficha criminal e era procurado por assaltar fazendas no entorno de Campo Grande. Na casa onde ocorreram os fatos, a pol\u00edcia apreendeu armas e pertences levados das propriedades.<\/p>\n<p>O delegado Francis Freire, da Derf (Delegacia Especializada de Repress\u00e3o a Roubos e Furtos), conversou com a imprensa ap\u00f3s os trabalhos da per\u00edcia na casa da Rua B\u00e1rbara de Paula Ribeiro. O im\u00f3vel foi alugado por Marcos Ant\u00f4nio para guardar os objetos de crime.<\/p>\n<p>Francis explicou que em janeiro de 2022, uma fazenda, localizada na BR-163, em Jaraguari, foi alvo de criminosos. Da propriedade, de dif\u00edcil acesso, foram furtados dois equipamentos, uma motosserra e um perfurador de solo. Foram quando come\u00e7aram as investiga\u00e7\u00f5es, que levaram a identifica\u00e7\u00e3o de Baiano como autor do crime.<\/p>\n<figure style=\"width: 602px\" class=\"wp-caption aligncenter\"><img loading=\"lazy\" decoding=\"async\" class=\"img-fluid\" src=\"https:\/\/cdn6.campograndenews.com.br\/uploads\/noticias\/2023\/04\/19\/zr1rrany0en2.jpeg\" sizes=\"auto, (min-width: 1024px) calc(.5 * (100vw - 21.875em)), 100vw\" srcset=\"https:\/\/cdn6.campograndenews.com.br\/uploads\/noticias\/2023\/04\/19\/gibgga4t55fm.jpeg 1024w, https:\/\/cdn6.campograndenews.com.br\/uploads\/noticias\/2023\/04\/19\/30f2uhhii6cks.jpeg 640w, https:\/\/cdn6.campograndenews.com.br\/uploads\/noticias\/2023\/04\/19\/zr1rrany0en2.jpeg 320w\" alt=\"Local onde houve confronto entre bandido e policiais. (Foto: Henrique Kawaminami)\" width=\"602\" height=\"401\" \/><figcaption class=\"wp-caption-text\">Local onde houve confronto entre bandido e policiais. (Foto: Henrique Kawaminami)<\/figcaption><\/figure>\n<p>No mesmo m\u00eas, ele chegou a ser preso preventivamente por outro roubo, este praticado na MS-040, em setembro de 2021. Tamb\u00e9m acabou condenado e cumpriu um ano de pena, at\u00e9 ganhar liberdade condicional, no dia 24 de janeiro deste ano.<\/p>\n<p>Baiano, ent\u00e3o, voltou as atividades e cometeu dois roubos. &#8220;No dia 16 de janeiro em uma fazenda de Rochedinho, onde ele manteve duas v\u00edtimas ref\u00e9ns, um senhor de 56 anos e um adolescente de 17, que foram amarrados&#8221;, diz Francis. Na ocasi\u00e3o, armado com uma pistola, Baiano levou motosserra, R$ 1,6 mil em dinheiro, roupas, cobertas, celular, entre outros.<\/p>\n<p>J\u00e1 no dia 23 de fevereiro, Baiano voltou a propriedade que havia furtado, a de Jaraguari. &#8220;S\u00f3 que dessa vez praticou um roubo, amarrando um casal, senhor de 65 anos e um senhora, de 47. Ele levou caminhonete S10, pelo menos tr\u00eas armas de fogo, ro\u00e7adeira, rel\u00f3gio e outras coisas&#8221;, diz Freire.<\/p>\n<p>Diante das evid\u00eancias, a pol\u00edcia representou pela pris\u00e3o preventiva de Marcos Ant\u00f4nio e tamb\u00e9m de busca e apreens\u00e3o ao im\u00f3vel onde ele estava morando em Campo Grande, pedidos que foram deferidos pela Justi\u00e7a. Ent\u00e3o, nesta manh\u00e3, os policiais foram ao endere\u00e7o.<\/p>\n<figure style=\"width: 597px\" class=\"wp-caption aligncenter\"><img loading=\"lazy\" decoding=\"async\" class=\"img-fluid\" src=\"https:\/\/cdn6.campograndenews.com.br\/uploads\/noticias\/2023\/04\/19\/moqwdnc86ycu.jpeg\" sizes=\"auto, (min-width: 1024px) calc(.5 * (100vw - 21.875em)), 100vw\" srcset=\"https:\/\/cdn6.campograndenews.com.br\/uploads\/noticias\/2023\/04\/19\/1rbqcs0nnpv7m.jpeg 1024w, https:\/\/cdn6.campograndenews.com.br\/uploads\/noticias\/2023\/04\/19\/2p48updkviw4c.jpeg 640w, https:\/\/cdn6.campograndenews.com.br\/uploads\/noticias\/2023\/04\/19\/moqwdnc86ycu.jpeg 320w\" alt=\"Uma das armas apreendidas no im\u00f3vel. (Foto: Henrique Kawaminami)\" width=\"597\" height=\"397\" \/><figcaption class=\"wp-caption-text\">Uma das armas apreendidas no im\u00f3vel. (Foto: Henrique Kawaminami)<\/figcaption><\/figure>\n<p>&nbsp;<\/p>\n<p>Segundo Freire, Marcos Ant\u00f4nio correu para se apossar de uma pistola ao ver os policiais. &#8220;Durante o cumprimento, houve resist\u00eancia e ele acabou sendo alvejado por dois tiros&#8221;. O Corpo de Bombeiros foi acionado, mas Baiano n\u00e3o resistiu.<\/p>\n<p>Al\u00e9m de uma pistola 9 mil\u00edmetros, a pol\u00edcia apreendeu na casa uma espingarda (pertencente a v\u00edtima de Jaraguari); uma espingarda de press\u00e3o e muni\u00e7\u00f5es de calibre 44. Tamb\u00e9m foi encontrada uma lavadora de press\u00e3o e outros objetos pessoais de v\u00edtimas.<\/p>\n<p>A pol\u00edcia constatou que Baiano alugou o im\u00f3vel recentemente, justamente para guardar objetos levados nos crimes. A casa estava sendo mobiliada por ele. &#8220;Al\u00e9m desses fatos, Baiano responde a a\u00e7\u00f5es por um furto e dois roubos a mototaxistas em Bonito, quatro roubos a mototaxistas em Campo Grande e a um processo de viol\u00eancia dom\u00e9stica&#8221;, revela o delegado.<\/p>\n<p>Um carro e uma moto, adquiridos com o &#8220;lucro&#8221; dos crimes, foram apreendidos. Havia uma mulher na casa onde houve confronto nesta manh\u00e3. A pol\u00edcia constatou que ela conhecia Baiano h\u00e1 uma semana e n\u00e3o tem envolvimento com os fatos.<\/p>\n<p>&nbsp;<\/p>\n<p>Por Dayene Paz e Bruna Marques &#8211; CAMPO GRANDE NEWS<\/p>\n","protected":false},"excerpt":{"rendered":"<p>Morto em confronto com a pol\u00edcia, na manh\u00e3 desta quarta-feira (19), no Jardim Alto S\u00e3o Francisco, Marcos Ant\u00f4nio Alves dos Santos, 32 anos, conhecido como &#8220;Baiano&#8221;, tinha extensa ficha criminal e era procurado por assaltar fazendas no entorno de Campo Grande. Na casa onde ocorreram os fatos, a pol\u00edcia apreendeu armas e pertences levados das [&hellip;]<\/p>\n","protected":false},"author":5,"featured_media":237369,"comment_status":"closed","ping_status":"closed","sticky":false,"template":"","format":"standard","meta":{"footnotes":""},"categories":[38],"tags":[],"class_list":["post-237368","post","type-post","status-publish","format-standard","has-post-thumbnail","hentry","category-policia"],"_links":{"self":[{"href":"https:\/\/www.ocorreionews.com.br\/acervo-correio\/index.php?rest_route=\/wp\/v2\/posts\/237368","targetHints":{"allow":["GET"]}}],"collection":[{"href":"https:\/\/www.ocorreionews.com.br\/acervo-correio\/index.php?rest_route=\/wp\/v2\/posts"}],"about":[{"href":"https:\/\/www.ocorreionews.com.br\/acervo-correio\/index.php?rest_route=\/wp\/v2\/types\/post"}],"author":[{"embeddable":true,"href":"https:\/\/www.ocorreionews.com.br\/acervo-correio\/index.php?rest_route=\/wp\/v2\/users\/5"}],"replies":[{"embeddable":true,"href":"https:\/\/www.ocorreionews.com.br\/acervo-correio\/index.php?rest_route=%2Fwp%2Fv2%2Fcomments&post=237368"}],"version-history":[{"count":1,"href":"https:\/\/www.ocorreionews.com.br\/acervo-correio\/index.php?rest_route=\/wp\/v2\/posts\/237368\/revisions"}],"predecessor-version":[{"id":237373,"href":"https:\/\/www.ocorreionews.com.br\/acervo-correio\/index.php?rest_route=\/wp\/v2\/posts\/237368\/revisions\/237373"}],"wp:featuredmedia":[{"embeddable":true,"href":"https:\/\/www.ocorreionews.com.br\/acervo-correio\/index.php?rest_route=\/wp\/v2\/media\/237369"}],"wp:attachment":[{"href":"https:\/\/www.ocorreionews.com.br\/acervo-correio\/index.php?rest_route=%2Fwp%2Fv2%2Fmedia&parent=237368"}],"wp:term":[{"taxonomy":"category","embeddable":true,"href":"https:\/\/www.ocorreionews.com.br\/acervo-correio\/index.php?rest_route=%2Fwp%2Fv2%2Fcategories&post=237368"},{"taxonomy":"post_tag","embeddable":true,"href":"https:\/\/www.ocorreionews.com.br\/acervo-correio\/index.php?rest_route=%2Fwp%2Fv2%2Ftags&post=237368"}],"curies":[{"name":"wp","href":"https:\/\/api.w.org\/{rel}","templated":true}]}}