{"id":237372,"date":"2023-04-19T09:59:02","date_gmt":"2023-04-19T13:59:02","guid":{"rendered":"https:\/\/www.ocorreionews.com.br\/acervo-correio\/?p=237372"},"modified":"2023-04-19T10:23:00","modified_gmt":"2023-04-19T14:23:00","slug":"com-show-de-rick-renner-comeca-hoje-7a-expoceu","status":"publish","type":"post","link":"https:\/\/www.ocorreionews.com.br\/acervo-correio\/?p=237372","title":{"rendered":"Com show de Rick &#038; Renner come\u00e7a nesta quarta-feira a 7\u00aa Expoc\u00e9u"},"content":{"rendered":"<p>A dupla sertaneja\u00a0 Rick &amp; Renner abre nesta qaurta-feira (19) a 7\u00aa Expoc\u00e9u \u2013 Exposi\u00e7\u00e3o Agropecu\u00e1ria de Chapad\u00e3o do C\u00e9u-GO, no Parque de Exposi\u00e7\u00e3o Osvaldo Gorgen.<\/p>\n<p>Com grandes shows, rodeios, palestras e expositores come\u00e7a nesta quarta-feira (19) e vai at\u00e9 domingo (23) a 7\u00aa Expoc\u00e9u \u2013 Exposi\u00e7\u00e3o Agropecu\u00e1ria de Chapad\u00e3o do C\u00e9u-GO, no Parque de Exposi\u00e7\u00e3o Osvaldo Gorgen.<\/p>\n<p>A entrada \u00e9 gratuita para todos os dias do evento.<\/p>\n<p>Confira a grande de shows da Expoc\u00e9u;<\/p>\n<p><em><strong>:Quarta-feira (19) \u2013 Rick &amp; Renner;<\/strong><\/em><strong><em><br \/>\nQuinta-feira (20) \u2013 Gabriel Gava;<br \/>\nSexta-feira (21) \u2013 Felipe &amp; Falc\u00e3o;<br \/>\nS\u00e1bado (22) \u2013 Miguel Locato<br \/>\nDomingo (23) Hugo &amp; Guilherme.<\/em><\/strong><\/p>\n<p>A realiza\u00e7\u00e3o do evento ainda tem o patroc\u00ednio de importantes empresas locais como a Uniggel Sementes, Cerrado Insumos, Planalto Case, Casa Rural e SENAR\/GO.<\/p>\n<p><img loading=\"lazy\" decoding=\"async\" class=\"aligncenter\" src=\"https:\/\/www.ocorreionews.com.br\/acervo-correio\/wp-content\/uploads\/2023\/04\/899x1599x7a-Expoceu.jpg.pagespeed.ic.gExSHfU9nr.webp\" width=\"644\" height=\"1145\" \/><\/p>\n<p>&nbsp;<\/p>\n","protected":false},"excerpt":{"rendered":"<p>A dupla sertaneja\u00a0 Rick &amp; Renner abre nesta qaurta-feira (19) a 7\u00aa Expoc\u00e9u \u2013 Exposi\u00e7\u00e3o Agropecu\u00e1ria de Chapad\u00e3o do C\u00e9u-GO, no Parque de Exposi\u00e7\u00e3o Osvaldo Gorgen. Com grandes shows, rodeios, palestras e expositores come\u00e7a nesta quarta-feira (19) e vai at\u00e9 domingo (23) a 7\u00aa Expoc\u00e9u \u2013 Exposi\u00e7\u00e3o Agropecu\u00e1ria de Chapad\u00e3o do C\u00e9u-GO, no Parque de [&hellip;]<\/p>\n","protected":false},"author":4,"featured_media":214964,"comment_status":"closed","ping_status":"closed","sticky":false,"template":"","format":"standard","meta":{"footnotes":""},"categories":[22],"tags":[],"class_list":["post-237372","post","type-post","status-publish","format-standard","has-post-thumbnail","hentry","category-chapadao-do-ceu"],"_links":{"self":[{"href":"https:\/\/www.ocorreionews.com.br\/acervo-correio\/index.php?rest_route=\/wp\/v2\/posts\/237372","targetHints":{"allow":["GET"]}}],"collection":[{"href":"https:\/\/www.ocorreionews.com.br\/acervo-correio\/index.php?rest_route=\/wp\/v2\/posts"}],"about":[{"href":"https:\/\/www.ocorreionews.com.br\/acervo-correio\/index.php?rest_route=\/wp\/v2\/types\/post"}],"author":[{"embeddable":true,"href":"https:\/\/www.ocorreionews.com.br\/acervo-correio\/index.php?rest_route=\/wp\/v2\/users\/4"}],"replies":[{"embeddable":true,"href":"https:\/\/www.ocorreionews.com.br\/acervo-correio\/index.php?rest_route=%2Fwp%2Fv2%2Fcomments&post=237372"}],"version-history":[{"count":1,"href":"https:\/\/www.ocorreionews.com.br\/acervo-correio\/index.php?rest_route=\/wp\/v2\/posts\/237372\/revisions"}],"predecessor-version":[{"id":237381,"href":"https:\/\/www.ocorreionews.com.br\/acervo-correio\/index.php?rest_route=\/wp\/v2\/posts\/237372\/revisions\/237381"}],"wp:featuredmedia":[{"embeddable":true,"href":"https:\/\/www.ocorreionews.com.br\/acervo-correio\/index.php?rest_route=\/wp\/v2\/media\/214964"}],"wp:attachment":[{"href":"https:\/\/www.ocorreionews.com.br\/acervo-correio\/index.php?rest_route=%2Fwp%2Fv2%2Fmedia&parent=237372"}],"wp:term":[{"taxonomy":"category","embeddable":true,"href":"https:\/\/www.ocorreionews.com.br\/acervo-correio\/index.php?rest_route=%2Fwp%2Fv2%2Fcategories&post=237372"},{"taxonomy":"post_tag","embeddable":true,"href":"https:\/\/www.ocorreionews.com.br\/acervo-correio\/index.php?rest_route=%2Fwp%2Fv2%2Ftags&post=237372"}],"curies":[{"name":"wp","href":"https:\/\/api.w.org\/{rel}","templated":true}]}}