{"id":237375,"date":"2023-04-19T10:07:48","date_gmt":"2023-04-19T14:07:48","guid":{"rendered":"https:\/\/www.ocorreionews.com.br\/acervo-correio\/?p=237375"},"modified":"2023-04-19T10:07:48","modified_gmt":"2023-04-19T14:07:48","slug":"costa-rica-tera-novo-ciclo-do-cidade-empreendedora-expansao-do-sebrae","status":"publish","type":"post","link":"https:\/\/www.ocorreionews.com.br\/acervo-correio\/?p=237375","title":{"rendered":"Costa Rica ter\u00e1 novo ciclo do Cidade Empreendedora Expans\u00e3o do Sebrae"},"content":{"rendered":"<div class=\"ntc_cont_descricao_noticia sw_txteditor\">Na \u00faltima ter\u00e7a-feira (18), o prefeito de Costa Rica, delegado Cleverson Alves dos Santos, o vice-prefeito, Roni Cota, e todos os secret\u00e1rios municipais se reuniram no Pa\u00e7o Municipal com agentes do Sebrae\/MS para a apresenta\u00e7\u00e3o do novo ciclo do Programa Cidade Empreendedora Expans\u00e3o.<\/p>\n<p>O programa tem como objetivo trazer um novo olhar para o munic\u00edpio, buscando mais competitividade por meio de duas tem\u00e1ticas principais, o marketing territorial e inclus\u00e3o produtiva. Al\u00e9m disso, ser\u00e3o desenvolvidas a\u00e7\u00f5es nas tem\u00e1ticas transversais nas \u00e1reas de cr\u00e9dito, mercado, sustentabilidade, inova\u00e7\u00e3o e conex\u00e3o corporativa. Uma gama de a\u00e7\u00f5es acontecendo no munic\u00edpio.<\/p>\n<p>A iniciativa ter\u00e1 dura\u00e7\u00e3o at\u00e9 junho de 2024 e j\u00e1 conta com a\u00e7\u00f5es em andamento, como o projeto Habitat Inova\u00e7\u00e3o, que trabalha com jovens do munic\u00edpio, e o Inclus\u00e3o Produtiva, que busca potencializar o trabalho realizado no Rica Trama. Tamb\u00e9m ser\u00e1 trabalhada a quest\u00e3o do marketing territorial, com foco no AgroRica e no turismo da cidade encantadora que \u00e9 Costa Rica.<\/p>\n<p>A agenda de futuro do munic\u00edpio ser\u00e1 lan\u00e7ada oficialmente em junho e contar\u00e1 com a participa\u00e7\u00e3o de diversas lideran\u00e7as locais. O objetivo \u00e9 construir uma agenda para o desenvolvimento do munic\u00edpio e, posteriormente, apresent\u00e1-la \u00e0 sociedade.<\/p>\n<p>Com o Cidade Empreendedora expans\u00e3o, Costa Rica busca impulsionar sua economia e tornar-se mais competitiva, oferecendo oportunidades para empreendedores locais e atraindo investimentos para a regi\u00e3o.<\/p>\n<p>O prefeito de Costa Rica, delegado Cleverson Alves dos Santos, destacou que o Programa Cidade Empreendedora \u00e9 uma iniciativa que visa fomentar o empreendedorismo e fortalecer a economia local. \u201c\u00c9 fundamental que todos estejam engajados nessa causa, desde os empres\u00e1rios at\u00e9 os cidad\u00e3os comuns, para que possamos ter uma gest\u00e3o eficaz e alcan\u00e7ar resultados positivos. Por isso, pe\u00e7o o apoio de todos nessa empreitada, pois juntos podemos transformar Costa Rica numa cidade cada vez mais pr\u00f3spera e empreendedora\u201d, argumentou o gestor.<\/p>\n<p>J\u00e1 a gerente regional Regi\u00e3o Norte do Sebrae, Luzicarla Softov, resumiu o novo ciclo do Programa, &#8220;O Cidade Empreendedora Expans\u00e3o, liderado pelo Sebrae\/MS, tem sido uma verdadeira parceria entre entidades p\u00fablicas e privadas para fomentar o empreendedorismo local. Com a colabora\u00e7\u00e3o de todos, conseguimos ir mais longe na promo\u00e7\u00e3o do desenvolvimento econ\u00f4mico sustent\u00e1vel das cidades de Mato Grosso do Sul\u201d, disse.<\/p>\n<p>Tamb\u00e9m estiveram presentes na reuni\u00e3o, o consultor do\u00a0Sebrae e padrinho do Cidade Empreendedora local,\u00a0Michel Martines; a analista-t\u00e9cnica do\u00a0Sebrae\/MS,\u00a0Jane Paiva e o vereador Evaldo Paulino Garcia, al\u00e9m de subsecret\u00e1rios e outros.<\/p>\n<p>Rota Rural na 2\u00aa Expo Rica<\/p>\n<p>Ser\u00e1 realizada uma a\u00e7\u00e3o de capacita\u00e7\u00e3o para produtores rurais com o objetivo de ensin\u00e1-los n\u00e3o apenas a produzir, mas a comercializar seus produtos. Ser\u00e3o dois carrinhos de capacita\u00e7\u00e3o, um para hortali\u00e7as e outro para outros tipos de alimentos, com 15 produtores em cada um, totalizando 30 produtores acompanhados pela SEMAD (Secretaria Municipal de Agricultura e Desenvolvimento). A a\u00e7\u00e3o faz parte da programa\u00e7\u00e3o da 2\u00aa Expo Rica e contar\u00e1 com a presen\u00e7a de consultores e analistas de relacionamento do Sebrae\/MS.<\/p><\/div>\n<div class=\"ntc_cont_descricao_noticia sw_txteditor\">\n<\/div>\n<div class=\"ntc_area_info_noticia sw_lato\">\n<div>\n<div class=\"ntc_info_noticia\"><strong class=\"sw_lato_black\">Fonte:\u00a0 <\/strong>Assessoria de Comunica\u00e7\u00e3o &#8211; PMCR,<strong class=\"sw_lato_black\">\u00a0<\/strong>Silvestre de Castro<\/div>\n<\/div>\n<\/div>\n","protected":false},"excerpt":{"rendered":"<p>Na \u00faltima ter\u00e7a-feira (18), o prefeito de Costa Rica, delegado Cleverson Alves dos Santos, o vice-prefeito, Roni Cota, e todos os secret\u00e1rios municipais se reuniram no Pa\u00e7o Municipal com agentes do Sebrae\/MS para a apresenta\u00e7\u00e3o do novo ciclo do Programa Cidade Empreendedora Expans\u00e3o. O programa tem como objetivo trazer um novo olhar para o munic\u00edpio, [&hellip;]<\/p>\n","protected":false},"author":5,"featured_media":237376,"comment_status":"closed","ping_status":"closed","sticky":false,"template":"","format":"standard","meta":{"footnotes":""},"categories":[25],"tags":[],"class_list":["post-237375","post","type-post","status-publish","format-standard","has-post-thumbnail","hentry","category-costa-rica"],"_links":{"self":[{"href":"https:\/\/www.ocorreionews.com.br\/acervo-correio\/index.php?rest_route=\/wp\/v2\/posts\/237375","targetHints":{"allow":["GET"]}}],"collection":[{"href":"https:\/\/www.ocorreionews.com.br\/acervo-correio\/index.php?rest_route=\/wp\/v2\/posts"}],"about":[{"href":"https:\/\/www.ocorreionews.com.br\/acervo-correio\/index.php?rest_route=\/wp\/v2\/types\/post"}],"author":[{"embeddable":true,"href":"https:\/\/www.ocorreionews.com.br\/acervo-correio\/index.php?rest_route=\/wp\/v2\/users\/5"}],"replies":[{"embeddable":true,"href":"https:\/\/www.ocorreionews.com.br\/acervo-correio\/index.php?rest_route=%2Fwp%2Fv2%2Fcomments&post=237375"}],"version-history":[{"count":1,"href":"https:\/\/www.ocorreionews.com.br\/acervo-correio\/index.php?rest_route=\/wp\/v2\/posts\/237375\/revisions"}],"predecessor-version":[{"id":237377,"href":"https:\/\/www.ocorreionews.com.br\/acervo-correio\/index.php?rest_route=\/wp\/v2\/posts\/237375\/revisions\/237377"}],"wp:featuredmedia":[{"embeddable":true,"href":"https:\/\/www.ocorreionews.com.br\/acervo-correio\/index.php?rest_route=\/wp\/v2\/media\/237376"}],"wp:attachment":[{"href":"https:\/\/www.ocorreionews.com.br\/acervo-correio\/index.php?rest_route=%2Fwp%2Fv2%2Fmedia&parent=237375"}],"wp:term":[{"taxonomy":"category","embeddable":true,"href":"https:\/\/www.ocorreionews.com.br\/acervo-correio\/index.php?rest_route=%2Fwp%2Fv2%2Fcategories&post=237375"},{"taxonomy":"post_tag","embeddable":true,"href":"https:\/\/www.ocorreionews.com.br\/acervo-correio\/index.php?rest_route=%2Fwp%2Fv2%2Ftags&post=237375"}],"curies":[{"name":"wp","href":"https:\/\/api.w.org\/{rel}","templated":true}]}}