{"id":237407,"date":"2023-04-19T15:27:37","date_gmt":"2023-04-19T19:27:37","guid":{"rendered":"https:\/\/www.ocorreionews.com.br\/acervo-correio\/?p=237407"},"modified":"2023-04-19T15:27:37","modified_gmt":"2023-04-19T19:27:37","slug":"figueirao-recebe-coordenadoras-do-programa-ms-alfabetiza","status":"publish","type":"post","link":"https:\/\/www.ocorreionews.com.br\/acervo-correio\/?p=237407","title":{"rendered":"Figueir\u00e3o recebe coordenadoras do programa MS alfabetiza"},"content":{"rendered":"<div class=\"x11i5rnm xat24cr x1mh8g0r x1vvkbs xtlvy1s x126k92a\">\n<div dir=\"auto\">Na \u00faltima segunda-feira (17\/4), a secret\u00e1ria municipal de Educa\u00e7\u00e3o, Cultura, Esporte e Turismo de Figueir\u00e3o, Luciane Aimi, recebeu a visita das articuladoras regionais da Coordenadoria Regional de Educa\u00e7\u00e3o de Coxim, Elaine Maria da Costa Freitas e Ma\u00edra Quevedo, no intuito de fortalecer as a\u00e7\u00f5es do Programa MS Alfabetiza.<\/div>\n<\/div>\n<div class=\"x11i5rnm xat24cr x1mh8g0r x1vvkbs xtlvy1s x126k92a\">\n<div dir=\"auto\">O Programa MS Alfabetiza tem por finalidade o estabelecimento de condi\u00e7\u00f5es necess\u00e1rias para que os estudantes matriculados na rede p\u00fablica de Mato Grosso do Sul adquiram o dom\u00ednio das compet\u00eancias de leitura e escrita adequados \u00e0 sua idade e ao seu n\u00edvel de escolariza\u00e7\u00e3o.<\/div>\n<\/div>\n<div class=\"x11i5rnm xat24cr x1mh8g0r x1vvkbs xtlvy1s x126k92a\">\n<div dir=\"auto\">Estas a\u00e7\u00f5es s\u00e3o feitas nos anos iniciais do Ensino Fundamental, tendo como Coordenadora do Programa no Munic\u00edpio, a professora Andreia Furtado Ferreira.<\/div>\n<\/div>\n<div class=\"x11i5rnm xat24cr x1mh8g0r x1vvkbs xtlvy1s x126k92a\">\n<div dir=\"auto\">O Programa acontece em regime de colabora\u00e7\u00e3o entre Estado e Munic\u00edpio.<\/div>\n<div dir=\"auto\"><a class=\"x1i10hfl xjbqb8w x6umtig x1b1mbwd xaqea5y xav7gou x9f619 x1ypdohk xt0psk2 xe8uvvx xdj266r x11i5rnm xat24cr x1mh8g0r xexx8yu x4uap5 x18d9i69 xkhd6sd x16tdsg8 x1hl2dhg xggy1nq x1a2a7pz xt0b8zv x1qq9wsj xo1l8bm\" tabindex=\"0\" role=\"link\" href=\"https:\/\/www.facebook.com\/hashtag\/educa%C3%A7%C3%A3o?__eep__=6&amp;__cft__[0]=AZVJ8FCQuSppQWtzDHFKILH6qrSHffG4dnKetMtwTaT-sYladETbiptvX7tMLRJmW11Uk_1Yqy0Bydl-aJ5t9vRULawiDXUTvwAq4U6tJPTRp8uKiqdoS8gFO_EoapW1LED4pi8B2ztzQzqbgE14RYJ0QZjXdXrriLOAdDZIfL-Cz7SPmcJNjigc60CepFQMOe4&amp;__tn__=*NK-R\">#educa\u00e7\u00e3o<\/a> <a class=\"x1i10hfl xjbqb8w x6umtig x1b1mbwd xaqea5y xav7gou x9f619 x1ypdohk xt0psk2 xe8uvvx xdj266r x11i5rnm xat24cr x1mh8g0r xexx8yu x4uap5 x18d9i69 xkhd6sd x16tdsg8 x1hl2dhg xggy1nq x1a2a7pz xt0b8zv x1qq9wsj xo1l8bm\" tabindex=\"0\" role=\"link\" href=\"https:\/\/www.facebook.com\/hashtag\/governodoestado?__eep__=6&amp;__cft__[0]=AZVJ8FCQuSppQWtzDHFKILH6qrSHffG4dnKetMtwTaT-sYladETbiptvX7tMLRJmW11Uk_1Yqy0Bydl-aJ5t9vRULawiDXUTvwAq4U6tJPTRp8uKiqdoS8gFO_EoapW1LED4pi8B2ztzQzqbgE14RYJ0QZjXdXrriLOAdDZIfL-Cz7SPmcJNjigc60CepFQMOe4&amp;__tn__=*NK-R\">#governodoestado<\/a><\/div>\n<\/div>\n","protected":false},"excerpt":{"rendered":"<p>Na \u00faltima segunda-feira (17\/4), a secret\u00e1ria municipal de Educa\u00e7\u00e3o, Cultura, Esporte e Turismo de Figueir\u00e3o, Luciane Aimi, recebeu a visita das articuladoras regionais da Coordenadoria Regional de Educa\u00e7\u00e3o de Coxim, Elaine Maria da Costa Freitas e Ma\u00edra Quevedo, no intuito de fortalecer as a\u00e7\u00f5es do Programa MS Alfabetiza. O Programa MS Alfabetiza tem por finalidade [&hellip;]<\/p>\n","protected":false},"author":4,"featured_media":237408,"comment_status":"closed","ping_status":"closed","sticky":false,"template":"","format":"standard","meta":{"footnotes":""},"categories":[30],"tags":[],"class_list":["post-237407","post","type-post","status-publish","format-standard","has-post-thumbnail","hentry","category-figueirao"],"_links":{"self":[{"href":"https:\/\/www.ocorreionews.com.br\/acervo-correio\/index.php?rest_route=\/wp\/v2\/posts\/237407","targetHints":{"allow":["GET"]}}],"collection":[{"href":"https:\/\/www.ocorreionews.com.br\/acervo-correio\/index.php?rest_route=\/wp\/v2\/posts"}],"about":[{"href":"https:\/\/www.ocorreionews.com.br\/acervo-correio\/index.php?rest_route=\/wp\/v2\/types\/post"}],"author":[{"embeddable":true,"href":"https:\/\/www.ocorreionews.com.br\/acervo-correio\/index.php?rest_route=\/wp\/v2\/users\/4"}],"replies":[{"embeddable":true,"href":"https:\/\/www.ocorreionews.com.br\/acervo-correio\/index.php?rest_route=%2Fwp%2Fv2%2Fcomments&post=237407"}],"version-history":[{"count":1,"href":"https:\/\/www.ocorreionews.com.br\/acervo-correio\/index.php?rest_route=\/wp\/v2\/posts\/237407\/revisions"}],"predecessor-version":[{"id":237410,"href":"https:\/\/www.ocorreionews.com.br\/acervo-correio\/index.php?rest_route=\/wp\/v2\/posts\/237407\/revisions\/237410"}],"wp:featuredmedia":[{"embeddable":true,"href":"https:\/\/www.ocorreionews.com.br\/acervo-correio\/index.php?rest_route=\/wp\/v2\/media\/237408"}],"wp:attachment":[{"href":"https:\/\/www.ocorreionews.com.br\/acervo-correio\/index.php?rest_route=%2Fwp%2Fv2%2Fmedia&parent=237407"}],"wp:term":[{"taxonomy":"category","embeddable":true,"href":"https:\/\/www.ocorreionews.com.br\/acervo-correio\/index.php?rest_route=%2Fwp%2Fv2%2Fcategories&post=237407"},{"taxonomy":"post_tag","embeddable":true,"href":"https:\/\/www.ocorreionews.com.br\/acervo-correio\/index.php?rest_route=%2Fwp%2Fv2%2Ftags&post=237407"}],"curies":[{"name":"wp","href":"https:\/\/api.w.org\/{rel}","templated":true}]}}