{"id":237411,"date":"2023-04-19T15:34:34","date_gmt":"2023-04-19T19:34:34","guid":{"rendered":"https:\/\/www.ocorreionews.com.br\/acervo-correio\/?p=237411"},"modified":"2023-04-19T15:34:34","modified_gmt":"2023-04-19T19:34:34","slug":"lula-assina-projeto-que-fixa-piso-salarial-da-enfermagem-em-r-4-750","status":"publish","type":"post","link":"https:\/\/www.ocorreionews.com.br\/acervo-correio\/?p=237411","title":{"rendered":"LULA assina projeto que fixa piso salarial da enfermagem em R$ 4.750"},"content":{"rendered":"<div class=\"x11i5rnm xat24cr x1mh8g0r x1vvkbs xtlvy1s x126k92a\">\n<div dir=\"auto\">O presidente Luiz In\u00e1cio Lula da Silva (PT) assinou, nesta ter\u00e7a-feira (18\/4), um projeto de lei para regulamentar o piso salarial nacional da enfermagem. Aprovado pelo Congresso em 2022, o novo piso para os trabalhadores da categoria foi suspenso pelo Supremo Tribunal Federal (STF) em setembro do mesmo ano porque o texto n\u00e3o previa a origem dos recursos necess\u00e1rios para arcar com os reajustes no servi\u00e7o p\u00fablico.<\/div>\n<\/div>\n<div class=\"x11i5rnm xat24cr x1mh8g0r x1vvkbs xtlvy1s x126k92a\">\n<div dir=\"auto\">O PL assinado por Lula e enviado ao Congresso abre a previs\u00e3o or\u00e7ament\u00e1ria. A previs\u00e3o \u00e9 que o texto tramite em regime de urg\u00eancia na C\u00e2mara e no Senado.<\/div>\n<\/div>\n<div class=\"x11i5rnm xat24cr x1mh8g0r x1vvkbs xtlvy1s x126k92a\">\n<div dir=\"auto\">Pelo texto, o piso para enfermeiros ser\u00e1 de R$ 4.750; para t\u00e9cnicos de enfermagem ser\u00e1 de R$ 3.325, e para auxiliares e parteiras, de R$ 2.375. S\u00e3o os mesmo valores previstos na lei suspensa pelo STF.<\/div>\n<\/div>\n<div class=\"x11i5rnm xat24cr x1mh8g0r x1vvkbs xtlvy1s x126k92a\">\n<div dir=\"auto\">A ministra da Sa\u00fade, N\u00edsia Trindade, j\u00e1 havia afirmado, em mar\u00e7o, que o texto sairia em breve, mas ela tinha dito que seria por medida provis\u00f3ria (MP), e n\u00e3o por PL. O governo, por\u00e9m, tem enfrentado dificuldades para fazer avan\u00e7ar suas MPs por causa de um impasse entre os presidentes da C\u00e2mara, Arthur Lira (PP-AL), e Rodrigo Pacheco (PSD-MG), sobre o rito de tramita\u00e7\u00e3o.<\/div>\n<\/div>\n<div class=\"x11i5rnm xat24cr x1mh8g0r x1vvkbs xtlvy1s x126k92a\">\n<div dir=\"auto\">Em evento em S\u00e3o Paulo, N\u00edsia disse que faltavam \u201calguns ajustes\u201d no texto.<\/div>\n<\/div>\n<div class=\"x11i5rnm xat24cr x1mh8g0r x1vvkbs xtlvy1s x126k92a\">\n<div dir=\"auto\">\u201cA informa\u00e7\u00e3o que tenho \u00e9 de que dever\u00e1 sair em breve. Faltavam alguns ajustes que dizem respeito, principalmente, \u00e0 reparti\u00e7\u00e3o dos recursos que precisam ser mobilizados para dar conta desse piso em n\u00edvel nacional, com alguns fatores de corre\u00e7\u00e3o de desigualdades em fun\u00e7\u00e3o do PIB de estados e munic\u00edpios e car\u00eancias relacionadas a essas situa\u00e7\u00f5es econ\u00f4micas\u201d, explicou N\u00edsia, presente no an\u00fancio desta ter\u00e7a.<\/div>\n<\/div>\n<div class=\"x11i5rnm xat24cr x1mh8g0r x1vvkbs xtlvy1s x126k92a\">\n<div dir=\"auto\">Fonte: Metr\u00f3poles<\/div>\n<\/div>\n","protected":false},"excerpt":{"rendered":"<p>O presidente Luiz In\u00e1cio Lula da Silva (PT) assinou, nesta ter\u00e7a-feira (18\/4), um projeto de lei para regulamentar o piso salarial nacional da enfermagem. Aprovado pelo Congresso em 2022, o novo piso para os trabalhadores da categoria foi suspenso pelo Supremo Tribunal Federal (STF) em setembro do mesmo ano porque o texto n\u00e3o previa a [&hellip;]<\/p>\n","protected":false},"author":4,"featured_media":237414,"comment_status":"closed","ping_status":"closed","sticky":false,"template":"","format":"standard","meta":{"footnotes":""},"categories":[37,39],"tags":[],"class_list":["post-237411","post","type-post","status-publish","format-standard","has-post-thumbnail","hentry","category-politica","category-saude"],"_links":{"self":[{"href":"https:\/\/www.ocorreionews.com.br\/acervo-correio\/index.php?rest_route=\/wp\/v2\/posts\/237411","targetHints":{"allow":["GET"]}}],"collection":[{"href":"https:\/\/www.ocorreionews.com.br\/acervo-correio\/index.php?rest_route=\/wp\/v2\/posts"}],"about":[{"href":"https:\/\/www.ocorreionews.com.br\/acervo-correio\/index.php?rest_route=\/wp\/v2\/types\/post"}],"author":[{"embeddable":true,"href":"https:\/\/www.ocorreionews.com.br\/acervo-correio\/index.php?rest_route=\/wp\/v2\/users\/4"}],"replies":[{"embeddable":true,"href":"https:\/\/www.ocorreionews.com.br\/acervo-correio\/index.php?rest_route=%2Fwp%2Fv2%2Fcomments&post=237411"}],"version-history":[{"count":1,"href":"https:\/\/www.ocorreionews.com.br\/acervo-correio\/index.php?rest_route=\/wp\/v2\/posts\/237411\/revisions"}],"predecessor-version":[{"id":237415,"href":"https:\/\/www.ocorreionews.com.br\/acervo-correio\/index.php?rest_route=\/wp\/v2\/posts\/237411\/revisions\/237415"}],"wp:featuredmedia":[{"embeddable":true,"href":"https:\/\/www.ocorreionews.com.br\/acervo-correio\/index.php?rest_route=\/wp\/v2\/media\/237414"}],"wp:attachment":[{"href":"https:\/\/www.ocorreionews.com.br\/acervo-correio\/index.php?rest_route=%2Fwp%2Fv2%2Fmedia&parent=237411"}],"wp:term":[{"taxonomy":"category","embeddable":true,"href":"https:\/\/www.ocorreionews.com.br\/acervo-correio\/index.php?rest_route=%2Fwp%2Fv2%2Fcategories&post=237411"},{"taxonomy":"post_tag","embeddable":true,"href":"https:\/\/www.ocorreionews.com.br\/acervo-correio\/index.php?rest_route=%2Fwp%2Fv2%2Ftags&post=237411"}],"curies":[{"name":"wp","href":"https:\/\/api.w.org\/{rel}","templated":true}]}}