{"id":237473,"date":"2023-04-20T13:34:22","date_gmt":"2023-04-20T17:34:22","guid":{"rendered":"https:\/\/www.ocorreionews.com.br\/acervo-correio\/?p=237473"},"modified":"2023-04-20T13:34:22","modified_gmt":"2023-04-20T17:34:22","slug":"familia-acolhedora-chapadao-do-sul-teve-o-primeiro-acolhimento-programa-possibilita-manutencao-de-vinculos-afetivos","status":"publish","type":"post","link":"https:\/\/www.ocorreionews.com.br\/acervo-correio\/?p=237473","title":{"rendered":"FAM\u00cdLIA ACOLHEDORA &#8211; Chapad\u00e3o do Sul teve o primeiro acolhimento. Programa possibilita manuten\u00e7\u00e3o de v\u00ednculos afetivos"},"content":{"rendered":"<p>A Fam\u00edlia Acolhedora \u00e9 um importante programa de cunho social que come\u00e7ou\u00a0 a ser elaborado h\u00e1 quatro anos pelo prefeito Jo\u00e3o Carlos krug e a secret\u00e1ria de\u00a0 Assist\u00eancia Social Maria das Dores Zocal Krug. \u00c8 uma importante pol\u00edtica p\u00fablica do munic\u00edpio que atua durante o afastamento de uma crian\u00e7a ou adolescente do conv\u00edvio familiar de origem. \u00c9 a \u00faltima medida a ser tomada, depois que todas as alternativas de perman\u00eancia foram esgotadas.<\/p>\n<p>No entanto, sendo necess\u00e1rio, o acolhimento a Fam\u00edlia Acolhedora mostra-se mais vantajoso do que o simples acolhimento em institui\u00e7\u00f5es para a maioria das crian\u00e7as e adolescentes. Isto porque esta modalidade oferece: Atendimento personalizado e individualizado em ambiente familiar, permitindo a organiza\u00e7\u00e3o de uma rotina focada na crian\u00e7a e\/ou adolescente e n\u00e3o voltada ao funcionamento da ?institui\u00e7\u00e3o, com rotina coletiva.<\/p>\n<p>Proporciona estabelecimento de v\u00ednculos afetivos mais est\u00e1veis e pr\u00f3ximos com adultos de refer\u00eancia, favorecendo seu desenvolvimento de forma saud\u00e1vel. Viabiliza acesso \u00e0 conviv\u00eancia comunit\u00e1ria e, consequentemente, uma maior possibilidade de vivenciar v\u00ednculos com a sociedade de modo geral.<\/p>\n<p>O Programa Fam\u00edlia Acolhedora teve como grande incentivador o Juiz da 1\u00aa Vara de Justi\u00e7a, Dr S\u00edlvio Prado.\u00a0 \u00a0 Tem a finalidade de garantir as crian\u00e7as e adolescentes em situa\u00e7\u00e3o de risco e que necessitem de prote\u00e7\u00e3o o acolhimento provis\u00f3rio por Fam\u00edlias Acolhedoras, respeitando o seu direito constitucional \u00e0 conviv\u00eancia em ambiente familiar e social.\u00a0 \u00a0Est\u00e1 vinculado \u00e0 secretaria Municipal de Assist\u00eancia Social, atrav\u00e9s da prote\u00e7\u00e3o Especial de alta complexidade em parceria com o Poder Judici\u00e1rio e Minist\u00e9rio P\u00fablico.<\/p>\n<p>A equipe do programa \u00e9 composta pela Coordenadora\u00a0 \u00a0\u00e9\u00a0 assistente social Vera Suely Goulart e equipe t\u00e9cnica da alta complexidade com a assistente social V\u00e2nia Grudka e a psic\u00f3loga Karla Cardoso Costa Lima, respons\u00e1veis por acompanhar e dar todo suporte\u00a0 psicossocial para a fam\u00edlia acolhedora na garantia dos\u00a0 direitos fundamentais da crian\u00e7a\u00a0 e fortalecimento de v\u00ednculos com a fam\u00edlia de origem garantindo a reintegra\u00e7\u00e3o\u00a0 familiar.<\/p>\n<p>&nbsp;<\/p>\n<p>*Assecom PMCS<\/p>\n","protected":false},"excerpt":{"rendered":"<p>A Fam\u00edlia Acolhedora \u00e9 um importante programa de cunho social que come\u00e7ou\u00a0 a ser elaborado h\u00e1 quatro anos pelo prefeito Jo\u00e3o Carlos krug e a secret\u00e1ria de\u00a0 Assist\u00eancia Social Maria das Dores Zocal Krug. \u00c8 uma importante pol\u00edtica p\u00fablica do munic\u00edpio que atua durante o afastamento de uma crian\u00e7a ou adolescente do conv\u00edvio familiar de [&hellip;]<\/p>\n","protected":false},"author":5,"featured_media":237476,"comment_status":"closed","ping_status":"closed","sticky":false,"template":"","format":"standard","meta":{"footnotes":""},"categories":[23],"tags":[],"class_list":["post-237473","post","type-post","status-publish","format-standard","has-post-thumbnail","hentry","category-chapadao-do-sul"],"_links":{"self":[{"href":"https:\/\/www.ocorreionews.com.br\/acervo-correio\/index.php?rest_route=\/wp\/v2\/posts\/237473","targetHints":{"allow":["GET"]}}],"collection":[{"href":"https:\/\/www.ocorreionews.com.br\/acervo-correio\/index.php?rest_route=\/wp\/v2\/posts"}],"about":[{"href":"https:\/\/www.ocorreionews.com.br\/acervo-correio\/index.php?rest_route=\/wp\/v2\/types\/post"}],"author":[{"embeddable":true,"href":"https:\/\/www.ocorreionews.com.br\/acervo-correio\/index.php?rest_route=\/wp\/v2\/users\/5"}],"replies":[{"embeddable":true,"href":"https:\/\/www.ocorreionews.com.br\/acervo-correio\/index.php?rest_route=%2Fwp%2Fv2%2Fcomments&post=237473"}],"version-history":[{"count":1,"href":"https:\/\/www.ocorreionews.com.br\/acervo-correio\/index.php?rest_route=\/wp\/v2\/posts\/237473\/revisions"}],"predecessor-version":[{"id":237479,"href":"https:\/\/www.ocorreionews.com.br\/acervo-correio\/index.php?rest_route=\/wp\/v2\/posts\/237473\/revisions\/237479"}],"wp:featuredmedia":[{"embeddable":true,"href":"https:\/\/www.ocorreionews.com.br\/acervo-correio\/index.php?rest_route=\/wp\/v2\/media\/237476"}],"wp:attachment":[{"href":"https:\/\/www.ocorreionews.com.br\/acervo-correio\/index.php?rest_route=%2Fwp%2Fv2%2Fmedia&parent=237473"}],"wp:term":[{"taxonomy":"category","embeddable":true,"href":"https:\/\/www.ocorreionews.com.br\/acervo-correio\/index.php?rest_route=%2Fwp%2Fv2%2Fcategories&post=237473"},{"taxonomy":"post_tag","embeddable":true,"href":"https:\/\/www.ocorreionews.com.br\/acervo-correio\/index.php?rest_route=%2Fwp%2Fv2%2Ftags&post=237473"}],"curies":[{"name":"wp","href":"https:\/\/api.w.org\/{rel}","templated":true}]}}