{"id":237488,"date":"2023-04-20T15:26:52","date_gmt":"2023-04-20T19:26:52","guid":{"rendered":"https:\/\/www.ocorreionews.com.br\/acervo-correio\/?p=237488"},"modified":"2023-05-03T16:31:48","modified_gmt":"2023-05-03T20:31:48","slug":"sindicato-rural-divulga-cartaz-oficial-e-programacao-da-29a-exposul","status":"publish","type":"post","link":"https:\/\/www.ocorreionews.com.br\/acervo-correio\/?p=237488","title":{"rendered":"Sindicato Rural divulga cartaz oficial e premia\u00e7\u00e3o da 29\u00aa Exposul"},"content":{"rendered":"<p>A diretoria do Sindicato Rural de Chapad\u00e3o do Sul divulgou na tarde desta quinta-feira (20), o cartaz oficial da 29\u00aa Exposul \u2013 Exposi\u00e7\u00e3o Agropecu\u00e1ria e Industrial de Chapad\u00e3o do Sul.<\/p>\n<p>A 29\u00aa Exposul que acontecer\u00e1 nos dias 07 a 11 de junho de 2023, marcar\u00e1 um novo marco para festa, como vem sendo chamada a NOVA EXPOSUL, pois o recinto de exposi\u00e7\u00e3o receber\u00e1 grandes mudan\u00e7as e moderniza\u00e7\u00e3o na sua infraestrutura.<\/p>\n<p>A grande\u00a0novidade para este ano ser\u00e1 uma arena rodeio-show, onde o espectador vai poder assistir aos shows de dentro da arena ou sentados nas arquibancadas. \u00a0Ser\u00e1 constru\u00edda uma nova entrada pela Avenida Goi\u00e1s, tamb\u00e9m um novo portal na entrada principal que fica na Rua Brasil, nova pra\u00e7a de alimenta\u00e7\u00e3o, amplia\u00e7\u00e3o de banheiro feminino, amplia\u00e7\u00e3o da boate Rancho Drinks e os nos camarotes vai ter novidade, como um camarote universit\u00e1rio\u00a0e tamb\u00e9m um <em>preimium<\/em> s\u00e3o algumas das mudan\u00e7as que o participante da EXPOSUL, ira ver esse ano.<\/p>\n<div style=\"width: 848px;\" class=\"wp-video\"><!--[if lt IE 9]><script>document.createElement('video');<\/script><![endif]-->\n<video class=\"wp-video-shortcode\" id=\"video-237488-1\" width=\"848\" height=\"480\" preload=\"metadata\" controls=\"controls\"><source type=\"video\/mp4\" src=\"https:\/\/www.ocorreionews.com.br\/acervo-correio\/wp-content\/uploads\/2023\/03\/WhatsApp-Video-2023-03-11-at-09.47.17.mp4?_=1\" \/><a href=\"https:\/\/www.ocorreionews.com.br\/acervo-correio\/wp-content\/uploads\/2023\/03\/WhatsApp-Video-2023-03-11-at-09.47.17.mp4\">https:\/\/www.ocorreionews.com.br\/acervo-correio\/wp-content\/uploads\/2023\/03\/WhatsApp-Video-2023-03-11-at-09.47.17.mp4<\/a><\/video><\/div>\n<p>&nbsp;<\/p>\n<p><strong>Shows <\/strong><\/p>\n<p>Foi montada uma grade de shows com artistas renomados, confira abaixo:<\/p>\n<ul>\n<li>Dia 07\/06 \u2013 Quarta-feira (V\u00e9spera de Feriado): Guilherme &amp; Benuto<br \/>\n\u2022 Dia 08\/06 \u2013 Quinta-feira (Feriado de Corpus Christi): Israel &amp; Rodolfo<br \/>\n\u2022 Dia 09\/06 \u2013 Sextas-feiras: Fernando &amp; Sorocaba<br \/>\n\u2022 Dia 10\/06 \u2013 S\u00e1bado: Projeto Boate Azul com as duplas Gian &amp; Giovani e Edson &amp; Hudson<br \/>\n\u2022 Dia 11\/06 \u2013 Domingo: Final do rodeio profissional, queima de fogos e apresenta\u00e7\u00e3o do piloto de Motocross estilo livre de manobras radicais Joaninha.<\/li>\n<\/ul>\n<p><img loading=\"lazy\" decoding=\"async\" class=\"aligncenter\" src=\"https:\/\/www.ocorreionews.com.br\/acervo-correio\/wp-content\/uploads\/2023\/03\/exposul-shows-copia.jpg\" width=\"599\" height=\"405\" \/><\/p>\n<p><strong>Rodeio <\/strong><\/p>\n<p>Com uma premia\u00e7\u00e3o de mais de R$100 mil, o rodeio da 29\u00aa Exposul promete ser uma das maiores competi\u00e7\u00f5es de rodeio do pa\u00eds, onde as principais boiadas e tropas estar\u00e3o presentes no evento. A narra\u00e7\u00e3o ser\u00e1 de Helinho Para\u00edso e Luciano Lenes.<\/p>\n<p>A premia\u00e7\u00e3o do rodeio em Touros:<\/p>\n<ul>\n<li>1\u00b0 Colocado &#8211; R$25.000,00<\/li>\n<li>2\u00b0 Colocado &#8211; R$12.500,00<\/li>\n<li>3\u00b0 Colocado &#8211; R$8.000,00<\/li>\n<li>4\u00b0 Colocado &#8211; R$6.500,00<\/li>\n<li>5\u00b0 Colocado &#8211; R$5.000,00<\/li>\n<\/ul>\n<p>A premia\u00e7\u00e3o do rodeio em Cavalos:<\/p>\n<ul>\n<li>1\u00b0 Colocado &#8211; R$22.000,00<\/li>\n<li>2\u00b0 Colocado &#8211; R$11.500,00<\/li>\n<li>3\u00b0 Colocado &#8211; R$7.000,00<\/li>\n<li>4\u00b0 Colocado &#8211; R$6.000,00<\/li>\n<li>5\u00b0 Colocado &#8211; R$5.000,00<\/li>\n<\/ul>\n<p><strong>Palestra<\/strong><\/p>\n<p>No dia 08 de junho acontecer\u00e1 duas grandes palestras, a Senadora e ex Ministra da Agricultura Tereza Cristina e o comentarista e apresentador Caio Coppolla, com entrada gratuita no Sal\u00e3o de Eventos do Sindicato Rural.<\/p>\n<p><strong>16\u00aa Expodog<\/strong><\/p>\n<p>Na 29\u00aa Exposul, acontecer\u00e1 a 16\u00aa Expodog, organizada pelo Sindicato Rural e\u00a0 Prefeitura de Chapad\u00e3o do Sul atrav\u00e9s da SEDEMA, Secret\u00e1ria de Desenvolvimento e Meio Ambiente e o Sindicato Rural.<\/p>\n<p>Vale ressaltar que o evento n\u00e3o \u00e9 uma competi\u00e7\u00e3o, e sim um desfile para valorizar os animais, fazendo uma intera\u00e7\u00e3o entre a comunidade que ama e cuida destes animais de estima\u00e7\u00f5es.<\/p>\n<p><strong>Leil\u00f5es<\/strong><\/p>\n<p>No dia 08 de junho a partir das 13 horas (MS) \u2013 Integra\u00e7\u00e3o Lavoura e Corte \u2013 Gado de Corte. No dia 10 de junho 13 horas (MS) \u2013 Pecu\u00e1ria Forte<\/p>\n<p><strong>Candidatas a Rainha da 29\u00aa Exposul<\/strong><\/p>\n<p>A Rede Feminina de Combate ao C\u00e2ncer \u00e9 a entidade respons\u00e1vel e beneficiada com o Concurso da Rainha da EXPOSUL. S\u00e3o tr\u00eas garotas que disputar\u00e3o o cargo. Aquela que conseguir vender maior n\u00famero de votos receber\u00e1 a faixa de rainha da festa. Em segundo lugar ser\u00e1 a Princesa e a terceira colocada a 2\u00aa Princesa.<\/p>\n<p>Veja abaixo a ficha e o motivo de cada uma das candidatas em participar do concurso:<\/p>\n<figure class=\"wp-block-image size-large is-resized\"><img loading=\"lazy\" decoding=\"async\" class=\"wp-image-40300\" src=\"https:\/\/jovemsulnews.com.br\/wp-content\/uploads\/2023\/04\/EMANOELLY.jpg\" sizes=\"auto, (max-width: 250px) 100vw, 250px\" srcset=\"https:\/\/jovemsulnews.com.br\/wp-content\/uploads\/2023\/04\/EMANOELLY.jpg 533w, https:\/\/jovemsulnews.com.br\/wp-content\/uploads\/2023\/04\/EMANOELLY-200x300.jpg 200w, https:\/\/jovemsulnews.com.br\/wp-content\/uploads\/2023\/04\/EMANOELLY-153x229.jpg 153w, https:\/\/jovemsulnews.com.br\/wp-content\/uploads\/2023\/04\/EMANOELLY-193x290.jpg 193w\" alt=\"\" width=\"250\" height=\"375\" \/><\/figure>\n<p>Emanoelly Kristium Moraes, 15 anos.<br \/>\nFilha de: Clovis Jairo Moraes e de Debora Regina Kristium.<br \/>\nEstuda na Escola Jorge Amado.<br \/>\nPadrinhos: Gilmar Oliveira e Daiane Kristium.<br \/>\nParticipa do concurso para ajudar a causa da Rede Feminina de Combate ao C\u00e2ncer.<\/p>\n<figure class=\"wp-block-image size-large is-resized\"><img loading=\"lazy\" decoding=\"async\" class=\"wp-image-40301\" src=\"https:\/\/jovemsulnews.com.br\/wp-content\/uploads\/2023\/04\/LETICIA.jpg\" sizes=\"auto, (max-width: 254px) 100vw, 254px\" srcset=\"https:\/\/jovemsulnews.com.br\/wp-content\/uploads\/2023\/04\/LETICIA.jpg 533w, https:\/\/jovemsulnews.com.br\/wp-content\/uploads\/2023\/04\/LETICIA-200x300.jpg 200w, https:\/\/jovemsulnews.com.br\/wp-content\/uploads\/2023\/04\/LETICIA-153x229.jpg 153w, https:\/\/jovemsulnews.com.br\/wp-content\/uploads\/2023\/04\/LETICIA-193x290.jpg 193w\" alt=\"\" width=\"254\" height=\"381\" \/><\/figure>\n<p>Let\u00edcia de Oliveira Machado, 16 anos.<br \/>\nFilha de: Leandro Marcelo Machado e de Lucia Auto de Oliveira.<br \/>\nEstuda na Escola Jorge Amado.<br \/>\nPadrinhos -Nathan da Silva Feitosa e Lorena da Silva Abreu<br \/>\nParticipa do concurso porque gosto muito do mundo country, sempre foi um sonho ser candidata e poss\u00edvel Rainha. Sem contar que ajudar \u00e9 sempre bom. Quero concorrer para estar ajudando na causa da Rede Feminina de Combate ao C\u00e2ncer.<\/p>\n<figure class=\"wp-block-image size-large is-resized\"><img loading=\"lazy\" decoding=\"async\" class=\"wp-image-40302\" src=\"https:\/\/jovemsulnews.com.br\/wp-content\/uploads\/2023\/04\/LAIZA.jpg\" sizes=\"auto, (max-width: 269px) 100vw, 269px\" srcset=\"https:\/\/jovemsulnews.com.br\/wp-content\/uploads\/2023\/04\/LAIZA.jpg 533w, https:\/\/jovemsulnews.com.br\/wp-content\/uploads\/2023\/04\/LAIZA-200x300.jpg 200w, https:\/\/jovemsulnews.com.br\/wp-content\/uploads\/2023\/04\/LAIZA-153x229.jpg 153w, https:\/\/jovemsulnews.com.br\/wp-content\/uploads\/2023\/04\/LAIZA-193x290.jpg 193w\" alt=\"\" width=\"269\" height=\"404\" \/><\/figure>\n<p>Laiza Eduarda Loureiro Martins Friz\u00e3o, 17 anos.<br \/>\nFilha de: Valmor Friz\u00e3o e Cristiane Jardim Loureiro.<br \/>\nEstuda na Escola Jorge Amado.<br \/>\nPadrinhos: Ronaldo Jos\u00e9 Wosnei e Edna Loureiro.<br \/>\nParticipo do concurso porque gosto muito do mundo country e sempre foi um sonho ser candidata e poss\u00edvel rainha. Sem contar que ajudar \u00e9 sempre bom, quero concorrer para estar ajudando na causa da Rede Feminina de Combate ao C\u00e2ncer.<\/p>\n<p><strong>Credencial a Venda<\/strong><\/p>\n<p>As credencias poder\u00e3o ser adquiridas em v\u00e1rios pontos de venda autorizados pelo Sindicato Rural para a maior feira da regi\u00e3o.<\/p>\n<p><strong>A Credencial est\u00e1 sendo vendida no valor \u00e9 de R$220,00, podendo ser dividido em at\u00e9 3x no cart\u00e3o de cr\u00e9dito<\/strong>, a credencial permite o acesso livre durante todos os dias da feira, que ocorrer\u00e1 de 07 a 11 de junho de 2023.<\/p>\n<p>Os pontos de venda autorizados s\u00e3o:<\/p>\n<ul>\n<li>Drogaria Chapad\u00e3o, localizada na Rua Curi\u00f3s, N\u00ba 267, Bairro Esplanada III.<\/li>\n<li>Fast Compras, localizada na Avenida Oito, N\u00ba 918, Bairro Centro.<\/li>\n<li>Sindicato Rural, localizado na Avenida Brasil Leste, N\u00ba 853, Bairro Flamboyant.<\/li>\n<li>Loggi Cell, localizada na Avenida Goi\u00e1s, N\u00ba 719, Bairro Sibipiruna.<\/li>\n<li>Rede Minas Farma, localizada na Avenida Oito, N\u00ba 761, Bairro Centro e Avenida Mato Grosso do Sul, N\u00ba 831, Bairro Flamboyant.<\/li>\n<\/ul>\n<p>A 29\u00aa Exposul \u00e9 uma realiza\u00e7\u00e3o do Sindicato Rural de Chapad\u00e3o do Sul, patroc\u00ednio SENAR\/MS, apoio de: SICREDI, Aprosoja, Governo de Mato Grosso do Sul, Prefeitura de Chapad\u00e3o do Sul, Ampasul, Famasul e Funda\u00e7\u00e3o Chapad\u00e3o.<\/p>\n<p><a href=\"https:\/\/www.ocorreionews.com.br\/acervo-correio\/wp-content\/uploads\/2023\/04\/Cartaz-Oficia-29a-Exposul.jpg\"><img loading=\"lazy\" decoding=\"async\" class=\"alignnone size-full wp-image-238852\" src=\"https:\/\/www.ocorreionews.com.br\/acervo-correio\/wp-content\/uploads\/2023\/04\/Cartaz-Oficia-29a-Exposul.jpg\" alt=\"\" width=\"1181\" height=\"1600\" srcset=\"https:\/\/www.ocorreionews.com.br\/acervo-correio\/wp-content\/uploads\/2023\/04\/Cartaz-Oficia-29a-Exposul.jpg 1181w, https:\/\/www.ocorreionews.com.br\/acervo-correio\/wp-content\/uploads\/2023\/04\/Cartaz-Oficia-29a-Exposul-221x300.jpg 221w, https:\/\/www.ocorreionews.com.br\/acervo-correio\/wp-content\/uploads\/2023\/04\/Cartaz-Oficia-29a-Exposul-756x1024.jpg 756w, https:\/\/www.ocorreionews.com.br\/acervo-correio\/wp-content\/uploads\/2023\/04\/Cartaz-Oficia-29a-Exposul-768x1040.jpg 768w, https:\/\/www.ocorreionews.com.br\/acervo-correio\/wp-content\/uploads\/2023\/04\/Cartaz-Oficia-29a-Exposul-1134x1536.jpg 1134w\" sizes=\"auto, (max-width: 1181px) 100vw, 1181px\" \/><\/a><\/p>\n","protected":false},"excerpt":{"rendered":"<p>A diretoria do Sindicato Rural de Chapad\u00e3o do Sul divulgou na tarde desta quinta-feira (20), o cartaz oficial da 29\u00aa Exposul \u2013 Exposi\u00e7\u00e3o Agropecu\u00e1ria e Industrial de Chapad\u00e3o do Sul. A 29\u00aa Exposul que acontecer\u00e1 nos dias 07 a 11 de junho de 2023, marcar\u00e1 um novo marco para festa, como vem sendo chamada a [&hellip;]<\/p>\n","protected":false},"author":5,"featured_media":238851,"comment_status":"closed","ping_status":"closed","sticky":false,"template":"","format":"standard","meta":{"footnotes":""},"categories":[23,41],"tags":[],"class_list":["post-237488","post","type-post","status-publish","format-standard","has-post-thumbnail","hentry","category-chapadao-do-sul","category-destaque"],"_links":{"self":[{"href":"https:\/\/www.ocorreionews.com.br\/acervo-correio\/index.php?rest_route=\/wp\/v2\/posts\/237488","targetHints":{"allow":["GET"]}}],"collection":[{"href":"https:\/\/www.ocorreionews.com.br\/acervo-correio\/index.php?rest_route=\/wp\/v2\/posts"}],"about":[{"href":"https:\/\/www.ocorreionews.com.br\/acervo-correio\/index.php?rest_route=\/wp\/v2\/types\/post"}],"author":[{"embeddable":true,"href":"https:\/\/www.ocorreionews.com.br\/acervo-correio\/index.php?rest_route=\/wp\/v2\/users\/5"}],"replies":[{"embeddable":true,"href":"https:\/\/www.ocorreionews.com.br\/acervo-correio\/index.php?rest_route=%2Fwp%2Fv2%2Fcomments&post=237488"}],"version-history":[{"count":1,"href":"https:\/\/www.ocorreionews.com.br\/acervo-correio\/index.php?rest_route=\/wp\/v2\/posts\/237488\/revisions"}],"predecessor-version":[{"id":238855,"href":"https:\/\/www.ocorreionews.com.br\/acervo-correio\/index.php?rest_route=\/wp\/v2\/posts\/237488\/revisions\/238855"}],"wp:featuredmedia":[{"embeddable":true,"href":"https:\/\/www.ocorreionews.com.br\/acervo-correio\/index.php?rest_route=\/wp\/v2\/media\/238851"}],"wp:attachment":[{"href":"https:\/\/www.ocorreionews.com.br\/acervo-correio\/index.php?rest_route=%2Fwp%2Fv2%2Fmedia&parent=237488"}],"wp:term":[{"taxonomy":"category","embeddable":true,"href":"https:\/\/www.ocorreionews.com.br\/acervo-correio\/index.php?rest_route=%2Fwp%2Fv2%2Fcategories&post=237488"},{"taxonomy":"post_tag","embeddable":true,"href":"https:\/\/www.ocorreionews.com.br\/acervo-correio\/index.php?rest_route=%2Fwp%2Fv2%2Ftags&post=237488"}],"curies":[{"name":"wp","href":"https:\/\/api.w.org\/{rel}","templated":true}]}}