{"id":237546,"date":"2023-04-20T16:10:08","date_gmt":"2023-04-20T20:10:08","guid":{"rendered":"https:\/\/www.ocorreionews.com.br\/acervo-correio\/?p=237546"},"modified":"2023-04-20T16:10:08","modified_gmt":"2023-04-20T20:10:08","slug":"alunos-de-costa-rica-se-mobilizam-pedindo-paz-nas-escolas-do-pais","status":"publish","type":"post","link":"https:\/\/www.ocorreionews.com.br\/acervo-correio\/?p=237546","title":{"rendered":"Alunos de Costa Rica se mobilizam pedindo paz nas escolas do pa\u00eds"},"content":{"rendered":"<div class=\"ntc_cont_descricao_noticia sw_txteditor\">\n<div>Nesta quinta-feira (20) o predominante azul do uniforme da REME (Rede Municipal de Ensino) deu lugar ao branco nas Escolas e Centros de Educa\u00e7\u00e3o Infantil de Costa Rica. A mudan\u00e7a trata-se uma mobiliza\u00e7\u00e3o, apoiada pela SEMED (Secretaria Municipal de Educa\u00e7\u00e3o) para pedir paz em todas as institui\u00e7\u00f5es de ensino do pa\u00eds.<\/p>\n<p>Al\u00e9m da roupa, bal\u00f5es e flores brancas dominaram o cen\u00e1rio, remetendo a inoc\u00eancia e a pureza que cada crian\u00e7a carrega em si. De forma ecum\u00eanica, a f\u00e9 tamb\u00e9m marcou o dia de com ora\u00e7\u00f5es, preces e momentos de sil\u00eancio em homenagem \u00e0s v\u00edtimas de ataques violentos em diversas regi\u00f5es do Brasil.<\/p><\/div>\n<div><img loading=\"lazy\" decoding=\"async\" class=\"imgcentraliza aligncenter\" src=\"https:\/\/www.costarica.ms.gov.br\/fotos\/5911ed0ae02adc788130725e203220d3.jpg\" alt=\"Foto Noticia Principal Grande\" width=\"601\" height=\"467\" \/><\/p>\n<p>\u201cMesmo sem nenhum caso registrado em nosso munic\u00edpio, a mobiliza\u00e7\u00e3o pelo fim da viol\u00eancia foi abra\u00e7ada de forma maci\u00e7a pela comunidade escolar costarriquense. O combate \u00e0 viol\u00eancia nas institui\u00e7\u00f5es de ensino \u00e9 um desafio que toda a sociedade brasileira deve assumir, articulando e somando esfor\u00e7os para que a escola seja, de fato, um ambiente de acolhimento permeado pela cultura de paz\u201d, ressaltou a secret\u00e1ria municipal de Educa\u00e7\u00e3o, Maria Almeida.<\/p>\n<p>A iniciativa tamb\u00e9m ganhou refor\u00e7o das for\u00e7as de seguran\u00e7a p\u00fablica do munic\u00edpio. Queridinhos dos alunos, os policiais circulam pelas institui\u00e7\u00f5es como verdadeiros her\u00f3is, sempre recepcionados com abra\u00e7os e sorrisos.<\/p><\/div>\n<div><img loading=\"lazy\" decoding=\"async\" class=\"imgcentraliza aligncenter\" src=\"https:\/\/www.costarica.ms.gov.br\/fotos\/7854988871dc20b54d037150ef8596ec.jpg\" alt=\"Foto Noticia Principal Grande\" width=\"599\" height=\"449\" \/><\/p>\n<p>De acordo com o comandante da Pol\u00edcia Militar de Costa Rica, 2\u00ba tenente Cl\u00e1udio Mendes, o Policiamento Escolar preventivo e ostensivo foi intensificado com a realiza\u00e7\u00e3o de moto patrulhamento nas institui\u00e7\u00f5es de ensino durante hor\u00e1rio de entrada e sa\u00edda dos alunos, bem como ampliado o patrulhamento com rondas externas e abordagens \u00e0 pessoas em atitudes suspeitas. O militar ainda destacou que os policiais visitaram todas as escolas nesta quinta-feira\u00a0e agradeceu o carinho com que s\u00e3o recebidos pela comunidade escolar.<\/p>\n<p>\u201cEsta presen\u00e7a aproximada visa aumentar a sensa\u00e7\u00e3o de seguran\u00e7a com o fornecimento de orienta\u00e7\u00f5es para um ambiente de ensino mais seguro. O intuito \u00e9 garantir a preserva\u00e7\u00e3o da ordem e tranquilizar as crian\u00e7as, adolescentes, os pais e os servidores que trabalham nas institui\u00e7\u00f5es\u201d, completou o comandante.<\/p><\/div>\n<div><\/div>\n<div><img loading=\"lazy\" decoding=\"async\" class=\"imgcentraliza aligncenter\" src=\"https:\/\/www.costarica.ms.gov.br\/fotos\/2798239b78360a2308a74542b7bf7ca5.jpg\" alt=\"Foto Noticia Principal Grande\" width=\"603\" height=\"452\" \/><img loading=\"lazy\" decoding=\"async\" class=\"imgcentraliza aligncenter\" src=\"https:\/\/www.costarica.ms.gov.br\/fotos\/b4a4ae2a23aeca29cf0880f49f20ea4a.jpg\" alt=\"Foto Noticia Principal Grande\" width=\"603\" height=\"452\" \/>\n<\/div>\n<\/div>\n<div class=\"ntc_area_info_noticia sw_lato\">\n<div>\n<div class=\"ntc_info_noticia\"><strong class=\"sw_lato_black\">Fonte: <\/strong>Assessoria de Comunica\u00e7\u00e3o,<b> <\/b>Angela Bezerra<\/div>\n<\/div>\n<\/div>\n","protected":false},"excerpt":{"rendered":"<p>Nesta quinta-feira (20) o predominante azul do uniforme da REME (Rede Municipal de Ensino) deu lugar ao branco nas Escolas e Centros de Educa\u00e7\u00e3o Infantil de Costa Rica. A mudan\u00e7a trata-se uma mobiliza\u00e7\u00e3o, apoiada pela SEMED (Secretaria Municipal de Educa\u00e7\u00e3o) para pedir paz em todas as institui\u00e7\u00f5es de ensino do pa\u00eds. Al\u00e9m da roupa, bal\u00f5es [&hellip;]<\/p>\n","protected":false},"author":5,"featured_media":237555,"comment_status":"closed","ping_status":"closed","sticky":false,"template":"","format":"standard","meta":{"footnotes":""},"categories":[25],"tags":[],"class_list":["post-237546","post","type-post","status-publish","format-standard","has-post-thumbnail","hentry","category-costa-rica"],"_links":{"self":[{"href":"https:\/\/www.ocorreionews.com.br\/acervo-correio\/index.php?rest_route=\/wp\/v2\/posts\/237546","targetHints":{"allow":["GET"]}}],"collection":[{"href":"https:\/\/www.ocorreionews.com.br\/acervo-correio\/index.php?rest_route=\/wp\/v2\/posts"}],"about":[{"href":"https:\/\/www.ocorreionews.com.br\/acervo-correio\/index.php?rest_route=\/wp\/v2\/types\/post"}],"author":[{"embeddable":true,"href":"https:\/\/www.ocorreionews.com.br\/acervo-correio\/index.php?rest_route=\/wp\/v2\/users\/5"}],"replies":[{"embeddable":true,"href":"https:\/\/www.ocorreionews.com.br\/acervo-correio\/index.php?rest_route=%2Fwp%2Fv2%2Fcomments&post=237546"}],"version-history":[{"count":1,"href":"https:\/\/www.ocorreionews.com.br\/acervo-correio\/index.php?rest_route=\/wp\/v2\/posts\/237546\/revisions"}],"predecessor-version":[{"id":237560,"href":"https:\/\/www.ocorreionews.com.br\/acervo-correio\/index.php?rest_route=\/wp\/v2\/posts\/237546\/revisions\/237560"}],"wp:featuredmedia":[{"embeddable":true,"href":"https:\/\/www.ocorreionews.com.br\/acervo-correio\/index.php?rest_route=\/wp\/v2\/media\/237555"}],"wp:attachment":[{"href":"https:\/\/www.ocorreionews.com.br\/acervo-correio\/index.php?rest_route=%2Fwp%2Fv2%2Fmedia&parent=237546"}],"wp:term":[{"taxonomy":"category","embeddable":true,"href":"https:\/\/www.ocorreionews.com.br\/acervo-correio\/index.php?rest_route=%2Fwp%2Fv2%2Fcategories&post=237546"},{"taxonomy":"post_tag","embeddable":true,"href":"https:\/\/www.ocorreionews.com.br\/acervo-correio\/index.php?rest_route=%2Fwp%2Fv2%2Ftags&post=237546"}],"curies":[{"name":"wp","href":"https:\/\/api.w.org\/{rel}","templated":true}]}}