{"id":237558,"date":"2023-04-20T16:15:15","date_gmt":"2023-04-20T20:15:15","guid":{"rendered":"https:\/\/www.ocorreionews.com.br\/acervo-correio\/?p=237558"},"modified":"2023-04-20T16:15:15","modified_gmt":"2023-04-20T20:15:15","slug":"policia-civil-evita-massacre-em-duas-escolas-e-uma-creche-em-mt","status":"publish","type":"post","link":"https:\/\/www.ocorreionews.com.br\/acervo-correio\/?p=237558","title":{"rendered":"Pol\u00edcia Civil evita massacre em duas escolas e uma creche em MT"},"content":{"rendered":"<div class=\"ak-post-content\">\n<p>A Pol\u00edcia Civil, por meio do N\u00facleo de Atendimento \u00e0 Mulher, Crian\u00e7a, Adolescente e Idoso da Delegacia de Lucas do Rio Verde, cumpriu na manh\u00e3 desta ter\u00e7a-feira (18.04), quatro mandados de busca e apreens\u00e3o domiciliar e encaminhamento de adolescentes para serem ouvidos em declara\u00e7\u00f5es sobre a atua\u00e7\u00e3o em poss\u00edveis ataques em escolas do munic\u00edpio, marcados para a pr\u00f3xima quinta-feira (20).<\/p>\n<p>A opera\u00e7\u00e3o tem como foco o combate \u00e0s situa\u00e7\u00f5es de amea\u00e7as de ataques nas escolas, sendo que, concomitantemente, a Promotoria de Justi\u00e7a j\u00e1 est\u00e1 realizando as audi\u00eancias dos menores. At\u00e9 o momento, 21 adolescentes j\u00e1 foram oitivados.<\/p>\n<p>Os mandados de busca e apreens\u00e3o foram decretados pela Justi\u00e7a com base em investiga\u00e7\u00f5es da Delegacia de Lucas do Rio Verde que identificaram adolescentes envolvidos no planejamento de um suposto massacre em duas escolas da cidade, que ocorreria no dia 20 de abril. Os menores tamb\u00e9m chegaram a cogitar a hip\u00f3tese de um terceiro ataque, em uma creche do munic\u00edpio.<\/p>\n<p>Diante dos levantamentos e da identifica\u00e7\u00e3o dos menores, a delegada Ana Carolinne Mortoza Lacerda Terra, representou pela expedi\u00e7\u00e3o de mandados de interna\u00e7\u00e3o e de busca e apreens\u00e3o domiciliar contra os adolescentes, com objetivo de apreender telefones, computadores, armas e outras objetos que poderiam estar relacionados aos poss\u00edveis atentados. Todavia, as interna\u00e7\u00f5es n\u00e3o foram deferidas de in\u00edcio.<\/p>\n<p>Tamb\u00e9m foram deferidas ordens de condu\u00e7\u00e3o dos menores \u00e0 delegacia para oitivas e acarea\u00e7\u00f5es. Durante a manh\u00e3, foram realizadas as oitivas dos adolescentes que tiveram o envolvimento identificado no planejamento dos poss\u00edveis mandados e tamb\u00e9m de outros menores por eles indicados.<\/p>\n<p>As buscas tiveram apoio dos Delegados Jo\u00e3o Ant\u00f4nio e Paulo Brambilla, bem como dos policiais da Unidade de Lucas do Rio Verde, resultando na apreens\u00e3o de um simulacro de arma de fogo, e diversos aparelhos celulares. No telefone de um dos adolescentes foram encontradas diversas fotos dele em posse de armamento pesado, al\u00e9m de informa\u00e7\u00f5es de uma poss\u00edvel rela\u00e7\u00e3o dele com uma fac\u00e7\u00e3o criminosa.<\/p>\n<p>Segundo a delegada Ana Carolinne, no decorrer da semana passada, mais de 10 adolescentes j\u00e1 tinham sido conduzidos \u00e0 delegacia, para serem ouvidos, muitos em posse de arma branca, partindo deste ponto da\u00ed, o levantamento das informa\u00e7\u00f5es.<\/p>\n<p>Durante os trabalhos, foram lavrados cinco Boletins Circunstanciados de Ocorr\u00eancia (BOCs), referentes \u00e0s amea\u00e7as e posse de arma branca, bem como instaurado um procedimento de apura\u00e7\u00e3o de ato infracional referente aos tipos penais do artigo 147 do CPB e do artigo 41 da LCP.<\/p>\n<p>\u201cNesse \u00faltimo procedimento, est\u00e1vamos apurando, ainda, a informa\u00e7\u00e3o de que um adolescente estaria cooptando outros menores na porta da escola, entregava uma faca para eles e combinava o que cada um deveria fazer, no dia do atentado, previsto para o dia 20 de abril\u201d, disse a delegada.<\/p>\n<p>As oitivas continuam em andamento e quando conclu\u00eddas, todo o procedimento ser\u00e1 encaminhado ao MP, para que haja a responsabiliza\u00e7\u00e3o dos adolescentes de forma mais c\u00e9lere poss\u00edvel. Os adolescentes dever\u00e3o responder pela pr\u00e1tica de atos infracionais.<\/p>\n<figure class=\"wp-block-gallery has-nested-images columns-default is-cropped wp-block-gallery-1 is-layout-flex\">\n<figure class=\"wp-block-image size-large\"><img loading=\"lazy\" decoding=\"async\" class=\"wp-image-4985\" src=\"https:\/\/www.jknoticias.com\/portal\/wp-content\/uploads\/2023\/04\/ARMA-CELULAR-3.jpg\" sizes=\"auto, (max-width: 369px) 100vw, 369px\" srcset=\"https:\/\/www.jknoticias.com\/portal\/wp-content\/uploads\/2023\/04\/ARMA-CELULAR-3.jpg 369w, https:\/\/www.jknoticias.com\/portal\/wp-content\/uploads\/2023\/04\/ARMA-CELULAR-3-169x300.jpg 169w\" alt=\"\" width=\"369\" height=\"656\" data-id=\"4985\" \/><\/figure>\n<figure class=\"wp-block-image size-large\"><img loading=\"lazy\" decoding=\"async\" class=\"wp-image-4987\" src=\"https:\/\/www.jknoticias.com\/portal\/wp-content\/uploads\/2023\/04\/ARMA-CELULAR.jpg\" sizes=\"auto, (max-width: 492px) 100vw, 492px\" srcset=\"https:\/\/www.jknoticias.com\/portal\/wp-content\/uploads\/2023\/04\/ARMA-CELULAR.jpg 492w, https:\/\/www.jknoticias.com\/portal\/wp-content\/uploads\/2023\/04\/ARMA-CELULAR-225x300.jpg 225w\" alt=\"\" width=\"492\" height=\"656\" data-id=\"4987\" \/><\/figure>\n<figure class=\"wp-block-image size-large\"><img loading=\"lazy\" decoding=\"async\" class=\"wp-image-4986\" src=\"https:\/\/www.jknoticias.com\/portal\/wp-content\/uploads\/2023\/04\/ARMA-CELULAR-2.jpg\" sizes=\"auto, (max-width: 492px) 100vw, 492px\" srcset=\"https:\/\/www.jknoticias.com\/portal\/wp-content\/uploads\/2023\/04\/ARMA-CELULAR-2.jpg 492w, https:\/\/www.jknoticias.com\/portal\/wp-content\/uploads\/2023\/04\/ARMA-CELULAR-2-225x300.jpg 225w\" alt=\"\" width=\"492\" height=\"656\" data-id=\"4986\" \/><\/figure>\n<\/figure>\n<p><strong>ASSESSORIA<\/strong><\/p>\n<\/div>\n","protected":false},"excerpt":{"rendered":"<p>A Pol\u00edcia Civil, por meio do N\u00facleo de Atendimento \u00e0 Mulher, Crian\u00e7a, Adolescente e Idoso da Delegacia de Lucas do Rio Verde, cumpriu na manh\u00e3 desta ter\u00e7a-feira (18.04), quatro mandados de busca e apreens\u00e3o domiciliar e encaminhamento de adolescentes para serem ouvidos em declara\u00e7\u00f5es sobre a atua\u00e7\u00e3o em poss\u00edveis ataques em escolas do munic\u00edpio, marcados [&hellip;]<\/p>\n","protected":false},"author":4,"featured_media":237566,"comment_status":"closed","ping_status":"closed","sticky":false,"template":"","format":"standard","meta":{"footnotes":""},"categories":[38],"tags":[],"class_list":["post-237558","post","type-post","status-publish","format-standard","has-post-thumbnail","hentry","category-policia"],"_links":{"self":[{"href":"https:\/\/www.ocorreionews.com.br\/acervo-correio\/index.php?rest_route=\/wp\/v2\/posts\/237558","targetHints":{"allow":["GET"]}}],"collection":[{"href":"https:\/\/www.ocorreionews.com.br\/acervo-correio\/index.php?rest_route=\/wp\/v2\/posts"}],"about":[{"href":"https:\/\/www.ocorreionews.com.br\/acervo-correio\/index.php?rest_route=\/wp\/v2\/types\/post"}],"author":[{"embeddable":true,"href":"https:\/\/www.ocorreionews.com.br\/acervo-correio\/index.php?rest_route=\/wp\/v2\/users\/4"}],"replies":[{"embeddable":true,"href":"https:\/\/www.ocorreionews.com.br\/acervo-correio\/index.php?rest_route=%2Fwp%2Fv2%2Fcomments&post=237558"}],"version-history":[{"count":1,"href":"https:\/\/www.ocorreionews.com.br\/acervo-correio\/index.php?rest_route=\/wp\/v2\/posts\/237558\/revisions"}],"predecessor-version":[{"id":237575,"href":"https:\/\/www.ocorreionews.com.br\/acervo-correio\/index.php?rest_route=\/wp\/v2\/posts\/237558\/revisions\/237575"}],"wp:featuredmedia":[{"embeddable":true,"href":"https:\/\/www.ocorreionews.com.br\/acervo-correio\/index.php?rest_route=\/wp\/v2\/media\/237566"}],"wp:attachment":[{"href":"https:\/\/www.ocorreionews.com.br\/acervo-correio\/index.php?rest_route=%2Fwp%2Fv2%2Fmedia&parent=237558"}],"wp:term":[{"taxonomy":"category","embeddable":true,"href":"https:\/\/www.ocorreionews.com.br\/acervo-correio\/index.php?rest_route=%2Fwp%2Fv2%2Fcategories&post=237558"},{"taxonomy":"post_tag","embeddable":true,"href":"https:\/\/www.ocorreionews.com.br\/acervo-correio\/index.php?rest_route=%2Fwp%2Fv2%2Ftags&post=237558"}],"curies":[{"name":"wp","href":"https:\/\/api.w.org\/{rel}","templated":true}]}}