{"id":237565,"date":"2023-04-20T16:20:43","date_gmt":"2023-04-20T20:20:43","guid":{"rendered":"https:\/\/www.ocorreionews.com.br\/acervo-correio\/?p=237565"},"modified":"2023-04-20T16:35:46","modified_gmt":"2023-04-20T20:35:46","slug":"diretoria-da-exposul-entrega-pessoalmente-convite-ao-deputado-paulo-correa","status":"publish","type":"post","link":"https:\/\/www.ocorreionews.com.br\/acervo-correio\/?p=237565","title":{"rendered":"Diretoria do Sindicato rural entrega pessoalmente convite da 29\u00aa Exposul ao deputado Paulo Corr\u00eaa"},"content":{"rendered":"<p>Nesta quinta-feira (20) o presidente do Sindicato Rural de Chapad\u00e3o do Sul, Walter Schilatter e o vice-presidente, Maiquel de Gasperi, estiveram no gabinete do primeiro secret\u00e1rio da Assembleia Legislativa de Mato Grosso do Sul, deputado Estadual, Paulo Corr\u00eaa (PSDB), entregando pessoalmente o convite e uma fivela personalizada da 29\u00aa Exposul, que acontece de 07 a 11 de junho, em Chapad\u00e3o do Sul.<\/p>\n<p><img loading=\"lazy\" decoding=\"async\" class=\"aligncenter\" src=\"https:\/\/www.bncnoticias.com.br\/arquivos\/img-uploads\/imagem_610.jpg\" width=\"601\" height=\"453\" \/><\/p>\n<p>Paulo Corr\u00eaa agradeceu a presen\u00e7a da diretoria, ao convite e ao mimo e confirmou presen\u00e7a no evento.<\/p>\n<p>O promotor de eventos e ex-vereador Elton Silva, tamb\u00e9m estava presente no gabinete do deputado e registrou foto lado da diretoria da Exposul.<\/p>\n<p>A 29\u00aa Exposul ser\u00e1 um dos melhores eventos j\u00e1 realizado pelo Sindicato Rural de Chapad\u00e3o do Sul. \u00c9 a maior feira agropecu\u00e1ria de Mato Grosso do Sul e uma das maiores do pa\u00eds.<\/p>\n<p>Haver\u00e3o exposi\u00e7\u00f5es, palestras t\u00e9cnicas, shows, rodeios em touros e cavalos, parque infantil, exposi\u00e7\u00f5es de m\u00e1quinas agr\u00edcolas e implementos e muitas oportunidades de \u00f3timos neg\u00f3cios.<\/p>\n<p><a href=\"https:\/\/www.ocorreionews.com.br\/acervo-correio\/wp-content\/uploads\/2023\/04\/Cartaz-Oficial-da-29a-Exposul.jpg\"><img loading=\"lazy\" decoding=\"async\" class=\"wp-image-237491 aligncenter\" src=\"https:\/\/www.ocorreionews.com.br\/acervo-correio\/wp-content\/uploads\/2023\/04\/Cartaz-Oficial-da-29a-Exposul.jpg\" alt=\"\" width=\"606\" height=\"821\" srcset=\"https:\/\/www.ocorreionews.com.br\/acervo-correio\/wp-content\/uploads\/2023\/04\/Cartaz-Oficial-da-29a-Exposul.jpg 1181w, https:\/\/www.ocorreionews.com.br\/acervo-correio\/wp-content\/uploads\/2023\/04\/Cartaz-Oficial-da-29a-Exposul-221x300.jpg 221w, https:\/\/www.ocorreionews.com.br\/acervo-correio\/wp-content\/uploads\/2023\/04\/Cartaz-Oficial-da-29a-Exposul-756x1024.jpg 756w, https:\/\/www.ocorreionews.com.br\/acervo-correio\/wp-content\/uploads\/2023\/04\/Cartaz-Oficial-da-29a-Exposul-768x1040.jpg 768w, https:\/\/www.ocorreionews.com.br\/acervo-correio\/wp-content\/uploads\/2023\/04\/Cartaz-Oficial-da-29a-Exposul-1134x1536.jpg 1134w\" sizes=\"auto, (max-width: 606px) 100vw, 606px\" \/><\/a><\/p>\n<p>&nbsp;<\/p>\n<p>*BNC Noticias<\/p>\n","protected":false},"excerpt":{"rendered":"<p>Nesta quinta-feira (20) o presidente do Sindicato Rural de Chapad\u00e3o do Sul, Walter Schilatter e o vice-presidente, Maiquel de Gasperi, estiveram no gabinete do primeiro secret\u00e1rio da Assembleia Legislativa de Mato Grosso do Sul, deputado Estadual, Paulo Corr\u00eaa (PSDB), entregando pessoalmente o convite e uma fivela personalizada da 29\u00aa Exposul, que acontece de 07 a [&hellip;]<\/p>\n","protected":false},"author":5,"featured_media":237569,"comment_status":"closed","ping_status":"closed","sticky":false,"template":"","format":"standard","meta":{"footnotes":""},"categories":[23],"tags":[],"class_list":["post-237565","post","type-post","status-publish","format-standard","has-post-thumbnail","hentry","category-chapadao-do-sul"],"_links":{"self":[{"href":"https:\/\/www.ocorreionews.com.br\/acervo-correio\/index.php?rest_route=\/wp\/v2\/posts\/237565","targetHints":{"allow":["GET"]}}],"collection":[{"href":"https:\/\/www.ocorreionews.com.br\/acervo-correio\/index.php?rest_route=\/wp\/v2\/posts"}],"about":[{"href":"https:\/\/www.ocorreionews.com.br\/acervo-correio\/index.php?rest_route=\/wp\/v2\/types\/post"}],"author":[{"embeddable":true,"href":"https:\/\/www.ocorreionews.com.br\/acervo-correio\/index.php?rest_route=\/wp\/v2\/users\/5"}],"replies":[{"embeddable":true,"href":"https:\/\/www.ocorreionews.com.br\/acervo-correio\/index.php?rest_route=%2Fwp%2Fv2%2Fcomments&post=237565"}],"version-history":[{"count":1,"href":"https:\/\/www.ocorreionews.com.br\/acervo-correio\/index.php?rest_route=\/wp\/v2\/posts\/237565\/revisions"}],"predecessor-version":[{"id":237577,"href":"https:\/\/www.ocorreionews.com.br\/acervo-correio\/index.php?rest_route=\/wp\/v2\/posts\/237565\/revisions\/237577"}],"wp:featuredmedia":[{"embeddable":true,"href":"https:\/\/www.ocorreionews.com.br\/acervo-correio\/index.php?rest_route=\/wp\/v2\/media\/237569"}],"wp:attachment":[{"href":"https:\/\/www.ocorreionews.com.br\/acervo-correio\/index.php?rest_route=%2Fwp%2Fv2%2Fmedia&parent=237565"}],"wp:term":[{"taxonomy":"category","embeddable":true,"href":"https:\/\/www.ocorreionews.com.br\/acervo-correio\/index.php?rest_route=%2Fwp%2Fv2%2Fcategories&post=237565"},{"taxonomy":"post_tag","embeddable":true,"href":"https:\/\/www.ocorreionews.com.br\/acervo-correio\/index.php?rest_route=%2Fwp%2Fv2%2Ftags&post=237565"}],"curies":[{"name":"wp","href":"https:\/\/api.w.org\/{rel}","templated":true}]}}