{"id":237573,"date":"2023-04-20T16:41:59","date_gmt":"2023-04-20T20:41:59","guid":{"rendered":"https:\/\/www.ocorreionews.com.br\/acervo-correio\/?p=237573"},"modified":"2023-04-20T16:41:59","modified_gmt":"2023-04-20T20:41:59","slug":"tomada-por-buracos-rodovia-que-liga-figueirao-a-camapua-vira-dor-de-cabeca-e-pista-de-obstaculos-para-motoristas","status":"publish","type":"post","link":"https:\/\/www.ocorreionews.com.br\/acervo-correio\/?p=237573","title":{"rendered":"Tomada por buracos, rodovia que liga Figueir\u00e3o a Camapu\u00e3 vira dor de cabe\u00e7a e &#8216;pista de obst\u00e1culos&#8217; para motoristas"},"content":{"rendered":"<p>A MS-436, no trecho que liga Camapu\u00e3 a Figueir\u00e3o, virou dor de cabe\u00e7a para motoristas que transitam pelos 120 km de rodovia. Isso por que a pista est\u00e1 &#8216;tomada&#8217; de buracos, com partes que nem parecem pavimentadas.<\/p>\n<p>Segundo o internauta que preferiu n\u00e3o se identificar, utiliza a via duas vezes por semana e descreveu a situa\u00e7\u00e3o como uma pista de obst\u00e1culo. &#8220;Desde dezembro de 2022 a rodovia encontra-se intransit\u00e1vel. H\u00e1 trechos que devemos trafegar na contram\u00e3o ou at\u00e9 desviar para o mato, pois n\u00e3o tem acostamento&#8221;, conta.<\/p>\n<p>&#8220;Utilizo a rodovia toda semana e constantemente presencio acidentes e carros quebrados devido aos buracos&#8221;, diz ele, que garante que o trecho mais cr\u00edtico \u00e9 pr\u00f3ximo ao distrito de Pontinha do Cocho.<\/p>\n<p>Inclusive, nesta quinta-feira (20), ao passar pelo local, encontrou uma carreta tombada no mato. O motivo do acidente teriam sido os buracos.<\/p>\n<p>O\u00a0 site\u00a0Midiamax questionou o Governo do Estado sobre a manuten\u00e7\u00e3o da via. Segundo eles, o trecho citado recebeu servi\u00e7os de tapa-buracos emergencial e tamb\u00e9m limpeza.<\/p>\n<p>&#8220;De forma permanente, rodovias estaduais pavimentadas e n\u00e3o pavimentadas de Mato Grosso do Sul passam por manuten\u00e7\u00e3o da Agesul atrav\u00e9s das resid\u00eancias regionais e tamb\u00e9m de empresas terceirizadas&#8221;, diz nota encaminhada \u00e0 reportagem.<\/p>\n<p><a href=\"https:\/\/www.ocorreionews.com.br\/acervo-correio\/wp-content\/uploads\/2023\/04\/ms-436-buracos-3.jpg\"><img loading=\"lazy\" decoding=\"async\" class=\"wp-image-237579 aligncenter\" src=\"https:\/\/www.ocorreionews.com.br\/acervo-correio\/wp-content\/uploads\/2023\/04\/ms-436-buracos-3.jpg\" alt=\"\" width=\"600\" height=\"450\" srcset=\"https:\/\/www.ocorreionews.com.br\/acervo-correio\/wp-content\/uploads\/2023\/04\/ms-436-buracos-3.jpg 1536w, https:\/\/www.ocorreionews.com.br\/acervo-correio\/wp-content\/uploads\/2023\/04\/ms-436-buracos-3-300x225.jpg 300w, https:\/\/www.ocorreionews.com.br\/acervo-correio\/wp-content\/uploads\/2023\/04\/ms-436-buracos-3-1024x768.jpg 1024w, https:\/\/www.ocorreionews.com.br\/acervo-correio\/wp-content\/uploads\/2023\/04\/ms-436-buracos-3-768x576.jpg 768w, https:\/\/www.ocorreionews.com.br\/acervo-correio\/wp-content\/uploads\/2023\/04\/ms-436-buracos-3-86x64.jpg 86w\" sizes=\"auto, (max-width: 600px) 100vw, 600px\" \/><\/a><\/p>\n<p><a href=\"https:\/\/www.ocorreionews.com.br\/acervo-correio\/wp-content\/uploads\/2023\/04\/ms-436-buracos-2.jpg\"><img loading=\"lazy\" decoding=\"async\" class=\"wp-image-237578 aligncenter\" src=\"https:\/\/www.ocorreionews.com.br\/acervo-correio\/wp-content\/uploads\/2023\/04\/ms-436-buracos-2.jpg\" alt=\"\" width=\"597\" height=\"465\" srcset=\"https:\/\/www.ocorreionews.com.br\/acervo-correio\/wp-content\/uploads\/2023\/04\/ms-436-buracos-2.jpg 796w, https:\/\/www.ocorreionews.com.br\/acervo-correio\/wp-content\/uploads\/2023\/04\/ms-436-buracos-2-300x234.jpg 300w, https:\/\/www.ocorreionews.com.br\/acervo-correio\/wp-content\/uploads\/2023\/04\/ms-436-buracos-2-768x598.jpg 768w\" sizes=\"auto, (max-width: 597px) 100vw, 597px\" \/><\/a> <a href=\"https:\/\/www.ocorreionews.com.br\/acervo-correio\/wp-content\/uploads\/2023\/04\/ms-436-buracos.jpg\"><img loading=\"lazy\" decoding=\"async\" class=\"wp-image-237580 aligncenter\" src=\"https:\/\/www.ocorreionews.com.br\/acervo-correio\/wp-content\/uploads\/2023\/04\/ms-436-buracos.jpg\" alt=\"\" width=\"602\" height=\"452\" srcset=\"https:\/\/www.ocorreionews.com.br\/acervo-correio\/wp-content\/uploads\/2023\/04\/ms-436-buracos.jpg 1536w, https:\/\/www.ocorreionews.com.br\/acervo-correio\/wp-content\/uploads\/2023\/04\/ms-436-buracos-300x225.jpg 300w, https:\/\/www.ocorreionews.com.br\/acervo-correio\/wp-content\/uploads\/2023\/04\/ms-436-buracos-1024x768.jpg 1024w, https:\/\/www.ocorreionews.com.br\/acervo-correio\/wp-content\/uploads\/2023\/04\/ms-436-buracos-768x576.jpg 768w, https:\/\/www.ocorreionews.com.br\/acervo-correio\/wp-content\/uploads\/2023\/04\/ms-436-buracos-86x64.jpg 86w\" sizes=\"auto, (max-width: 602px) 100vw, 602px\" \/><\/a><\/p>\n<p>&nbsp;<\/p>\n<p>*Midiamax &#8211; F\u00e1bio Oru\u00ea e Priscilla Peres &#8211; Fotos Internautas<\/p>\n","protected":false},"excerpt":{"rendered":"<p>A MS-436, no trecho que liga Camapu\u00e3 a Figueir\u00e3o, virou dor de cabe\u00e7a para motoristas que transitam pelos 120 km de rodovia. Isso por que a pista est\u00e1 &#8216;tomada&#8217; de buracos, com partes que nem parecem pavimentadas. Segundo o internauta que preferiu n\u00e3o se identificar, utiliza a via duas vezes por semana e descreveu a [&hellip;]<\/p>\n","protected":false},"author":5,"featured_media":237580,"comment_status":"closed","ping_status":"closed","sticky":false,"template":"","format":"standard","meta":{"footnotes":""},"categories":[30],"tags":[],"class_list":["post-237573","post","type-post","status-publish","format-standard","has-post-thumbnail","hentry","category-figueirao"],"_links":{"self":[{"href":"https:\/\/www.ocorreionews.com.br\/acervo-correio\/index.php?rest_route=\/wp\/v2\/posts\/237573","targetHints":{"allow":["GET"]}}],"collection":[{"href":"https:\/\/www.ocorreionews.com.br\/acervo-correio\/index.php?rest_route=\/wp\/v2\/posts"}],"about":[{"href":"https:\/\/www.ocorreionews.com.br\/acervo-correio\/index.php?rest_route=\/wp\/v2\/types\/post"}],"author":[{"embeddable":true,"href":"https:\/\/www.ocorreionews.com.br\/acervo-correio\/index.php?rest_route=\/wp\/v2\/users\/5"}],"replies":[{"embeddable":true,"href":"https:\/\/www.ocorreionews.com.br\/acervo-correio\/index.php?rest_route=%2Fwp%2Fv2%2Fcomments&post=237573"}],"version-history":[{"count":1,"href":"https:\/\/www.ocorreionews.com.br\/acervo-correio\/index.php?rest_route=\/wp\/v2\/posts\/237573\/revisions"}],"predecessor-version":[{"id":237581,"href":"https:\/\/www.ocorreionews.com.br\/acervo-correio\/index.php?rest_route=\/wp\/v2\/posts\/237573\/revisions\/237581"}],"wp:featuredmedia":[{"embeddable":true,"href":"https:\/\/www.ocorreionews.com.br\/acervo-correio\/index.php?rest_route=\/wp\/v2\/media\/237580"}],"wp:attachment":[{"href":"https:\/\/www.ocorreionews.com.br\/acervo-correio\/index.php?rest_route=%2Fwp%2Fv2%2Fmedia&parent=237573"}],"wp:term":[{"taxonomy":"category","embeddable":true,"href":"https:\/\/www.ocorreionews.com.br\/acervo-correio\/index.php?rest_route=%2Fwp%2Fv2%2Fcategories&post=237573"},{"taxonomy":"post_tag","embeddable":true,"href":"https:\/\/www.ocorreionews.com.br\/acervo-correio\/index.php?rest_route=%2Fwp%2Fv2%2Ftags&post=237573"}],"curies":[{"name":"wp","href":"https:\/\/api.w.org\/{rel}","templated":true}]}}