{"id":237630,"date":"2023-04-21T17:03:50","date_gmt":"2023-04-21T21:03:50","guid":{"rendered":"https:\/\/www.ocorreionews.com.br\/acervo-correio\/?p=237630"},"modified":"2023-04-21T17:03:50","modified_gmt":"2023-04-21T21:03:50","slug":"ms-aposta-no-cultivo-do-milho-para-industria-local-e-gerar-riqueza","status":"publish","type":"post","link":"https:\/\/www.ocorreionews.com.br\/acervo-correio\/?p=237630","title":{"rendered":"MS aposta no cultivo do milho para ind\u00fastria local e gerar riqueza"},"content":{"rendered":"<p>Um cen\u00e1rio otimista para o milho est\u00e1 se desenhando em Mato Grosso do Sul com a industrializa\u00e7\u00e3o. O Estado que j\u00e1 \u00e9 o segundo produtor de biocombust\u00edvel no pa\u00eds, ficando atr\u00e1s apenas do Mato Grosso, tem previs\u00e3o para ampliar ainda mais seu potencial interno.<\/p>\n<p>&#8220;N\u00f3s com uma planta somos o segundo em produ\u00e7\u00e3o de etanol de milho do pa\u00eds. E vamos ter a segunda planta em Maracaju sendo inaugurada em agosto, com previs\u00e3o de operar j\u00e1 em setembro. Redefinimos o mercado de milho no Estado\u201d, destacou o titular da Semadesc (Secretaria de Meio Ambiente, Desenvolvimento, Ci\u00eancia, Tecnologia e Inova\u00e7\u00e3o), Jaime Verruck.<\/p>\n<p>A previs\u00e3o para 2024 \u00e9 que Mato Grosso do Sul produza 10 milh\u00f5es de toneladas, sendo que parte dessa safra de milho, tr\u00eas milh\u00f5es, seja absorvida nessas empresas de etanol. Com o mercado industrial interno em alta, o milho processado se torna um produto final com valor agregado.<\/p>\n<figure style=\"width: 600px\" class=\"wp-caption aligncenter\"><img loading=\"lazy\" decoding=\"async\" class=\"img-fluid\" src=\"https:\/\/cdn6.campograndenews.com.br\/uploads\/noticias\/2023\/04\/21\/37yu7xlmcyqso.jpeg\" sizes=\"auto, (min-width: 1024px) calc(.5 * (100vw - 21.875em)), 100vw\" srcset=\"https:\/\/cdn6.campograndenews.com.br\/uploads\/noticias\/2023\/04\/21\/2q1ml6wy5kg0o.jpeg 1024w, https:\/\/cdn6.campograndenews.com.br\/uploads\/noticias\/2023\/04\/21\/w1hje81ff0qh.jpeg 640w, https:\/\/cdn6.campograndenews.com.br\/uploads\/noticias\/2023\/04\/21\/37yu7xlmcyqso.jpeg 320w\" alt=\"Secret\u00e1rio de Estado de Meio Ambiente, Desenvolvimento, Ci\u00eancia, Tecnologia e Inova\u00e7\u00e3o, Jaime Verruck, durante palestra na Expogrande. (Foto: Assessoria de imprensa)\" width=\"600\" height=\"399\" \/><figcaption class=\"wp-caption-text\">Secret\u00e1rio de Estado de Meio Ambiente, Desenvolvimento, Ci\u00eancia, Tecnologia e Inova\u00e7\u00e3o, Jaime Verruck, durante palestra na Expogrande. (Foto: Assessoria de imprensa)<\/figcaption><\/figure>\n<p>&nbsp;<\/p>\n<p>\u201cMato Grosso do Sul deixa de ter disponibilidade para exportar milho e passa a desenvolver essa cadeia produtiva de etanol. Lembrando que o biocombust\u00edvel de etanol gera etanol e leva DDGS (gr\u00e3os de destilaria secos com sol\u00faveis), um farelo de milho que \u00e9 utilizado para ra\u00e7\u00e3o animal, principalmente bovinocultura. E gera \u00f3leo de milho tamb\u00e9m\u201d, acrescentou Verruck.<\/p>\n<p>A Inpasa Brasil, anunciou nesta semana um investimento de R$ 400 milh\u00f5es na planta de Dourados para produ\u00e7\u00e3o de etanol neutro, utilizado em bebida, rem\u00e9dio, perfume, neutraliza\u00e7\u00e3o de etanol e tamb\u00e9m um \u00f3leo especial utilizado em f\u00e1rmacos.<\/p>\n<p>A meta do governo do Estado \u00e9 ter a partir do ano que vem a possibilidade de retirar tr\u00eas milh\u00f5es de toneladas que seriam exportadas, para ser processadas aqui. Desta forma, tem incentivado a produ\u00e7\u00e3o do gr\u00e3o na janela de produ\u00e7\u00e3o. S\u00f3 no \u00faltimo FCO (Fundo Constitucional de Financiamento do Centro-Oeste) foram aprovados 12 projetos de irriga\u00e7\u00e3o para aumentar a produ\u00e7\u00e3o de milho<\/p>\n<p>&nbsp;<\/p>\n<p>Por Gabriela Couto e Maristela Brunetto &#8211; CAMPO GRANDE NEWS<\/p>\n","protected":false},"excerpt":{"rendered":"<p>Um cen\u00e1rio otimista para o milho est\u00e1 se desenhando em Mato Grosso do Sul com a industrializa\u00e7\u00e3o. O Estado que j\u00e1 \u00e9 o segundo produtor de biocombust\u00edvel no pa\u00eds, ficando atr\u00e1s apenas do Mato Grosso, tem previs\u00e3o para ampliar ainda mais seu potencial interno. &#8220;N\u00f3s com uma planta somos o segundo em produ\u00e7\u00e3o de etanol [&hellip;]<\/p>\n","protected":false},"author":5,"featured_media":203123,"comment_status":"closed","ping_status":"closed","sticky":false,"template":"","format":"standard","meta":{"footnotes":""},"categories":[17],"tags":[],"class_list":["post-237630","post","type-post","status-publish","format-standard","has-post-thumbnail","hentry","category-agropecuaria"],"_links":{"self":[{"href":"https:\/\/www.ocorreionews.com.br\/acervo-correio\/index.php?rest_route=\/wp\/v2\/posts\/237630","targetHints":{"allow":["GET"]}}],"collection":[{"href":"https:\/\/www.ocorreionews.com.br\/acervo-correio\/index.php?rest_route=\/wp\/v2\/posts"}],"about":[{"href":"https:\/\/www.ocorreionews.com.br\/acervo-correio\/index.php?rest_route=\/wp\/v2\/types\/post"}],"author":[{"embeddable":true,"href":"https:\/\/www.ocorreionews.com.br\/acervo-correio\/index.php?rest_route=\/wp\/v2\/users\/5"}],"replies":[{"embeddable":true,"href":"https:\/\/www.ocorreionews.com.br\/acervo-correio\/index.php?rest_route=%2Fwp%2Fv2%2Fcomments&post=237630"}],"version-history":[{"count":1,"href":"https:\/\/www.ocorreionews.com.br\/acervo-correio\/index.php?rest_route=\/wp\/v2\/posts\/237630\/revisions"}],"predecessor-version":[{"id":237639,"href":"https:\/\/www.ocorreionews.com.br\/acervo-correio\/index.php?rest_route=\/wp\/v2\/posts\/237630\/revisions\/237639"}],"wp:featuredmedia":[{"embeddable":true,"href":"https:\/\/www.ocorreionews.com.br\/acervo-correio\/index.php?rest_route=\/wp\/v2\/media\/203123"}],"wp:attachment":[{"href":"https:\/\/www.ocorreionews.com.br\/acervo-correio\/index.php?rest_route=%2Fwp%2Fv2%2Fmedia&parent=237630"}],"wp:term":[{"taxonomy":"category","embeddable":true,"href":"https:\/\/www.ocorreionews.com.br\/acervo-correio\/index.php?rest_route=%2Fwp%2Fv2%2Fcategories&post=237630"},{"taxonomy":"post_tag","embeddable":true,"href":"https:\/\/www.ocorreionews.com.br\/acervo-correio\/index.php?rest_route=%2Fwp%2Fv2%2Ftags&post=237630"}],"curies":[{"name":"wp","href":"https:\/\/api.w.org\/{rel}","templated":true}]}}