{"id":237631,"date":"2023-04-21T16:59:05","date_gmt":"2023-04-21T20:59:05","guid":{"rendered":"https:\/\/www.ocorreionews.com.br\/acervo-correio\/?p=237631"},"modified":"2023-04-21T16:59:05","modified_gmt":"2023-04-21T20:59:05","slug":"pauta-da-1411a-sessao-ordinaria-do-dia-24-de-abril","status":"publish","type":"post","link":"https:\/\/www.ocorreionews.com.br\/acervo-correio\/?p=237631","title":{"rendered":"Pauta da 1411\u00aa Sess\u00e3o ordin\u00e1ria do dia 24 de abril"},"content":{"rendered":"<p><strong><u>PAUTA PARA A 1411\u00aa SESS\u00c3O ORDIN\u00c1RIA,<\/u><\/strong><\/p>\n<p><strong><u>DA 3\u00aa<\/u><\/strong> <strong><u>SESS\u00c3O<\/u><\/strong> <strong><u>LEGISLATIVA,<\/u><\/strong><\/p>\n<p><strong><u>DA 9\u00aa LEGISLATURA, A REALIZAR-SE<\/u><\/strong><\/p>\n<p><strong><u>NO DIA 24\/04\/2023 \u2013 SEGUNDA-FEIRA<\/u><\/strong><\/p>\n<p><strong><u>\u00c0s 19h \u2013 C\u00e2mara Municipal<\/u><\/strong><\/p>\n<p><strong><u>EXPEDIENTE DE VEREADORES<\/u><\/strong><\/p>\n<p>&nbsp;<\/p>\n<p><strong>Requerimento n\u00ba 122\/2023 Vereadora Professora Almira<\/strong><\/p>\n<p>REQUER-SE \u00e0 Mesa, com observ\u00e2ncia nas disposi\u00e7\u00f5es regimentais, o envio de Expediente ao Prefeito Municipal, Jo\u00e3o Carlos Krug, com c\u00f3pia \u00e0 Secret\u00e1ria de Administra\u00e7\u00e3o Raquel Tortelli e \u00e0 Secret\u00e1ria de Sa\u00fade, Val\u00e9ria Lopes, solicitando a rela\u00e7\u00e3o completa de todos os servidores do Hospital Municipal, de acordo com os setores de atua\u00e7\u00e3o, especificando quais s\u00e3o contratados e quais s\u00e3o efetivos, bem como as devidas remunera\u00e7\u00f5es e cargas hor\u00e1rias, seguindo como base a rela\u00e7\u00e3o abaixo:<\/p>\n<ul>\n<li>Nome completo dos servidores;<\/li>\n<li>Setor de atua\u00e7\u00e3o no Hospital Municipal;<\/li>\n<li>Indica\u00e7\u00e3o se o servidor \u00e9 contratado ou efetivo;<\/li>\n<li>Remunera\u00e7\u00e3o atual do servidor;<\/li>\n<li>Carga hor\u00e1ria de trabalho do servidor.<\/li>\n<\/ul>\n<p>&nbsp;<\/p>\n<p><strong>Indica\u00e7\u00e3o n\u00ba 821\/2023 \u2013 Vereador Vanderson Cardoso<\/strong><\/p>\n<p>INDICA-SE, com observ\u00e2ncia nas disposi\u00e7\u00f5es regimentais, o envio de expediente ao Prefeito Municipal, Jo\u00e3o Carlos Krug, com c\u00f3pia ao Secret\u00e1rio de Educa\u00e7\u00e3o, Guerino Perius, solicitando a reforma completa do Centro de Educa\u00e7\u00e3o Infantil (CEI) Sibipiruna, localizado em nossa cidade, visando garantir um ambiente seguro, saud\u00e1vel e prop\u00edcio ao desenvolvimento educacional das crian\u00e7as. Essa reforma dever\u00e1 incluir: Atualiza\u00e7\u00e3o e adequa\u00e7\u00e3o das instala\u00e7\u00f5es el\u00e9tricas e hidr\u00e1ulicas; Adapta\u00e7\u00e3o do pr\u00e9dio para garantir acessibilidade a pessoas com defici\u00eancia ou mobilidade reduzida; Melhoria das \u00e1reas de recrea\u00e7\u00e3o, lazer e aprendizado, com aquisi\u00e7\u00e3o de mobili\u00e1rio adequado, brinquedos e materiais pedag\u00f3gicos; Repintura e revitaliza\u00e7\u00e3o das \u00e1reas internas e externas do pr\u00e9dio; Implementa\u00e7\u00e3o de medidas de seguran\u00e7a, como extintores de inc\u00eandio, sa\u00eddas de emerg\u00eancia e sinaliza\u00e7\u00e3o adequada.<\/p>\n<p>&nbsp;<\/p>\n<p><strong>Indica\u00e7\u00e3o n\u00ba 822\/2023 \u2013 Vereador Vanderson Cardoso<\/strong><\/p>\n<p>INDICA-SE, com observ\u00e2ncia nas disposi\u00e7\u00f5es regimentais, o envio de expediente ao Prefeito Municipal, Jo\u00e3o Carlos Krug, com c\u00f3pia \u00e0 Secret\u00e1ria de Sa\u00fade, Val\u00e9ria Lopes, solicitando constru\u00e7\u00e3o de uma nova Unidade B\u00e1sica de Sa\u00fade (UBS) em nossa cidade, uma vez que a demanda por servi\u00e7os de sa\u00fade tem aumentado devido ao crescimento populacional, tornando a situa\u00e7\u00e3o preocupante.<\/p>\n<p>&nbsp;<\/p>\n<p><strong>Indica\u00e7\u00e3o n\u00ba 823\/2023 \u2013 Vereador Vanderson Cardoso<\/strong><\/p>\n<p>INDICA-SE, com observ\u00e2ncia nas disposi\u00e7\u00f5es regimentais, o envio de expediente ao Prefeito Municipal, Jo\u00e3o Carlos Krug, com c\u00f3pia ao Secret\u00e1rio do SEDEMA, Jos\u00e9 Teixeira Junior, solicitando que seja constru\u00edda uma Central de recebimento de produtos da agricultura familiar no Assentamento Aroeira. Refor\u00e7ando a Indica\u00e7\u00e3o de n\u00ba 646\/2022 de autoria deste Vereador.<\/p>\n<p>&nbsp;<\/p>\n<p><strong>Indica\u00e7\u00e3o n\u00ba 824\/2023 \u2013 Vereador Vanderson Cardoso<\/strong><\/p>\n<p>INDICA-SE, com observ\u00e2ncia nas disposi\u00e7\u00f5es regimentais, o envio de expediente ao Prefeito Municipal, Jo\u00e3o Carlos Krug, com c\u00f3pia ao Secret\u00e1rio de Obras, Transportes e Servi\u00e7os P\u00fablicos, Ivanor Zorzo, solicitando a implanta\u00e7\u00e3o de cal\u00e7adas, ciclovias ou ciclofaixas em toda a extens\u00e3o da Avenida Rio de Janeiro.<\/p>\n<p>&nbsp;<\/p>\n<p><strong>Indica\u00e7\u00e3o n\u00ba 825\/2023 \u2013 Vereador Marcelo da Costa<\/strong><\/p>\n<p>INDICA-SE, com observ\u00e2ncia nas disposi\u00e7\u00f5es regimentais, o envio de expediente ao Prefeito Municipal, Jo\u00e3o Carlos Krug, com c\u00f3pia ao Secret\u00e1rio de Obras, Transportes e Servi\u00e7os P\u00fablicos, Ivanor Zorzo, solicitando a abertura do canteiro central da Avenida Rio Grande do Norte, a fim de permitir o acesso direto da Rua Travessa Rio Brilhante.<\/p>\n<p>&nbsp;<\/p>\n<p><strong>Indica\u00e7\u00e3o n\u00ba 826\/2023 \u2013 Vereador Marcelo da Costa<\/strong><\/p>\n<p>INDICA-SE, com observ\u00e2ncia nas disposi\u00e7\u00f5es regimentais, o envio de expediente ao Prefeito Municipal, Jo\u00e3o Carlos Krug, com c\u00f3pia ao Diretor do DEMUTRAN, Pedro Lopes, solicitando a cria\u00e7\u00e3o de um espa\u00e7o destinado \u00e0s aulas pr\u00e1ticas de dire\u00e7\u00e3o das autoescolas em nosso munic\u00edpio. Esse espa\u00e7o poderia ser especialmente projetado e sinalizado para essa finalidade, com estrutura adequada que inclua pista de treinamento, sinaliza\u00e7\u00e3o vi\u00e1ria, \u00e1rea de estacionamento, ilumina\u00e7\u00e3o e demais requisitos necess\u00e1rios para a pr\u00e1tica segura das aulas de dire\u00e7\u00e3o.<\/p>\n<p>&nbsp;<\/p>\n<p><strong>Indica\u00e7\u00e3o n\u00ba 827\/2023 \u2013 Vereador Marcelo da Costa<\/strong><\/p>\n<p>INDICA-SE, com observ\u00e2ncia nas disposi\u00e7\u00f5es regimentais, o envio de expediente ao Prefeito Municipal, Jo\u00e3o Carlos Krug, com c\u00f3pia a Secret\u00e1ria de Sa\u00fade, Val\u00e9ria Lopes e \u00e0 Secret\u00e1ria de Administra\u00e7\u00e3o, Raquel Torteli, solicitando a realiza\u00e7\u00e3o de um estudo para revis\u00e3o salarial de todos os profissionais de sa\u00fade do munic\u00edpio. Acredito que \u00e9 fundamental considerar o aumento ou incremento dos vencimentos desses profissionais, dada a dificuldade enfrentada por eles nos \u00faltimos anos.<\/p>\n<p>&nbsp;<\/p>\n<p><strong>Indica\u00e7\u00e3o n\u00ba 828\/2023 \u2013 Vereador Marcelo da Costa<\/strong><\/p>\n<p>INDICA-SE, com observ\u00e2ncia nas disposi\u00e7\u00f5es regimentais, o envio de expediente ao Prefeito Municipal, Jo\u00e3o Carlos Krug, com c\u00f3pia ao Diretor do DEMUTRAN, Pedro Lopes, solicitando a demarca\u00e7\u00e3o vi\u00e1ria adequada um lado da via na Rua Treze entre as Ruas Doze e Rua Dez, de forma que n\u00e3o seja permitido o estacionamento de ve\u00edculos dos dois lados da via.<\/p>\n<p>&nbsp;<\/p>\n<p><strong><u>MENSAGEM DO EXECUTIVO<\/u><\/strong><\/p>\n<p>&nbsp;<\/p>\n<p><strong>Mensagem n\u00ba 020\/2023 ao PROJETO DE LEI N\u00ba 116\/2023 que <\/strong>\u201cConcede Subven\u00e7\u00e3o a CONSELHO MUNICIPAL DE SEGURAN\u00c7A e d\u00e1 outras provid\u00eancias\u201d.<\/p>\n<p><strong>Mensagem n\u00ba 021\/2023 do Executivo ao SUBSTITUTIVO AO PROJETO DE LEI N\u00ba 110, <\/strong>\u201cAltera descri\u00e7\u00e3o de itens a serem adquiridos, provenientes de Emendas Impositivas que especifica e d\u00e1 outras provid\u00eancias\u201d.<\/p>\n<p>&nbsp;<\/p>\n<p><strong><u>ORDEM DO DIA<\/u><\/strong><\/p>\n<p>&nbsp;<\/p>\n<p><strong>Projeto de Lei n\u00ba 109\/2023 Executivo que <\/strong>\u201cDesafeta \u00c1rea de Dom\u00ednio do Munic\u00edpio \u2013 \u00c1rea Institucional &#8211; e d\u00e1 outras provid\u00eancias \u201d .<\/p>\n<p>&nbsp;<\/p>\n<p><strong>SECRETARIA DAS SESS\u00d5ES, 20 DE ABRIL DE 2023.<\/strong><\/p>\n<p>Natalia da Silva Leal Scheer,<\/p>\n<p>Diretora Parlamentar.<\/p>\n","protected":false},"excerpt":{"rendered":"<p>PAUTA PARA A 1411\u00aa SESS\u00c3O ORDIN\u00c1RIA, DA 3\u00aa SESS\u00c3O LEGISLATIVA, DA 9\u00aa LEGISLATURA, A REALIZAR-SE NO DIA 24\/04\/2023 \u2013 SEGUNDA-FEIRA \u00c0s 19h \u2013 C\u00e2mara Municipal EXPEDIENTE DE VEREADORES &nbsp; Requerimento n\u00ba 122\/2023 Vereadora Professora Almira REQUER-SE \u00e0 Mesa, com observ\u00e2ncia nas disposi\u00e7\u00f5es regimentais, o envio de Expediente ao Prefeito Municipal, Jo\u00e3o Carlos Krug, com c\u00f3pia [&hellip;]<\/p>\n","protected":false},"author":4,"featured_media":185285,"comment_status":"closed","ping_status":"closed","sticky":false,"template":"","format":"standard","meta":{"footnotes":""},"categories":[20,23],"tags":[],"class_list":["post-237631","post","type-post","status-publish","format-standard","has-post-thumbnail","hentry","category-camara-municipal","category-chapadao-do-sul"],"_links":{"self":[{"href":"https:\/\/www.ocorreionews.com.br\/acervo-correio\/index.php?rest_route=\/wp\/v2\/posts\/237631","targetHints":{"allow":["GET"]}}],"collection":[{"href":"https:\/\/www.ocorreionews.com.br\/acervo-correio\/index.php?rest_route=\/wp\/v2\/posts"}],"about":[{"href":"https:\/\/www.ocorreionews.com.br\/acervo-correio\/index.php?rest_route=\/wp\/v2\/types\/post"}],"author":[{"embeddable":true,"href":"https:\/\/www.ocorreionews.com.br\/acervo-correio\/index.php?rest_route=\/wp\/v2\/users\/4"}],"replies":[{"embeddable":true,"href":"https:\/\/www.ocorreionews.com.br\/acervo-correio\/index.php?rest_route=%2Fwp%2Fv2%2Fcomments&post=237631"}],"version-history":[{"count":1,"href":"https:\/\/www.ocorreionews.com.br\/acervo-correio\/index.php?rest_route=\/wp\/v2\/posts\/237631\/revisions"}],"predecessor-version":[{"id":237636,"href":"https:\/\/www.ocorreionews.com.br\/acervo-correio\/index.php?rest_route=\/wp\/v2\/posts\/237631\/revisions\/237636"}],"wp:featuredmedia":[{"embeddable":true,"href":"https:\/\/www.ocorreionews.com.br\/acervo-correio\/index.php?rest_route=\/wp\/v2\/media\/185285"}],"wp:attachment":[{"href":"https:\/\/www.ocorreionews.com.br\/acervo-correio\/index.php?rest_route=%2Fwp%2Fv2%2Fmedia&parent=237631"}],"wp:term":[{"taxonomy":"category","embeddable":true,"href":"https:\/\/www.ocorreionews.com.br\/acervo-correio\/index.php?rest_route=%2Fwp%2Fv2%2Fcategories&post=237631"},{"taxonomy":"post_tag","embeddable":true,"href":"https:\/\/www.ocorreionews.com.br\/acervo-correio\/index.php?rest_route=%2Fwp%2Fv2%2Ftags&post=237631"}],"curies":[{"name":"wp","href":"https:\/\/api.w.org\/{rel}","templated":true}]}}