{"id":237638,"date":"2023-04-21T17:09:28","date_gmt":"2023-04-21T21:09:28","guid":{"rendered":"https:\/\/www.ocorreionews.com.br\/acervo-correio\/?p=237638"},"modified":"2023-04-21T17:09:28","modified_gmt":"2023-04-21T21:09:28","slug":"caminhoneiro-morre-eletrocutado-em-frente-ao-filho-de-5-anos-apos-veiculo-tocar-fiacao-eletrica","status":"publish","type":"post","link":"https:\/\/www.ocorreionews.com.br\/acervo-correio\/?p=237638","title":{"rendered":"Caminhoneiro morre eletrocutado em frente ao filho de 5 anos ap\u00f3s ve\u00edculo tocar fia\u00e7\u00e3o el\u00e9trica"},"content":{"rendered":"<div class=\"elementor-element elementor-element-33095f69 elementor-widget elementor-widget-theme-post-content\" data-id=\"33095f69\" data-element_type=\"widget\" data-widget_type=\"theme-post-content.default\">\n<div class=\"elementor-widget-container\">\n<p>Caminhoneiro identificado como Eliel Pereira Insabralde, de 34 anos, morreu eletrocutado ap\u00f3s descer de um caminh\u00e3o que havia encostado em fios de tens\u00e3o. Tudo aconteceu na frente do filho da v\u00edtima, uma crian\u00e7a de apenas 5 anos.<\/p>\n<p>De acordo com o Boletim de Ocorr\u00eancia,\u00a0 Eliel estava em frente a uma empresa de concreto localizada na BR-262, em Ribas do Rio Pardo. Ap\u00f3s manobrar o ve\u00edculo onde estava com o filho, o trabalhador n\u00e3o percebeu que a ca\u00e7amba do caminh\u00e3o havia tocado a rede el\u00e9trica.<\/p>\n<p>Sem se dar conta da situa\u00e7\u00e3o de extremo perigo, Eliel saiu da cabine do caminh\u00e3o e acabou sendo eletrocutado. Ao ouvir a explos\u00e3o, funcion\u00e1rios da empresa de concreto gritaram para que a crian\u00e7a n\u00e3o sa\u00edsse do ve\u00edculo, enquanto tentavam acalm\u00e1-lo.<\/p>\n<p>Por conta do choque, o motorista n\u00e3o resistiu e morreu no local. A corrente el\u00e9trica foi desligada pela empresa respons\u00e1vel e o filho do trabalhador foi levado para o hospital da cidade, onde passou por avalia\u00e7\u00e3o m\u00e9dica e foi entregue \u00e0 m\u00e3e e aos av\u00f3s paternos.<\/p>\n<\/div>\n<\/div>\n<p>&nbsp;<\/p>\n<p>&nbsp;<\/p>\n<p>Midiamax &#8211; Clayton Neves<\/p>\n<div class=\"elementor-element elementor-element-ec9eab2 elementor-widget__width-auto elementor-widget elementor-widget-text-editor\" data-id=\"ec9eab2\" data-element_type=\"widget\" data-widget_type=\"text-editor.default\">\n<div class=\"elementor-widget-container\"><\/div>\n<\/div>\n","protected":false},"excerpt":{"rendered":"<p>Caminhoneiro identificado como Eliel Pereira Insabralde, de 34 anos, morreu eletrocutado ap\u00f3s descer de um caminh\u00e3o que havia encostado em fios de tens\u00e3o. Tudo aconteceu na frente do filho da v\u00edtima, uma crian\u00e7a de apenas 5 anos. De acordo com o Boletim de Ocorr\u00eancia,\u00a0 Eliel estava em frente a uma empresa de concreto localizada na [&hellip;]<\/p>\n","protected":false},"author":5,"featured_media":144622,"comment_status":"closed","ping_status":"closed","sticky":false,"template":"","format":"standard","meta":{"footnotes":""},"categories":[38],"tags":[],"class_list":["post-237638","post","type-post","status-publish","format-standard","has-post-thumbnail","hentry","category-policia"],"_links":{"self":[{"href":"https:\/\/www.ocorreionews.com.br\/acervo-correio\/index.php?rest_route=\/wp\/v2\/posts\/237638","targetHints":{"allow":["GET"]}}],"collection":[{"href":"https:\/\/www.ocorreionews.com.br\/acervo-correio\/index.php?rest_route=\/wp\/v2\/posts"}],"about":[{"href":"https:\/\/www.ocorreionews.com.br\/acervo-correio\/index.php?rest_route=\/wp\/v2\/types\/post"}],"author":[{"embeddable":true,"href":"https:\/\/www.ocorreionews.com.br\/acervo-correio\/index.php?rest_route=\/wp\/v2\/users\/5"}],"replies":[{"embeddable":true,"href":"https:\/\/www.ocorreionews.com.br\/acervo-correio\/index.php?rest_route=%2Fwp%2Fv2%2Fcomments&post=237638"}],"version-history":[{"count":1,"href":"https:\/\/www.ocorreionews.com.br\/acervo-correio\/index.php?rest_route=\/wp\/v2\/posts\/237638\/revisions"}],"predecessor-version":[{"id":237641,"href":"https:\/\/www.ocorreionews.com.br\/acervo-correio\/index.php?rest_route=\/wp\/v2\/posts\/237638\/revisions\/237641"}],"wp:featuredmedia":[{"embeddable":true,"href":"https:\/\/www.ocorreionews.com.br\/acervo-correio\/index.php?rest_route=\/wp\/v2\/media\/144622"}],"wp:attachment":[{"href":"https:\/\/www.ocorreionews.com.br\/acervo-correio\/index.php?rest_route=%2Fwp%2Fv2%2Fmedia&parent=237638"}],"wp:term":[{"taxonomy":"category","embeddable":true,"href":"https:\/\/www.ocorreionews.com.br\/acervo-correio\/index.php?rest_route=%2Fwp%2Fv2%2Fcategories&post=237638"},{"taxonomy":"post_tag","embeddable":true,"href":"https:\/\/www.ocorreionews.com.br\/acervo-correio\/index.php?rest_route=%2Fwp%2Fv2%2Ftags&post=237638"}],"curies":[{"name":"wp","href":"https:\/\/api.w.org\/{rel}","templated":true}]}}