{"id":237678,"date":"2023-04-21T17:49:54","date_gmt":"2023-04-21T21:49:54","guid":{"rendered":"https:\/\/www.ocorreionews.com.br\/acervo-correio\/?p=237678"},"modified":"2023-04-21T17:49:54","modified_gmt":"2023-04-21T21:49:54","slug":"atividades-fisicas-ao-ar-livre-e-palestras-marcam-a-semana-nas-unidades-de-saude-de-costa-rica","status":"publish","type":"post","link":"https:\/\/www.ocorreionews.com.br\/acervo-correio\/?p=237678","title":{"rendered":"Atividades f\u00edsicas ao ar livre e palestras marcam a semana nas Unidades de Sa\u00fade de Costa Rica"},"content":{"rendered":"<div class=\"ntc_cont_descricao_noticia sw_txteditor\">\n<div>O bem-estar da comunidade costarriquense \u00e9 pauta di\u00e1ria da Secretaria de Sa\u00fade de Costa Rica. Para garantir esse compromisso, constantemente as Unidades de Sa\u00fade promovem iniciativas envolvendo toda a popula\u00e7\u00e3o, entre elas exerc\u00edcios f\u00edsicos ao ar livre e palestras sobre preven\u00e7\u00e3o de doen\u00e7as e como melhorar a qualidade de vida.<\/p>\n<p>Nesta semana, a equipe da ESF (Estrat\u00e9gias Sa\u00fade da Fam\u00edlia) Sonho Meu III reuniu o grupo de atividade f\u00edsica na pra\u00e7a jornalista Cl\u00e1udia Beatriz Gomes Carvalho. O trabalho foi orientado pela fisioterapeuta Jessica da Silva Tavares.<\/p><\/div>\n<div><img decoding=\"async\" class=\"imgcentraliza\" src=\"https:\/\/www.costarica.ms.gov.br\/fotos\/0a13792ee1cf7fe4ae70d6bf4a0748d2.jpg\" alt=\"Foto Noticia Principal Grande\" \/><\/p>\n<p>Na ESF Central a programa\u00e7\u00e3o contou com pr\u00e1tica de Yoga e Tai Chi Chuan, ministrada pela fisioterapeuta Lucimara Terneiro da Silva, com o grupo sa\u00fade na pra\u00e7a.<\/p>\n<p>J\u00e1 a rodada de palestras com grupos de gestantes foi realizada na ESF Vila Nunes, orientadas pela dentista Pollyana Alves Costa, que falou sobre a import\u00e2ncia da sa\u00fade bucal, bem como na ESF Vale do Amanhecer\/ Rural\/ Flor do Cerrado que contou com a participa\u00e7\u00e3o do fisioterapeuta Delvaney Bernardes de Souza.\n<\/p><\/div>\n<div><img decoding=\"async\" class=\"imgcentraliza\" src=\"https:\/\/www.costarica.ms.gov.br\/fotos\/003a6edddddd6d3822eb4498be415544.jpg\" alt=\"Foto Noticia Principal Grande\" \/><br \/>\n\u201cO incentivo \u00e0 pr\u00e1tica regular da atividade f\u00edsica vem sendo cada vez mais apontado como importante a\u00e7\u00e3o na \u00e1rea da sa\u00fade p\u00fablica. Atrav\u00e9s destas iniciativas, os profissionais repassaram orienta\u00e7\u00f5es sobre a import\u00e2ncia da alimenta\u00e7\u00e3o saud\u00e1vel, preven\u00e7\u00e3o de doen\u00e7as e cuidados di\u00e1rios, unindo intera\u00e7\u00e3o, divers\u00e3o e cuidado com a sa\u00fade\u201d, justifica a coordenadora da Aten\u00e7\u00e3o B\u00e1sica, Jessica Guimar\u00e3es Costa.<\/div>\n<\/div>\n<p>&nbsp;<\/p>\n<p><img decoding=\"async\" class=\"imgcentraliza\" src=\"https:\/\/www.costarica.ms.gov.br\/fotos\/5e52f79995d79dede1d86f86b4be27a1.jpg\" alt=\"Foto Noticia Principal Grande\" \/><\/p>\n<div class=\"ntc_area_info_noticia sw_lato\">\n<div>\n<div class=\"ntc_info_noticia\"><strong class=\"sw_lato_black\">Fonte: <\/strong>Assessoria de Comunica\u00e7\u00e3o, <strong class=\"sw_lato_black\">\u00a0<\/strong>Angela Bezerra<\/div>\n<\/div>\n<\/div>\n","protected":false},"excerpt":{"rendered":"<p>O bem-estar da comunidade costarriquense \u00e9 pauta di\u00e1ria da Secretaria de Sa\u00fade de Costa Rica. Para garantir esse compromisso, constantemente as Unidades de Sa\u00fade promovem iniciativas envolvendo toda a popula\u00e7\u00e3o, entre elas exerc\u00edcios f\u00edsicos ao ar livre e palestras sobre preven\u00e7\u00e3o de doen\u00e7as e como melhorar a qualidade de vida. Nesta semana, a equipe da [&hellip;]<\/p>\n","protected":false},"author":5,"featured_media":237679,"comment_status":"closed","ping_status":"closed","sticky":false,"template":"","format":"standard","meta":{"footnotes":""},"categories":[25],"tags":[],"class_list":["post-237678","post","type-post","status-publish","format-standard","has-post-thumbnail","hentry","category-costa-rica"],"_links":{"self":[{"href":"https:\/\/www.ocorreionews.com.br\/acervo-correio\/index.php?rest_route=\/wp\/v2\/posts\/237678","targetHints":{"allow":["GET"]}}],"collection":[{"href":"https:\/\/www.ocorreionews.com.br\/acervo-correio\/index.php?rest_route=\/wp\/v2\/posts"}],"about":[{"href":"https:\/\/www.ocorreionews.com.br\/acervo-correio\/index.php?rest_route=\/wp\/v2\/types\/post"}],"author":[{"embeddable":true,"href":"https:\/\/www.ocorreionews.com.br\/acervo-correio\/index.php?rest_route=\/wp\/v2\/users\/5"}],"replies":[{"embeddable":true,"href":"https:\/\/www.ocorreionews.com.br\/acervo-correio\/index.php?rest_route=%2Fwp%2Fv2%2Fcomments&post=237678"}],"version-history":[{"count":1,"href":"https:\/\/www.ocorreionews.com.br\/acervo-correio\/index.php?rest_route=\/wp\/v2\/posts\/237678\/revisions"}],"predecessor-version":[{"id":237680,"href":"https:\/\/www.ocorreionews.com.br\/acervo-correio\/index.php?rest_route=\/wp\/v2\/posts\/237678\/revisions\/237680"}],"wp:featuredmedia":[{"embeddable":true,"href":"https:\/\/www.ocorreionews.com.br\/acervo-correio\/index.php?rest_route=\/wp\/v2\/media\/237679"}],"wp:attachment":[{"href":"https:\/\/www.ocorreionews.com.br\/acervo-correio\/index.php?rest_route=%2Fwp%2Fv2%2Fmedia&parent=237678"}],"wp:term":[{"taxonomy":"category","embeddable":true,"href":"https:\/\/www.ocorreionews.com.br\/acervo-correio\/index.php?rest_route=%2Fwp%2Fv2%2Fcategories&post=237678"},{"taxonomy":"post_tag","embeddable":true,"href":"https:\/\/www.ocorreionews.com.br\/acervo-correio\/index.php?rest_route=%2Fwp%2Fv2%2Ftags&post=237678"}],"curies":[{"name":"wp","href":"https:\/\/api.w.org\/{rel}","templated":true}]}}