{"id":237683,"date":"2023-04-21T19:34:16","date_gmt":"2023-04-21T23:34:16","guid":{"rendered":"https:\/\/www.ocorreionews.com.br\/acervo-correio\/?p=237683"},"modified":"2023-04-21T19:34:16","modified_gmt":"2023-04-21T23:34:16","slug":"identificada-a-familia-que-morreu-no-acidente-da-br-158","status":"publish","type":"post","link":"https:\/\/www.ocorreionews.com.br\/acervo-correio\/?p=237683","title":{"rendered":"Identificada a fam\u00edlia que morreu no acidente da BR 158"},"content":{"rendered":"<p>Foi identificado como Rivaldo Teixeira de Souza, de 41 anos, o condutor do carro Fiesta Sedan que se envolveu em um acidente com uma carreta na tarde desta sexta-feira (21), na BR-158 no munic\u00edpio de Parana\u00edba, cidade que fica a 408 km da Capital.<\/p>\n<p>Al\u00e9m de Rivaldo, havia mais tr\u00eas pessoas no carro, Cristiane dos Santos Sacramento, de 38 anos, e Eloa Fernanda de Lima Camargo, de 4 anos, que morreram no local, junto com Rivaldo. A 4\u00b0 v\u00edtima \u00e9 um adolescente de 16 anos, levado para o hospital de Parana\u00edba, em estado grave.<\/p>\n<p>Segundo informa\u00e7\u00f5es apuradas, a v\u00edtima foi fazer a ultrapassagem quando deu de frente com a carreta carregada de \u00f3leo vegetal.<\/p>\n<p><a href=\"https:\/\/www.ocorreionews.com.br\/acervo-correio\/wp-content\/uploads\/2023\/04\/familia-morta-na-br-158.jpg\"><img loading=\"lazy\" decoding=\"async\" class=\"alignnone size-full wp-image-237684\" src=\"https:\/\/www.ocorreionews.com.br\/acervo-correio\/wp-content\/uploads\/2023\/04\/familia-morta-na-br-158.jpg\" alt=\"\" width=\"641\" height=\"849\" srcset=\"https:\/\/www.ocorreionews.com.br\/acervo-correio\/wp-content\/uploads\/2023\/04\/familia-morta-na-br-158.jpg 641w, https:\/\/www.ocorreionews.com.br\/acervo-correio\/wp-content\/uploads\/2023\/04\/familia-morta-na-br-158-227x300.jpg 227w\" sizes=\"auto, (max-width: 641px) 100vw, 641px\" \/><\/a><\/p>\n<p>&#8211; CREDITO: CAMPO GRANDE NEWS<\/p>\n","protected":false},"excerpt":{"rendered":"<p>Foi identificado como Rivaldo Teixeira de Souza, de 41 anos, o condutor do carro Fiesta Sedan que se envolveu em um acidente com uma carreta na tarde desta sexta-feira (21), na BR-158 no munic\u00edpio de Parana\u00edba, cidade que fica a 408 km da Capital. Al\u00e9m de Rivaldo, havia mais tr\u00eas pessoas no carro, Cristiane dos [&hellip;]<\/p>\n","protected":false},"author":4,"featured_media":237684,"comment_status":"closed","ping_status":"closed","sticky":false,"template":"","format":"standard","meta":{"footnotes":""},"categories":[38],"tags":[],"class_list":["post-237683","post","type-post","status-publish","format-standard","has-post-thumbnail","hentry","category-policia"],"_links":{"self":[{"href":"https:\/\/www.ocorreionews.com.br\/acervo-correio\/index.php?rest_route=\/wp\/v2\/posts\/237683","targetHints":{"allow":["GET"]}}],"collection":[{"href":"https:\/\/www.ocorreionews.com.br\/acervo-correio\/index.php?rest_route=\/wp\/v2\/posts"}],"about":[{"href":"https:\/\/www.ocorreionews.com.br\/acervo-correio\/index.php?rest_route=\/wp\/v2\/types\/post"}],"author":[{"embeddable":true,"href":"https:\/\/www.ocorreionews.com.br\/acervo-correio\/index.php?rest_route=\/wp\/v2\/users\/4"}],"replies":[{"embeddable":true,"href":"https:\/\/www.ocorreionews.com.br\/acervo-correio\/index.php?rest_route=%2Fwp%2Fv2%2Fcomments&post=237683"}],"version-history":[{"count":1,"href":"https:\/\/www.ocorreionews.com.br\/acervo-correio\/index.php?rest_route=\/wp\/v2\/posts\/237683\/revisions"}],"predecessor-version":[{"id":237686,"href":"https:\/\/www.ocorreionews.com.br\/acervo-correio\/index.php?rest_route=\/wp\/v2\/posts\/237683\/revisions\/237686"}],"wp:featuredmedia":[{"embeddable":true,"href":"https:\/\/www.ocorreionews.com.br\/acervo-correio\/index.php?rest_route=\/wp\/v2\/media\/237684"}],"wp:attachment":[{"href":"https:\/\/www.ocorreionews.com.br\/acervo-correio\/index.php?rest_route=%2Fwp%2Fv2%2Fmedia&parent=237683"}],"wp:term":[{"taxonomy":"category","embeddable":true,"href":"https:\/\/www.ocorreionews.com.br\/acervo-correio\/index.php?rest_route=%2Fwp%2Fv2%2Fcategories&post=237683"},{"taxonomy":"post_tag","embeddable":true,"href":"https:\/\/www.ocorreionews.com.br\/acervo-correio\/index.php?rest_route=%2Fwp%2Fv2%2Ftags&post=237683"}],"curies":[{"name":"wp","href":"https:\/\/api.w.org\/{rel}","templated":true}]}}