{"id":237689,"date":"2023-04-22T07:28:12","date_gmt":"2023-04-22T11:28:12","guid":{"rendered":"https:\/\/www.ocorreionews.com.br\/acervo-correio\/?p=237689"},"modified":"2023-04-22T07:28:12","modified_gmt":"2023-04-22T11:28:12","slug":"deputado-geraldo-resende-reafirma-compromisso-de-destinacao-de-uma-uti-movel-0km-para-atender-paraiso-das-aguas","status":"publish","type":"post","link":"https:\/\/www.ocorreionews.com.br\/acervo-correio\/?p=237689","title":{"rendered":"Deputado Geraldo Resende reafirma compromisso de destina\u00e7\u00e3o de uma UTI M\u00f3vel 0km para atender Para\u00edso das \u00c1guas"},"content":{"rendered":"<p>Nesta quinta-feira (20) o secret\u00e1rio municipal de Sa\u00fade, Ueder Pereira de Paula, esteve participando da 2\u00aa Reuni\u00e3o da CIB (Comiss\u00e3o Intergestores Bipartite), que re\u00fane os 79 secret\u00e1rios municipais de Sa\u00fade que atuam na regulamenta\u00e7\u00e3o e operacionaliza\u00e7\u00e3o das pol\u00edticas de sa\u00fade, referentes \u00e0 gest\u00e3o dos servi\u00e7os do SUS (Sistema \u00danico de Sa\u00fade).<\/p>\n<p><img decoding=\"async\" class=\"note-float-right\" src=\"https:\/\/www.bncnoticias.com.br\/arquivos\/img-uploads\/imagem_606.jpg\" \/><\/p>\n<p>Na oportunidade o secret\u00e1rio Ueder de Paula, pode elencar as principais necessidades e prioridades na \u00e1rea da sa\u00fade do nosso munic\u00edpio, e junto com o ex-secret\u00e1rio de Estado de Sa\u00fade e deputado Federal Dr. Geraldo Resende, reafirmou o compromisso de viabilizar a destina\u00e7\u00e3o de uma ambul\u00e2ncia UTI M\u00f3vel 0KM para o munic\u00edpio, em parceria com o prefeito Aniz\u00edo Andrade (PP), Vice-prefeito Roberto Carlos (PSDB), secret\u00e1rio de Sa\u00fade e vereador licenciado, Ueder Pereira de Paula e com os vereadores Neife Vida(PP), Marquinhos do Pouso Alto(PSDB) e Tuta(PSDB).<\/p>\n<p>&#8220;Agradecemos ao empenho do deputado Geraldo Resende e seu compromisso com nosso Munic\u00edpio, na destina\u00e7\u00e3o deste importante ve\u00edculo para atender pacientes e salvar muitas vidas&#8221;, agradeceu Ueder de Paula.<\/p>\n","protected":false},"excerpt":{"rendered":"<p>Nesta quinta-feira (20) o secret\u00e1rio municipal de Sa\u00fade, Ueder Pereira de Paula, esteve participando da 2\u00aa Reuni\u00e3o da CIB (Comiss\u00e3o Intergestores Bipartite), que re\u00fane os 79 secret\u00e1rios municipais de Sa\u00fade que atuam na regulamenta\u00e7\u00e3o e operacionaliza\u00e7\u00e3o das pol\u00edticas de sa\u00fade, referentes \u00e0 gest\u00e3o dos servi\u00e7os do SUS (Sistema \u00danico de Sa\u00fade). Na oportunidade o secret\u00e1rio [&hellip;]<\/p>\n","protected":false},"author":4,"featured_media":237690,"comment_status":"closed","ping_status":"closed","sticky":false,"template":"","format":"standard","meta":{"footnotes":""},"categories":[36],"tags":[],"class_list":["post-237689","post","type-post","status-publish","format-standard","has-post-thumbnail","hentry","category-paraiso-das-aguas"],"_links":{"self":[{"href":"https:\/\/www.ocorreionews.com.br\/acervo-correio\/index.php?rest_route=\/wp\/v2\/posts\/237689","targetHints":{"allow":["GET"]}}],"collection":[{"href":"https:\/\/www.ocorreionews.com.br\/acervo-correio\/index.php?rest_route=\/wp\/v2\/posts"}],"about":[{"href":"https:\/\/www.ocorreionews.com.br\/acervo-correio\/index.php?rest_route=\/wp\/v2\/types\/post"}],"author":[{"embeddable":true,"href":"https:\/\/www.ocorreionews.com.br\/acervo-correio\/index.php?rest_route=\/wp\/v2\/users\/4"}],"replies":[{"embeddable":true,"href":"https:\/\/www.ocorreionews.com.br\/acervo-correio\/index.php?rest_route=%2Fwp%2Fv2%2Fcomments&post=237689"}],"version-history":[{"count":1,"href":"https:\/\/www.ocorreionews.com.br\/acervo-correio\/index.php?rest_route=\/wp\/v2\/posts\/237689\/revisions"}],"predecessor-version":[{"id":237691,"href":"https:\/\/www.ocorreionews.com.br\/acervo-correio\/index.php?rest_route=\/wp\/v2\/posts\/237689\/revisions\/237691"}],"wp:featuredmedia":[{"embeddable":true,"href":"https:\/\/www.ocorreionews.com.br\/acervo-correio\/index.php?rest_route=\/wp\/v2\/media\/237690"}],"wp:attachment":[{"href":"https:\/\/www.ocorreionews.com.br\/acervo-correio\/index.php?rest_route=%2Fwp%2Fv2%2Fmedia&parent=237689"}],"wp:term":[{"taxonomy":"category","embeddable":true,"href":"https:\/\/www.ocorreionews.com.br\/acervo-correio\/index.php?rest_route=%2Fwp%2Fv2%2Fcategories&post=237689"},{"taxonomy":"post_tag","embeddable":true,"href":"https:\/\/www.ocorreionews.com.br\/acervo-correio\/index.php?rest_route=%2Fwp%2Fv2%2Ftags&post=237689"}],"curies":[{"name":"wp","href":"https:\/\/api.w.org\/{rel}","templated":true}]}}