{"id":237695,"date":"2023-04-22T07:51:59","date_gmt":"2023-04-22T11:51:59","guid":{"rendered":"https:\/\/www.ocorreionews.com.br\/acervo-correio\/?p=237695"},"modified":"2023-04-23T07:25:16","modified_gmt":"2023-04-23T11:25:16","slug":"parabens-alcinopolis-pelos-31-anos","status":"publish","type":"post","link":"https:\/\/www.ocorreionews.com.br\/acervo-correio\/?p=237695","title":{"rendered":"Parab\u00e9ns Alcin\u00f3polis pelos 31 anos"},"content":{"rendered":"<p>No dia 22 de abril o nosso munic\u00edpio completa 31 anos, nada mais justo que parabenizar a nossa popula\u00e7\u00e3o Alcinopolense, gente de bem, guerreira, honesta e batalhadora <a class=\"page-title-action\" href=\"https:\/\/www.ocorreionews.com.br\/acervo-correio\/wp-admin\/post-new.php\">Adicionar novo<\/a>que, com seu trabalho di\u00e1rio, constr\u00f3i o desenvolvimento do munic\u00edpio e dentro das suas possibilidades n\u00e3o mede esfor\u00e7os na busca do crescimento e de melhores dias para esse munic\u00edpio aben\u00e7oado.<\/p>\n<p>Quero aqui desejar que cada mun\u00edcipe seja um ponto de apoio na constante constru\u00e7\u00e3o de um Alcin\u00f3polis melhor, que atrav\u00e9s de valores s\u00f3lidos ajudem a preparar as nossas crian\u00e7as e jovens para este processo cont\u00ednuo de transforma\u00e7\u00e3o que o nosso munic\u00edpio vem desenvolvendo.<\/p>\n<p>Para mim hoje \u00e9 dia de muito orgulho em estar aqui parabenizando a cidade que meu pai e minha m\u00e3e, ajudou a construir, onde meus pais foram os primeiros apoiar as pessoas que chegavam aqui para iniciar o vilarejo na d\u00e9cada de 70, me lembro da nossa casa que era na beira do c\u00f3rrego retiro, onde at\u00e9 hoje residimos, a ch\u00e1cara Santa Rosa, me lembro que minha m\u00e3e fazia refei\u00e7\u00f5es para os primeiros engenheiros quando vieram medir as quadras, para formar a nossa querida cidade.<\/p>\n<h3><img decoding=\"async\" src=\"https:\/\/regionalms.com.br\/conteudo\/regionalms\/upp\/articles\/2022-02\/comercio\/789\/agro\/Dalmy.jpg\" alt=\"\" width=\"100%\" \/><\/h3>\n<p>De um modo geral quero aproveitar e parabenizar a todos aqueles que contribu\u00edram para que o nosso munic\u00edpio fosse independente de Coxim, na \u00e9poca me lembro bem que vieram muitas fam\u00edlias, nas quais sonharam junto com nosso fundador senhor Alcino Carneiro, e hoje estamos aqui parabenizando a nossa querida e amada Alcin\u00f3polis.\u00c9 com orgulho que sou Alcinopolense, pois aqui tenho minha vida e minha fam\u00edlia, aqui deixo minha mensagem de esperan\u00e7a e agradecimento a toda essa gente que trabalha para que seus filhos possam sonhar com um futuro melhor.<\/p>\n<p>Tenho uma grande GRATIDAO por aquelas pessoas que confiram em mim, para estar hoje administrando a cidade que tenho dentro do meu CORA\u00c7\u00c3O.<\/p>\n","protected":false},"excerpt":{"rendered":"<p>No dia 22 de abril o nosso munic\u00edpio completa 31 anos, nada mais justo que parabenizar a nossa popula\u00e7\u00e3o Alcinopolense, gente de bem, guerreira, honesta e batalhadora Adicionar novoque, com seu trabalho di\u00e1rio, constr\u00f3i o desenvolvimento do munic\u00edpio e dentro das suas possibilidades n\u00e3o mede esfor\u00e7os na busca do crescimento e de melhores dias para [&hellip;]<\/p>\n","protected":false},"author":4,"featured_media":237696,"comment_status":"closed","ping_status":"closed","sticky":false,"template":"","format":"standard","meta":{"footnotes":""},"categories":[18],"tags":[],"class_list":["post-237695","post","type-post","status-publish","format-standard","has-post-thumbnail","hentry","category-alcinopolis"],"_links":{"self":[{"href":"https:\/\/www.ocorreionews.com.br\/acervo-correio\/index.php?rest_route=\/wp\/v2\/posts\/237695","targetHints":{"allow":["GET"]}}],"collection":[{"href":"https:\/\/www.ocorreionews.com.br\/acervo-correio\/index.php?rest_route=\/wp\/v2\/posts"}],"about":[{"href":"https:\/\/www.ocorreionews.com.br\/acervo-correio\/index.php?rest_route=\/wp\/v2\/types\/post"}],"author":[{"embeddable":true,"href":"https:\/\/www.ocorreionews.com.br\/acervo-correio\/index.php?rest_route=\/wp\/v2\/users\/4"}],"replies":[{"embeddable":true,"href":"https:\/\/www.ocorreionews.com.br\/acervo-correio\/index.php?rest_route=%2Fwp%2Fv2%2Fcomments&post=237695"}],"version-history":[{"count":1,"href":"https:\/\/www.ocorreionews.com.br\/acervo-correio\/index.php?rest_route=\/wp\/v2\/posts\/237695\/revisions"}],"predecessor-version":[{"id":237732,"href":"https:\/\/www.ocorreionews.com.br\/acervo-correio\/index.php?rest_route=\/wp\/v2\/posts\/237695\/revisions\/237732"}],"wp:featuredmedia":[{"embeddable":true,"href":"https:\/\/www.ocorreionews.com.br\/acervo-correio\/index.php?rest_route=\/wp\/v2\/media\/237696"}],"wp:attachment":[{"href":"https:\/\/www.ocorreionews.com.br\/acervo-correio\/index.php?rest_route=%2Fwp%2Fv2%2Fmedia&parent=237695"}],"wp:term":[{"taxonomy":"category","embeddable":true,"href":"https:\/\/www.ocorreionews.com.br\/acervo-correio\/index.php?rest_route=%2Fwp%2Fv2%2Fcategories&post=237695"},{"taxonomy":"post_tag","embeddable":true,"href":"https:\/\/www.ocorreionews.com.br\/acervo-correio\/index.php?rest_route=%2Fwp%2Fv2%2Ftags&post=237695"}],"curies":[{"name":"wp","href":"https:\/\/api.w.org\/{rel}","templated":true}]}}