{"id":237701,"date":"2023-04-22T08:32:09","date_gmt":"2023-04-22T12:32:09","guid":{"rendered":"https:\/\/www.ocorreionews.com.br\/acervo-correio\/?p=237701"},"modified":"2023-04-22T08:32:09","modified_gmt":"2023-04-22T12:32:09","slug":"ampla-visao-tiro-no-pe-familia-trad-azambuja-cachorrada","status":"publish","type":"post","link":"https:\/\/www.ocorreionews.com.br\/acervo-correio\/?p=237701","title":{"rendered":"Ampla Vis\u00e3o: Tiro no p\u00e9 &#038; Fam\u00edlia Trad &#038; Azambuja &#038; Cachorrada"},"content":{"rendered":"<div class=\"text\">\n<p><strong><u>DOIS PEDIDOS:\u00a0<\/u><\/strong> O presidente Gerson Claro (PP) reuniu a imprensa para um caf\u00e9 amigo. Rompi com a timidez dos colegas e fiz duas pondera\u00e7\u00f5es: que as rela\u00e7\u00f5es dos deputados com os jornalistas sejam mais cordiais, menos formais. Pedi ainda que a Casa providenciasse uma geladeira na sala de imprensa, uma afronta diante do luxo das instala\u00e7\u00f5es do parlamento. Ver pra crer.<\/p>\n<p><strong><u>COMPLICADO:<\/u><\/strong> N\u00e3o foi das melhores a imagem que o MDB (MS) passou com sua recente reuni\u00e3o. As fotos mostram: o local do evento (diret\u00f3rio) ficou grande demais para t\u00e3o pouca gente. As mesmices ficaram por conta dos protagonistas veteranos do partido, do conte\u00fado dos seus discursos e da mensagem final em rela\u00e7\u00e3o a postura partid\u00e1ria nas elei\u00e7\u00f5es de 2024.<\/p>\n<div id=\"taboola-mid-article\" class=\"d-print-none my-3\"><\/div>\n<p><strong><u>MOFADO?\u00a0<\/u><\/strong> Sem inovar, perdendo o esp\u00edrito vanguardeiro de antes, o MDB do ex-governador Puccinelli vem definhando a cada elei\u00e7\u00e3o. Esse retrocesso tem afastado os seus eleitores, antes fieis, e espanta poss\u00edveis novos protagonistas como candidatos \u00e0s prefeituras e C\u00e2maras, al\u00e9m da desaprova\u00e7\u00e3o quanto a uni\u00e3o nacional do MDB ao PT. Mais atrapalha do que ajuda.<\/p>\n<p><strong><u>APELATIVO?<\/u><\/strong> \u00a0Filmete no facebook mostra o ex-governador Puccinelli num \u2018Uno vermelho\u2019 na periferia da capital onde denuncia problemas gerenciais da administra\u00e7\u00e3o. Para especialistas em marketing, a iniciativa nos moldes como \u00e9 produzida, pode provocar efeito inverso. O eleitor est\u00e1 mais sabido do que os pol\u00edticos sup\u00f5em. A internet nivelou pobres aos ricos, intelectuais\u00a0 aos semianalfabetos.<\/p>\n<p><strong><u>CARTADA FINAL?<\/u><\/strong> Ap\u00f3s o desastre de 2022 as lideran\u00e7as do MDB estudam a melhor sa\u00edda para retomar a prefeitura da capital. N\u00e3o \u00e9 f\u00e1cil pelas circunst\u00e2ncias no cen\u00e1rio. Os partidos com seus projetos. O PSDB, por exemplo, do ex-governador Reinaldo Azambuja anunciou o deputado Beto Pereira candidato na capital. N\u00e3o h\u00e1 espa\u00e7o nem para o MDB indicar o vice prefeito onde o vereador Carlos A. Borges (PSB) \u00e9 o preferido.<\/p>\n<p><strong><u>REINALDO:<\/u><\/strong> Para a maioria ele superou Puccinelli administrativamente e politicamente. Seu partido (PSDB) vem atraindo lideran\u00e7as. Reinaldo est\u00e1 ativo nas redes sociais e ainda percorre diferentes regi\u00f5es fazendo contatos pol\u00edticos. Quanto \u00e0quela parceria com o MDB no seu tempo de deputado estadual \u00e9 passado. Hoje Azambuja tem outros horizontes, est\u00e1 em outro patamar.<\/p>\n<p><strong><u>\u201cUM INSTANTE\u201d!\u00a0<\/u><\/strong> \u00a0Poder\u00e1 influenciar at\u00e9 l\u00e1, sem decidir, o desempenho da atual prefeita Adriane Lopes da capital. Seu partido (Patriotas) ainda incipiente e ela \u00e9 dependente do Governo Estadual em v\u00e1rias frentes da administra\u00e7\u00e3o. Para quem est\u00e1 no poder o tempo voa. A prefeita sabe dos fatores adversos. Os n\u00fameros da avalia\u00e7\u00e3o de sua gest\u00e3o soam como um alerta.<\/p>\n<p><strong><u>NA PLAT\u00c9IA?<\/u><\/strong> Os senadores Nelsinho Trad (PSD), Tereza Cristina (PP) e Soraya Thronicke (Uni\u00e3o Brasil) cada qual com seu esquema se preparam para 2024. A capital e as principais cidades ser\u00e3o \u00a0priorit\u00e1rias. Estando Nelsinho e Tereza em alta \u2013 ter\u00e3o peso eleitoral no contexto eleitoral em muitos munic\u00edpios. Quanto a Thronicke continua encarnando a figura de \u2018senadora alien\u00edgena\u2019.<\/p>\n<p><strong><u>SOJA &amp; PANTANAL:<\/u><\/strong>\u00a0 Come\u00e7ou na Assembleia Legislativa o embate e que deve envolver v\u00e1rios segmentos representativos da sociedade. At\u00e9 a ministra Maria Silva do Meio Ambiente ser\u00e1 atra\u00edda para a quest\u00e3o, j\u00e1 que o meio ambiente foi pe\u00e7a decisiva na campanha do candidato Lula (PT). Gostei do 1\u00ba round entre os deputados Pedro Kemp (PT) e Pedrossian Neto (PSD).<\/p>\n<p><strong><u>EXPECTATIVA:<\/u><\/strong> Pela postura machista do PRTB o deputado Rafael Tavares pode perder seu mandato. Novos tempos, diferente por exemplo da elei\u00e7\u00e3o (1992) em Campo Grande onde Marilu \u00a0Guimar\u00e3es (PFL) perdeu para Juv\u00eancio C. da Fonseca (MDB) s\u00f3 por 15.309 votos. Corajosa, ela foi \u2018apedrejada moralmente\u2019 com picha\u00e7\u00f5es e o uso de par\u00f3dia da m\u00fasica \u2018Mary lou\u2019 do \u2018Ultraje a Rigor\u2019. Um massacre machista.<\/p>\n<p><strong><u>CAF\u00c9 AMIGO<\/u><\/strong> com Secret\u00e1rio de Desenvolvimento Econ\u00f4mico e Turismo de Tr\u00eas Lagoas, Ant\u00f4nio Luiz T. E. Jr (\u2018Tonh\u00e3o\u2019), vereador (MDB) licenciado no 5\u00ba mandato. Carism\u00e1tico, fala com entusiasmo da atua\u00e7\u00e3o do prefeito \u00c2ngelo Guerreiro (PSDB) e admite que o vereador \u2018dr. Cassiano\u2019 \u2013 seria o candidato a prefeito com apoio do atual alcaide. Nas entrelinhas percebe-se: o PMD deve indicar o candidato a vice.\u00a0 Tonh\u00e3o teria o perfil ideal.<\/p>\n<p><strong><u>O EXEMPLO<\/u><\/strong> de Tr\u00eas Lagoas \u00e9 um indicativo da tend\u00eancia natural dos partidos e grupos pol\u00edticos \u2013 em muitas cidades \u2013\u00a0 de se unirem para viabilizar candidaturas. Normalmente os dirigentes estaduais das siglas partid\u00e1rias pouco influenciam nestas ocasi\u00f5es, cabendo a decis\u00e3o \u00e0queles que vivenciam o cotidiano da comunidade. S\u00e3o os leg\u00edtimos protagonistas das elei\u00e7\u00f5es.<\/p>\n<p><strong><u>BRILHANTE:<\/u><\/strong> \u00c9 o adjetivo que define a postura do deputado Z\u00e9 Teixeira (PP) em quest\u00f5es ruralistas. Nesta semana, o plen\u00e1rio se calou para ouvir sua abordagem do fato havido nas imedia\u00e7\u00f5es de um condom\u00ednio em Dourados envolvendo ind\u00edgenas que acabaram presos. Com simplicidade que atrai credibilidade, Z\u00e9 Teixeira mostrou aspectos e fatos omitidos pela m\u00eddia.<\/p>\n<p><strong><u>BELEZA!\u00a0<\/u><\/strong> A quest\u00e3o cultural pesa no desempenho parlamentar, mas n\u00e3o \u00e9 fundamental. Pela nossa Assembleia passaram v\u00e1rios personagens de excelente n\u00edvel cultural, mas sem deixarem marcas. Embasando a tese de que experi\u00eancia de vida substitui a intelectualidade, o deputado Z\u00e9 Teixeira (PP) \u00e9 exemplo que merece ser reconhecido. Ora! As vozes do parlamento devem ser diferentes.<\/p>\n<p><strong><u>TIRO NO P\u00c9?<\/u><\/strong> Para anunciar invas\u00f5es o Movimento dos Trabalhadores Sem Terra (MST) promoveu at\u00e9 coletiva de imprensa. Para apimentar esse caldo o presidente Lula (PT) levou na sua comitiva \u00e0 China Jo\u00e3o Pedro St\u00e9dile que anunciou novas invas\u00f5es (j\u00e1 concretizadas) neste abril. Isso passa apreens\u00e3o aos investidores estrangeiros.<\/p>\n<p><strong><u>REFLEXOS:<\/u><\/strong> Vis\u00edveis no MS. Pelo Conselho Indigenista Mission\u00e1rio (CIMI), h\u00e1 25 glebas de terras ind\u00edgenas totalizando 224 mil hectares para serem demarcados.\u00a0 Embora\u00a0 a \u00e1rea citada seja menos de 3% da nossa \u00e1rea territorial, o fato provoca apreens\u00f5es e colabora para o acirramento do clima entre a popula\u00e7\u00e3o ind\u00edgena, ocupantes de parte destas terras e os propriet\u00e1rios de \u00e1reas vizinhas.<\/p>\n<p><strong><u>\u2018SCOOBY-DOO\u2019:<\/u><\/strong> Indignado, mas mantendo a compostura, o deputado Marcio Fernandes (MDB) \u2018soltou os cachorros\u2019 no prefeito Alan Guedes (PP) de Dourados. Ele destinou emenda de R$300 mil para a\u00e7\u00f5es do \u2018Castra M\u00f3vel\u2019, mas o alcaide douradense simplesmente devolveu os recursos. O deputado foi apoiado por v\u00e1rios parlamentares.<\/p>\n<p><strong><u>POL\u00caMICA:<\/u><\/strong> Qual o futuro dos integrantes da Fam\u00edlia Trad? Se o senador Nelsinho (PSD) ficar num patamar elevado, aumentar a sua base eleitoral e fazer boas alian\u00e7as sobreviver\u00e1 f\u00e1cil. No caso do ex-prefeito Marquinhos s\u00f3 o milagre da ressurrei\u00e7\u00e3o para devolve-la \u00e0 vida p\u00fablica. Quanto ao ex-deputado Fabio Trad (PSD) ter\u00e1 dificuldades pelo seu perfil ideol\u00f3gico, falta de grupo e a atual participa\u00e7\u00e3o no Governo Lula.<\/p>\n<p><strong><u>RESISTENTE:\u00a0<\/u><\/strong> O ex-deputado Maur\u00edcio Picarelli demonstra invej\u00e1vel for\u00e7a de vontade em se manter na pol\u00edtica. Apesar de tantos mandatos (8), de percal\u00e7os ao longo do caminho e da sua idade (75), ele se prepara para disputar a verean\u00e7a em Campo Grande. Como na mensagem da m\u00fasica de Ivan Lins: \u2018Come\u00e7ar de novo\u2019 \u2013 vale a pena!<\/p>\n<p><strong><u>\u2018OS DEMITIDOS\u2019:\u00a0<\/u><\/strong> A demiss\u00e3o de v\u00e1rios jornalistas famosos pela Rede Globo\u00a0 tem sido explorada na m\u00eddia, como se n\u00e3o tiv\u00e9ssemos outros problemas mais relevantes. Ora! A empresa sabe onde o sapato aperta. Os demitidos lamentam, mas presume-se que eles, com bons sal\u00e1rios por anos a fio, tenham tido a prud\u00eancia de economizar para enfrentar situa\u00e7\u00f5es como essa. O resto \u00e9 puro nhenhenh\u00e9m. Tudo tem come\u00e7o e fim.<\/p>\n<p><strong><u>PONTO FINAL<\/u><\/strong>:<\/p>\n<p><strong>A\u00a0 coluna Amplavis\u00e3o \u00e9 publicada em 28 jornais e sites da capital e interior.<\/strong><\/p>\n<\/div>\n","protected":false},"excerpt":{"rendered":"<p>DOIS PEDIDOS:\u00a0 O presidente Gerson Claro (PP) reuniu a imprensa para um caf\u00e9 amigo. Rompi com a timidez dos colegas e fiz duas pondera\u00e7\u00f5es: que as rela\u00e7\u00f5es dos deputados com os jornalistas sejam mais cordiais, menos formais. Pedi ainda que a Casa providenciasse uma geladeira na sala de imprensa, uma afronta diante do luxo das [&hellip;]<\/p>\n","protected":false},"author":4,"featured_media":236992,"comment_status":"closed","ping_status":"closed","sticky":false,"template":"","format":"standard","meta":{"footnotes":""},"categories":[37],"tags":[],"class_list":["post-237701","post","type-post","status-publish","format-standard","has-post-thumbnail","hentry","category-politica"],"_links":{"self":[{"href":"https:\/\/www.ocorreionews.com.br\/acervo-correio\/index.php?rest_route=\/wp\/v2\/posts\/237701","targetHints":{"allow":["GET"]}}],"collection":[{"href":"https:\/\/www.ocorreionews.com.br\/acervo-correio\/index.php?rest_route=\/wp\/v2\/posts"}],"about":[{"href":"https:\/\/www.ocorreionews.com.br\/acervo-correio\/index.php?rest_route=\/wp\/v2\/types\/post"}],"author":[{"embeddable":true,"href":"https:\/\/www.ocorreionews.com.br\/acervo-correio\/index.php?rest_route=\/wp\/v2\/users\/4"}],"replies":[{"embeddable":true,"href":"https:\/\/www.ocorreionews.com.br\/acervo-correio\/index.php?rest_route=%2Fwp%2Fv2%2Fcomments&post=237701"}],"version-history":[{"count":1,"href":"https:\/\/www.ocorreionews.com.br\/acervo-correio\/index.php?rest_route=\/wp\/v2\/posts\/237701\/revisions"}],"predecessor-version":[{"id":237702,"href":"https:\/\/www.ocorreionews.com.br\/acervo-correio\/index.php?rest_route=\/wp\/v2\/posts\/237701\/revisions\/237702"}],"wp:featuredmedia":[{"embeddable":true,"href":"https:\/\/www.ocorreionews.com.br\/acervo-correio\/index.php?rest_route=\/wp\/v2\/media\/236992"}],"wp:attachment":[{"href":"https:\/\/www.ocorreionews.com.br\/acervo-correio\/index.php?rest_route=%2Fwp%2Fv2%2Fmedia&parent=237701"}],"wp:term":[{"taxonomy":"category","embeddable":true,"href":"https:\/\/www.ocorreionews.com.br\/acervo-correio\/index.php?rest_route=%2Fwp%2Fv2%2Fcategories&post=237701"},{"taxonomy":"post_tag","embeddable":true,"href":"https:\/\/www.ocorreionews.com.br\/acervo-correio\/index.php?rest_route=%2Fwp%2Fv2%2Ftags&post=237701"}],"curies":[{"name":"wp","href":"https:\/\/api.w.org\/{rel}","templated":true}]}}