{"id":237729,"date":"2023-04-23T07:21:07","date_gmt":"2023-04-23T11:21:07","guid":{"rendered":"https:\/\/www.ocorreionews.com.br\/acervo-correio\/?p=237729"},"modified":"2023-04-23T07:21:07","modified_gmt":"2023-04-23T11:21:07","slug":"cantora-sertaneja-morre-apos-capotar-o-carro","status":"publish","type":"post","link":"https:\/\/www.ocorreionews.com.br\/acervo-correio\/?p=237729","title":{"rendered":"Cantora sertaneja morre ap\u00f3s capotar o carro"},"content":{"rendered":"<div class=\"text\">\n<p>A Policia Militar Rodovi\u00e1ria Estadual de S\u00e3o Paulo (PRE-SP) registrou,\u00a0 um acidente de tr\u00e2nsito com v\u00edtima fatal na Rodovia At\u00edlio Balbo, nas proximidades de Sert\u00e3ozinho (regi\u00e3o de Ribeir\u00e3o Preto).<\/p>\n<p>A cantora sertaneja Grazielle Barbosa da Rocha, de 25 anos, que conduzia o ve\u00edculo, faleceu no local, sendo encontrada pelos socorristas j\u00e1 sem vida.<\/p>\n<div id=\"taboola-mid-article\" class=\"d-print-none my-3\"><\/div>\n<p>O ve\u00edculo em que estava, junto com outra mulher de 24 anos, capotou ap\u00f3s perda do controle da dire\u00e7\u00e3o, nas proximidades de uma pra\u00e7a de ped\u00e1gio.<\/p>\n<p>A acompanhante sofreu ferimentos leves e foi encaminhada \u00e0 Unidade de Pronto Atendimento (UPA) de Sert\u00e3ozinho.<\/p>\n<p>A Prefeitura do munic\u00edpio prestou homenagens para a artista que, em redes sociais, tamb\u00e9m recebeu in\u00fameras manifesta\u00e7\u00f5es de f\u00e3s e seguidores.<\/p>\n<p>Em sua \u00faltima publica\u00e7\u00e3o, Grazielle aparece cantando a m\u00fasica Dormi na Pra\u00e7a, de Bruno e Marrone, ao lado da cantora Ra\u00edssa Iglesias.<\/p>\n<\/div>\n<p class=\"py-3 d-print-none\"><strong>O Extra<\/strong> &#8211;<\/p>\n","protected":false},"excerpt":{"rendered":"<p>A Policia Militar Rodovi\u00e1ria Estadual de S\u00e3o Paulo (PRE-SP) registrou,\u00a0 um acidente de tr\u00e2nsito com v\u00edtima fatal na Rodovia At\u00edlio Balbo, nas proximidades de Sert\u00e3ozinho (regi\u00e3o de Ribeir\u00e3o Preto). A cantora sertaneja Grazielle Barbosa da Rocha, de 25 anos, que conduzia o ve\u00edculo, faleceu no local, sendo encontrada pelos socorristas j\u00e1 sem vida. O ve\u00edculo [&hellip;]<\/p>\n","protected":false},"author":4,"featured_media":237730,"comment_status":"closed","ping_status":"closed","sticky":false,"template":"","format":"standard","meta":{"footnotes":""},"categories":[38],"tags":[],"class_list":["post-237729","post","type-post","status-publish","format-standard","has-post-thumbnail","hentry","category-policia"],"_links":{"self":[{"href":"https:\/\/www.ocorreionews.com.br\/acervo-correio\/index.php?rest_route=\/wp\/v2\/posts\/237729","targetHints":{"allow":["GET"]}}],"collection":[{"href":"https:\/\/www.ocorreionews.com.br\/acervo-correio\/index.php?rest_route=\/wp\/v2\/posts"}],"about":[{"href":"https:\/\/www.ocorreionews.com.br\/acervo-correio\/index.php?rest_route=\/wp\/v2\/types\/post"}],"author":[{"embeddable":true,"href":"https:\/\/www.ocorreionews.com.br\/acervo-correio\/index.php?rest_route=\/wp\/v2\/users\/4"}],"replies":[{"embeddable":true,"href":"https:\/\/www.ocorreionews.com.br\/acervo-correio\/index.php?rest_route=%2Fwp%2Fv2%2Fcomments&post=237729"}],"version-history":[{"count":1,"href":"https:\/\/www.ocorreionews.com.br\/acervo-correio\/index.php?rest_route=\/wp\/v2\/posts\/237729\/revisions"}],"predecessor-version":[{"id":237731,"href":"https:\/\/www.ocorreionews.com.br\/acervo-correio\/index.php?rest_route=\/wp\/v2\/posts\/237729\/revisions\/237731"}],"wp:featuredmedia":[{"embeddable":true,"href":"https:\/\/www.ocorreionews.com.br\/acervo-correio\/index.php?rest_route=\/wp\/v2\/media\/237730"}],"wp:attachment":[{"href":"https:\/\/www.ocorreionews.com.br\/acervo-correio\/index.php?rest_route=%2Fwp%2Fv2%2Fmedia&parent=237729"}],"wp:term":[{"taxonomy":"category","embeddable":true,"href":"https:\/\/www.ocorreionews.com.br\/acervo-correio\/index.php?rest_route=%2Fwp%2Fv2%2Fcategories&post=237729"},{"taxonomy":"post_tag","embeddable":true,"href":"https:\/\/www.ocorreionews.com.br\/acervo-correio\/index.php?rest_route=%2Fwp%2Fv2%2Ftags&post=237729"}],"curies":[{"name":"wp","href":"https:\/\/api.w.org\/{rel}","templated":true}]}}