{"id":237825,"date":"2023-04-24T10:04:13","date_gmt":"2023-04-24T14:04:13","guid":{"rendered":"https:\/\/www.ocorreionews.com.br\/acervo-correio\/?p=237825"},"modified":"2023-04-24T10:04:13","modified_gmt":"2023-04-24T14:04:13","slug":"legislativo-de-alcinopolis-publica-licitacao-para-obra-de-ampliacao-do-predio","status":"publish","type":"post","link":"https:\/\/www.ocorreionews.com.br\/acervo-correio\/?p=237825","title":{"rendered":"Legislativo de Alcin\u00f3polis publica licita\u00e7\u00e3o para obra de amplia\u00e7\u00e3o do pr\u00e9dio"},"content":{"rendered":"<p>A C\u00e2mara Municipal de Alcin\u00f3polis, publicou hoje 24\/04, no di\u00e1rio oficial eletr\u00f4nico n\u00ba 11.138, do Estado de Mato Grosso do Sul, a tomada de pre\u00e7os n\u00ba 001\/2023, processo administrativo n\u00ba 006\/2023, aviso de licita\u00e7\u00e3o para execu\u00e7\u00e3o da obra de amplia\u00e7\u00e3o da C\u00e2mara Municipal de Alcin\u00f3polis \u201cPr\u00e9dio Vereador Carlos Ant\u00f4nio Costa Carneiro\u201d, conforme especifica\u00e7\u00f5es constantes no projeto b\u00e1sico.<\/p>\n<p>Abertura dos processos das propostas, ser\u00e1 no dia 17\/05, \u00e1s 09:00 horas, no departamento de licita\u00e7\u00e3o, na avenida Averaldo Fernandes Barbosa, 1.223.<\/p>\n<p>O instrumento convocat\u00f3rio e seus anexos poder\u00e3o ser retirados no departamento de licita\u00e7\u00f5es, no endere\u00e7o supracitado, de 2\u00aa a 6\u00aa feira (dias \u00fateis), DAS 7H00 \u00e0s 12H00.<\/p>\n<p>&nbsp;<\/p>\n<p>Para maiores informa\u00e7\u00f5es acesse o di\u00e1rio oficial <a href=\"https:\/\/www.spdo.ms.gov.br\/diariodoe\/Index\/Download\/DO11138_24_04_2023\"><strong>CLICANDO AQUI!<\/strong><\/a><\/p>\n<p>regionalms<\/p>\n","protected":false},"excerpt":{"rendered":"<p>A C\u00e2mara Municipal de Alcin\u00f3polis, publicou hoje 24\/04, no di\u00e1rio oficial eletr\u00f4nico n\u00ba 11.138, do Estado de Mato Grosso do Sul, a tomada de pre\u00e7os n\u00ba 001\/2023, processo administrativo n\u00ba 006\/2023, aviso de licita\u00e7\u00e3o para execu\u00e7\u00e3o da obra de amplia\u00e7\u00e3o da C\u00e2mara Municipal de Alcin\u00f3polis \u201cPr\u00e9dio Vereador Carlos Ant\u00f4nio Costa Carneiro\u201d, conforme especifica\u00e7\u00f5es constantes no [&hellip;]<\/p>\n","protected":false},"author":4,"featured_media":192063,"comment_status":"closed","ping_status":"closed","sticky":false,"template":"","format":"standard","meta":{"footnotes":""},"categories":[18,20],"tags":[],"class_list":["post-237825","post","type-post","status-publish","format-standard","has-post-thumbnail","hentry","category-alcinopolis","category-camara-municipal"],"_links":{"self":[{"href":"https:\/\/www.ocorreionews.com.br\/acervo-correio\/index.php?rest_route=\/wp\/v2\/posts\/237825","targetHints":{"allow":["GET"]}}],"collection":[{"href":"https:\/\/www.ocorreionews.com.br\/acervo-correio\/index.php?rest_route=\/wp\/v2\/posts"}],"about":[{"href":"https:\/\/www.ocorreionews.com.br\/acervo-correio\/index.php?rest_route=\/wp\/v2\/types\/post"}],"author":[{"embeddable":true,"href":"https:\/\/www.ocorreionews.com.br\/acervo-correio\/index.php?rest_route=\/wp\/v2\/users\/4"}],"replies":[{"embeddable":true,"href":"https:\/\/www.ocorreionews.com.br\/acervo-correio\/index.php?rest_route=%2Fwp%2Fv2%2Fcomments&post=237825"}],"version-history":[{"count":1,"href":"https:\/\/www.ocorreionews.com.br\/acervo-correio\/index.php?rest_route=\/wp\/v2\/posts\/237825\/revisions"}],"predecessor-version":[{"id":237828,"href":"https:\/\/www.ocorreionews.com.br\/acervo-correio\/index.php?rest_route=\/wp\/v2\/posts\/237825\/revisions\/237828"}],"wp:featuredmedia":[{"embeddable":true,"href":"https:\/\/www.ocorreionews.com.br\/acervo-correio\/index.php?rest_route=\/wp\/v2\/media\/192063"}],"wp:attachment":[{"href":"https:\/\/www.ocorreionews.com.br\/acervo-correio\/index.php?rest_route=%2Fwp%2Fv2%2Fmedia&parent=237825"}],"wp:term":[{"taxonomy":"category","embeddable":true,"href":"https:\/\/www.ocorreionews.com.br\/acervo-correio\/index.php?rest_route=%2Fwp%2Fv2%2Fcategories&post=237825"},{"taxonomy":"post_tag","embeddable":true,"href":"https:\/\/www.ocorreionews.com.br\/acervo-correio\/index.php?rest_route=%2Fwp%2Fv2%2Ftags&post=237825"}],"curies":[{"name":"wp","href":"https:\/\/api.w.org\/{rel}","templated":true}]}}