{"id":237831,"date":"2023-04-24T10:16:36","date_gmt":"2023-04-24T14:16:36","guid":{"rendered":"https:\/\/www.ocorreionews.com.br\/acervo-correio\/?p=237831"},"modified":"2023-04-24T10:16:36","modified_gmt":"2023-04-24T14:16:36","slug":"corpo-de-menina-trocada-pela-mae-por-droga-e-velado-na-fronteira","status":"publish","type":"post","link":"https:\/\/www.ocorreionews.com.br\/acervo-correio\/?p=237831","title":{"rendered":"Corpo de menina trocada pela m\u00e3e por droga \u00e9 velado na fronteira"},"content":{"rendered":"<p>O corpo da menina de 3 anos, estuprada e assassinada depois de ser trocada por droga pela m\u00e3e em uma \u201cboca de fumo\u201d, est\u00e1 sendo velado nesta segunda-feira (24) em Pedro Juan Caballero, cidade paraguaia separada por uma rua de Ponta Por\u00e3 (MS).<\/p>\n<p>Ap\u00f3s aut\u00f3psia feita na capital Asunci\u00f3n, o corpo da crian\u00e7a chegou durante a madrugada e est\u00e1 sendo velado na capela San Antonio de P\u00e1dua. A m\u00e3e da menina, de 42 anos, est\u00e1 presa acusada de trocar a filha por 30 doses de crack e 100 mil guaranis (em torno de 75 reais).<\/p>\n<p>Neste domingo, o m\u00e9dico forense Pablo Lemir afirmou que a crian\u00e7a tinha sinais de abuso sexual, mas disse que a causa da morte ainda n\u00e3o est\u00e1 clara e preferiu aguardar o resultado dos exames. A suspeita \u00e9 que a menina tenha sido asfixiada.<\/p>\n<p>Al\u00e9m da m\u00e3e da crian\u00e7a, um adolescente de 17 anos est\u00e1 preso como principal suspeito do estupro e da morte. O corpo foi encontrado por volta de meio-dia de s\u00e1bado (22) sobre a cama de uma casa abandonada, no assentamento Romero Cu\u00e9, em Pedro Juan Caballero.<\/p>\n<p>Ainda ontem, o Minist\u00e9rio P\u00fablico do Paraguai denunciou formalmente o adolescente por homic\u00eddio doloso e a m\u00e3e da crian\u00e7a como c\u00famplice do crime e tamb\u00e9m por co-autoria na oculta\u00e7\u00e3o do cad\u00e1ver. Um casal, apontado como dono da \u201cboca\u201d onde a crian\u00e7a foi deixada, tamb\u00e9m est\u00e1 detido.<\/p>\n<p>Outras duas pessoas est\u00e3o sendo procuradas pela pol\u00edcia. Uma delas seria homem de 30 anos, que convivia com a irm\u00e3 da menina morta \u2013 uma crian\u00e7a de 12 anos de idade. O outro procurado teria sido visto na cena do crime junto com o adolescente.<\/p>\n<p>Por Helio de Freitas &#8211; CAMPO GRANDE NEWS<\/p>\n","protected":false},"excerpt":{"rendered":"<p>O corpo da menina de 3 anos, estuprada e assassinada depois de ser trocada por droga pela m\u00e3e em uma \u201cboca de fumo\u201d, est\u00e1 sendo velado nesta segunda-feira (24) em Pedro Juan Caballero, cidade paraguaia separada por uma rua de Ponta Por\u00e3 (MS). Ap\u00f3s aut\u00f3psia feita na capital Asunci\u00f3n, o corpo da crian\u00e7a chegou durante [&hellip;]<\/p>\n","protected":false},"author":5,"featured_media":237832,"comment_status":"closed","ping_status":"closed","sticky":false,"template":"","format":"standard","meta":{"footnotes":""},"categories":[38],"tags":[],"class_list":["post-237831","post","type-post","status-publish","format-standard","has-post-thumbnail","hentry","category-policia"],"_links":{"self":[{"href":"https:\/\/www.ocorreionews.com.br\/acervo-correio\/index.php?rest_route=\/wp\/v2\/posts\/237831","targetHints":{"allow":["GET"]}}],"collection":[{"href":"https:\/\/www.ocorreionews.com.br\/acervo-correio\/index.php?rest_route=\/wp\/v2\/posts"}],"about":[{"href":"https:\/\/www.ocorreionews.com.br\/acervo-correio\/index.php?rest_route=\/wp\/v2\/types\/post"}],"author":[{"embeddable":true,"href":"https:\/\/www.ocorreionews.com.br\/acervo-correio\/index.php?rest_route=\/wp\/v2\/users\/5"}],"replies":[{"embeddable":true,"href":"https:\/\/www.ocorreionews.com.br\/acervo-correio\/index.php?rest_route=%2Fwp%2Fv2%2Fcomments&post=237831"}],"version-history":[{"count":1,"href":"https:\/\/www.ocorreionews.com.br\/acervo-correio\/index.php?rest_route=\/wp\/v2\/posts\/237831\/revisions"}],"predecessor-version":[{"id":237833,"href":"https:\/\/www.ocorreionews.com.br\/acervo-correio\/index.php?rest_route=\/wp\/v2\/posts\/237831\/revisions\/237833"}],"wp:featuredmedia":[{"embeddable":true,"href":"https:\/\/www.ocorreionews.com.br\/acervo-correio\/index.php?rest_route=\/wp\/v2\/media\/237832"}],"wp:attachment":[{"href":"https:\/\/www.ocorreionews.com.br\/acervo-correio\/index.php?rest_route=%2Fwp%2Fv2%2Fmedia&parent=237831"}],"wp:term":[{"taxonomy":"category","embeddable":true,"href":"https:\/\/www.ocorreionews.com.br\/acervo-correio\/index.php?rest_route=%2Fwp%2Fv2%2Fcategories&post=237831"},{"taxonomy":"post_tag","embeddable":true,"href":"https:\/\/www.ocorreionews.com.br\/acervo-correio\/index.php?rest_route=%2Fwp%2Fv2%2Ftags&post=237831"}],"curies":[{"name":"wp","href":"https:\/\/api.w.org\/{rel}","templated":true}]}}