{"id":237839,"date":"2023-04-24T10:48:12","date_gmt":"2023-04-24T14:48:12","guid":{"rendered":"https:\/\/www.ocorreionews.com.br\/acervo-correio\/?p=237839"},"modified":"2023-04-24T10:48:12","modified_gmt":"2023-04-24T14:48:12","slug":"feriado-de-tiradentes-termina-com-7-mortos-em-rodovias-estaduais-e-federais-em-ms","status":"publish","type":"post","link":"https:\/\/www.ocorreionews.com.br\/acervo-correio\/?p=237839","title":{"rendered":"Feriado de Tiradentes termina com 7 mortos em rodovias estaduais e federais em MS"},"content":{"rendered":"<p>Acidentes de tr\u00e2nsito nas rodovias estaduais e federais de Mato Grosso do Sul causaram a morte de sete pessoas durante o feriado de Tiradentes, neste ano. Os casos foram registrados na MS-157 em Itapor\u00e3, na MS-165 em Aral Moreira e na BR-158 em Parana\u00edba e Aparecida do Taboado. Em uma das colis\u00f5es, tr\u00eas pessoas, sendo uma delas crian\u00e7a, da mesma fam\u00edlia morreram.<\/p>\n<p>O total de quantos acidentes foi registrado ainda n\u00e3o foi divulgado pela Pol\u00edcia Militar Rodovi\u00e1ria Estadual nem pela Pol\u00edcia Rodovi\u00e1ria Federal. O balan\u00e7o deve sair no per\u00edodo da tarde. A maioria das colis\u00f5es que terminou em morte foi causada por tentativa de ultrapassagem. Manobras que est\u00e3o entre as principais preocupa\u00e7\u00f5es das pol\u00edcias.<\/p>\n<figure style=\"width: 603px\" class=\"wp-caption aligncenter\"><img loading=\"lazy\" decoding=\"async\" class=\"img-fluid\" src=\"https:\/\/cdn6.campograndenews.com.br\/uploads\/noticias\/2023\/04\/24\/zokj9vygc8s2.jpg\" sizes=\"auto, (min-width: 1024px) calc(.5 * (100vw - 21.875em)), 100vw\" srcset=\"https:\/\/cdn6.campograndenews.com.br\/uploads\/noticias\/2023\/04\/24\/9z2y0mfsy5q7.jpg 1024w, https:\/\/cdn6.campograndenews.com.br\/uploads\/noticias\/2023\/04\/24\/b3xwyerj5s7v.jpg 640w, https:\/\/cdn6.campograndenews.com.br\/uploads\/noticias\/2023\/04\/24\/zokj9vygc8s2.jpg 320w\" alt=\"A motocicleta que Eliando Pilotava virou um amontoado de lataria (Foto: Adilson Domingos) \" width=\"603\" height=\"321\" \/><figcaption class=\"wp-caption-text\">A motocicleta que Eliando Pilotava virou um amontoado de lataria (Foto: Adilson Domingos)<\/figcaption><\/figure>\n<p>&nbsp;<\/p>\n<p><strong>MS-157 &#8211;<\/strong> Na noite de ontem (23), na MS-157, Eliandro Aparecido Lopes morreu ao tentar ultrapassar e colidir a motocicleta Honda Hornet que conduzia de frente com um Citroen C3, entre os munic\u00edpios de Itapor\u00e3 e Maracaju. Ele morreu no local. No carro de passeio, os tr\u00eas ocupantes foram socorridos e levados para o Hospital Municipal Lourival Nascimento da Silva, em Itapor\u00e3.<\/p>\n<figure style=\"width: 603px\" class=\"wp-caption aligncenter\"><img loading=\"lazy\" decoding=\"async\" class=\"img-fluid\" src=\"https:\/\/cdn6.campograndenews.com.br\/uploads\/noticias\/2023\/04\/24\/31aee5swfg2sk.jpeg\" sizes=\"auto, (min-width: 1024px) calc(.5 * (100vw - 21.875em)), 100vw\" srcset=\"https:\/\/cdn6.campograndenews.com.br\/uploads\/noticias\/2023\/04\/24\/3kc22nqofdus4.jpeg 1024w, https:\/\/cdn6.campograndenews.com.br\/uploads\/noticias\/2023\/04\/24\/2cv1jixb3eo00.jpeg 640w, https:\/\/cdn6.campograndenews.com.br\/uploads\/noticias\/2023\/04\/24\/31aee5swfg2sk.jpeg 320w\" alt=\"Carro envolvido em acidente com motocicleta na MS-157. O motociclista Eliandro Aparecido Lopes morreu no local (Foto: Adilson Domingos)\" width=\"603\" height=\"339\" \/><figcaption class=\"wp-caption-text\">Carro envolvido em acidente com motocicleta na MS-157. O motociclista Eliandro Aparecido Lopes morreu no local (Foto: Adilson Domingos)<\/figcaption><\/figure>\n<p><strong>MS-165 &#8211;<\/strong> Dione Gon\u00e7alves, de 27 anos, e Anderson Franco Dias, de 34 anos, morreram em acidente na madrugada de s\u00e1bado, no Km 36 da MS-165, na sa\u00edda para Vila Marques, em Aral Moreira. Dione e Anderson e mais um rapaz, de 24 anos, ocupavam um Chevrolet Corsa, de cor vermelha, que estava parado no acostamento, quando o carro foi atingido na traseira por um Volkswagen Voyage. Dione e Anderson morreram no local.O outro ocupante do Corsa foi socorrido com ferimentos leves. J\u00e1 o condutor do Voyage, de 46 anos, sofreu ferimentos graves e foi levado para um hospital da regi\u00e3o.<\/p>\n<figure style=\"width: 601px\" class=\"wp-caption aligncenter\"><img loading=\"lazy\" decoding=\"async\" class=\"img-fluid\" src=\"https:\/\/cdn6.campograndenews.com.br\/uploads\/noticias\/2023\/04\/24\/1le8h6p2g4j6n.jpg\" sizes=\"auto, (min-width: 1024px) calc(.5 * (100vw - 21.875em)), 100vw\" srcset=\"https:\/\/cdn6.campograndenews.com.br\/uploads\/noticias\/2023\/04\/24\/15tr8pmyu1wb2.jpg 1024w, https:\/\/cdn6.campograndenews.com.br\/uploads\/noticias\/2023\/04\/24\/1vmte695zjg0o.jpg 640w, https:\/\/cdn6.campograndenews.com.br\/uploads\/noticias\/2023\/04\/24\/1le8h6p2g4j6n.jpg 320w\" alt=\"Voyage que colidiu na traseira de Corsa ficou com a frente destru\u00edda (Foto: divulga\u00e7\u00e3o)\" width=\"601\" height=\"433\" \/><figcaption class=\"wp-caption-text\">Voyage que colidiu na traseira de Corsa ficou com a frente destru\u00edda (Foto: divulga\u00e7\u00e3o)<\/figcaption><\/figure>\n<p>&nbsp;<\/p>\n<p><strong>BR-158<\/strong> &#8211; Na sexta-feira, o motociclista Manoel Cardoso de Oliveira, 34 anos, morreu ap\u00f3s se envolver em um acidente na BR-158, em Aparecida do Taboado. A v\u00edtima trafegava na rodovia sentido ao munic\u00edpio de Santa F\u00e9 do Sul, interior de S\u00e3o Paulo, quando foi atingida pela condutora do carro Volkswagen Gol, que vinha na dire\u00e7\u00e3o contr\u00e1ria. Manoel chegou a ser socorrido para o Hospital Municipal Nossa Senhora Aparecida, mas n\u00e3o resistiu.<\/p>\n<p><strong>BR-158<\/strong> &#8211; Foi identificado como Rivaldo Teixeira de Souza, de 41 anos, o condutor do carro Ford Fiesta Sedan que se envolveu em acidente com uma carreta na tarde de sexta-feira (21), na BR-158 em Parana\u00edba. Al\u00e9m de Rivaldo, havia mais tr\u00eas pessoas no carro, Cristiane dos Santos Sacramento, de 38 anos, e uma crian\u00e7a de 4 anos, que tamb\u00e9m morreram. A quarta v\u00edtima \u00e9 um adolescente de 16 anos. Ele foi levado para o hospital do munic\u00edpio em estado grave. N\u00e3o h\u00e1 informa\u00e7\u00e3o sobre o estado de sa\u00fade dele.<\/p>\n<figure id=\"attachment_237617\" aria-describedby=\"caption-attachment-237617\" style=\"width: 600px\" class=\"wp-caption aligncenter\"><a href=\"https:\/\/www.ocorreionews.com.br\/acervo-correio\/wp-content\/uploads\/2023\/04\/acidente-familia-06.jpg\"><img loading=\"lazy\" decoding=\"async\" class=\"wp-image-237617\" src=\"https:\/\/www.ocorreionews.com.br\/acervo-correio\/wp-content\/uploads\/2023\/04\/acidente-familia-06.jpg\" alt=\"\" width=\"600\" height=\"452\" srcset=\"https:\/\/www.ocorreionews.com.br\/acervo-correio\/wp-content\/uploads\/2023\/04\/acidente-familia-06.jpg 1600w, https:\/\/www.ocorreionews.com.br\/acervo-correio\/wp-content\/uploads\/2023\/04\/acidente-familia-06-300x226.jpg 300w, https:\/\/www.ocorreionews.com.br\/acervo-correio\/wp-content\/uploads\/2023\/04\/acidente-familia-06-1024x771.jpg 1024w, https:\/\/www.ocorreionews.com.br\/acervo-correio\/wp-content\/uploads\/2023\/04\/acidente-familia-06-768x578.jpg 768w, https:\/\/www.ocorreionews.com.br\/acervo-correio\/wp-content\/uploads\/2023\/04\/acidente-familia-06-1536x1156.jpg 1536w, https:\/\/www.ocorreionews.com.br\/acervo-correio\/wp-content\/uploads\/2023\/04\/acidente-familia-06-86x64.jpg 86w\" sizes=\"auto, (max-width: 600px) 100vw, 600px\" \/><\/a><figcaption id=\"caption-attachment-237617\" class=\"wp-caption-text\">Carreta que colidiu com o carro que estava a fam\u00edlia de Cardoso &#8211; SP<\/figcaption><\/figure>\n<figure id=\"attachment_237613\" aria-describedby=\"caption-attachment-237613\" style=\"width: 600px\" class=\"wp-caption aligncenter\"><a href=\"https:\/\/www.ocorreionews.com.br\/acervo-correio\/wp-content\/uploads\/2023\/04\/acidente-familia-02.jpg\"><img loading=\"lazy\" decoding=\"async\" class=\"wp-image-237613 \" src=\"https:\/\/www.ocorreionews.com.br\/acervo-correio\/wp-content\/uploads\/2023\/04\/acidente-familia-02.jpg\" alt=\"\" width=\"600\" height=\"452\" srcset=\"https:\/\/www.ocorreionews.com.br\/acervo-correio\/wp-content\/uploads\/2023\/04\/acidente-familia-02.jpg 1600w, https:\/\/www.ocorreionews.com.br\/acervo-correio\/wp-content\/uploads\/2023\/04\/acidente-familia-02-300x226.jpg 300w, https:\/\/www.ocorreionews.com.br\/acervo-correio\/wp-content\/uploads\/2023\/04\/acidente-familia-02-1024x771.jpg 1024w, https:\/\/www.ocorreionews.com.br\/acervo-correio\/wp-content\/uploads\/2023\/04\/acidente-familia-02-768x578.jpg 768w, https:\/\/www.ocorreionews.com.br\/acervo-correio\/wp-content\/uploads\/2023\/04\/acidente-familia-02-1536x1156.jpg 1536w, https:\/\/www.ocorreionews.com.br\/acervo-correio\/wp-content\/uploads\/2023\/04\/acidente-familia-02-86x64.jpg 86w\" sizes=\"auto, (max-width: 600px) 100vw, 600px\" \/><\/a><figcaption id=\"caption-attachment-237613\" class=\"wp-caption-text\">O Ford Fiesta ficou totalmente destru\u00eddo ap\u00f3s colidir frontalmente com a carreta<\/figcaption><\/figure>\n<p>&nbsp;<\/p>\n<p>Por Viviane Oliveira &#8211;\u00a0 CAMPO GRANDE NEWS<\/p>\n","protected":false},"excerpt":{"rendered":"<p>Acidentes de tr\u00e2nsito nas rodovias estaduais e federais de Mato Grosso do Sul causaram a morte de sete pessoas durante o feriado de Tiradentes, neste ano. Os casos foram registrados na MS-157 em Itapor\u00e3, na MS-165 em Aral Moreira e na BR-158 em Parana\u00edba e Aparecida do Taboado. Em uma das colis\u00f5es, tr\u00eas pessoas, sendo [&hellip;]<\/p>\n","protected":false},"author":5,"featured_media":237614,"comment_status":"closed","ping_status":"closed","sticky":false,"template":"","format":"standard","meta":{"footnotes":""},"categories":[38],"tags":[],"class_list":["post-237839","post","type-post","status-publish","format-standard","has-post-thumbnail","hentry","category-policia"],"_links":{"self":[{"href":"https:\/\/www.ocorreionews.com.br\/acervo-correio\/index.php?rest_route=\/wp\/v2\/posts\/237839","targetHints":{"allow":["GET"]}}],"collection":[{"href":"https:\/\/www.ocorreionews.com.br\/acervo-correio\/index.php?rest_route=\/wp\/v2\/posts"}],"about":[{"href":"https:\/\/www.ocorreionews.com.br\/acervo-correio\/index.php?rest_route=\/wp\/v2\/types\/post"}],"author":[{"embeddable":true,"href":"https:\/\/www.ocorreionews.com.br\/acervo-correio\/index.php?rest_route=\/wp\/v2\/users\/5"}],"replies":[{"embeddable":true,"href":"https:\/\/www.ocorreionews.com.br\/acervo-correio\/index.php?rest_route=%2Fwp%2Fv2%2Fcomments&post=237839"}],"version-history":[{"count":1,"href":"https:\/\/www.ocorreionews.com.br\/acervo-correio\/index.php?rest_route=\/wp\/v2\/posts\/237839\/revisions"}],"predecessor-version":[{"id":237840,"href":"https:\/\/www.ocorreionews.com.br\/acervo-correio\/index.php?rest_route=\/wp\/v2\/posts\/237839\/revisions\/237840"}],"wp:featuredmedia":[{"embeddable":true,"href":"https:\/\/www.ocorreionews.com.br\/acervo-correio\/index.php?rest_route=\/wp\/v2\/media\/237614"}],"wp:attachment":[{"href":"https:\/\/www.ocorreionews.com.br\/acervo-correio\/index.php?rest_route=%2Fwp%2Fv2%2Fmedia&parent=237839"}],"wp:term":[{"taxonomy":"category","embeddable":true,"href":"https:\/\/www.ocorreionews.com.br\/acervo-correio\/index.php?rest_route=%2Fwp%2Fv2%2Fcategories&post=237839"},{"taxonomy":"post_tag","embeddable":true,"href":"https:\/\/www.ocorreionews.com.br\/acervo-correio\/index.php?rest_route=%2Fwp%2Fv2%2Ftags&post=237839"}],"curies":[{"name":"wp","href":"https:\/\/api.w.org\/{rel}","templated":true}]}}