{"id":237841,"date":"2023-04-24T10:51:27","date_gmt":"2023-04-24T14:51:27","guid":{"rendered":"https:\/\/www.ocorreionews.com.br\/acervo-correio\/?p=237841"},"modified":"2023-04-24T10:51:27","modified_gmt":"2023-04-24T14:51:27","slug":"4a-edicao-do-evento-uma-feira-para-todos-acontece-no-dia-3-de-maio-em-costa-rica","status":"publish","type":"post","link":"https:\/\/www.ocorreionews.com.br\/acervo-correio\/?p=237841","title":{"rendered":"4\u00aa edi\u00e7\u00e3o do evento \u201cUma Feira para Todos\u201d acontece no dia 3 de maio em Costa Rica"},"content":{"rendered":"<div class=\"ntc_cont_descricao_noticia sw_txteditor\">\n<div>Acontece no dia 3 de maio, quarta-feira, a partir das 18 horas na Feira do Produtor de Costa Rica, a 4\u00aa edi\u00e7\u00e3o do evento \u201cUma Feira para Todos\u201d, que \u00e9 realizado pelo Governo de Costa Rica, atrav\u00e9s da SEMAD (Secretaria Municipal de Agricultura e Desenvolvimento), com apoio da Secretaria Municipal de Assist\u00eancia Social, Secretaria de Pol\u00edtica P\u00fablicas para Mulheres, AFECRI (Associa\u00e7\u00e3o dos Feirantes da Feira do Produtor de Costa Rica), Sala do Empreendedor e C\u00e2mara de Vereadores.<\/p>\n<p>Al\u00e9m dos feirantes fixos no local, a iniciativa re\u00fane microempreendedores de Costa Rica interessados em alavancar as vendas, podendo comercializar seus produtos durante a a\u00e7\u00e3o.<\/p>\n<p>\u201cAl\u00e9m de uma oportunidade de alavancar a economia local, o evento tamb\u00e9m fomenta a cultura atrav\u00e9s de apresenta\u00e7\u00f5es de artistas regionais e sorteio de brindes para o p\u00fablico presente\u201d, destaca o prefeito de Costa Rica, delegado Cleverson Alves dos Santos.<\/p>\n<p>Conforme o subsecret\u00e1rio de Desenvolvimento, Airton Ruiz, nesta edi\u00e7\u00e3o o evento contar\u00e1 com a participa\u00e7\u00e3o especial do cantor Flavinho Correa. A entrada \u00e9 franca.<\/p><\/div>\n<p><a href=\"https:\/\/www.ocorreionews.com.br\/acervo-correio\/wp-content\/uploads\/2023\/04\/4a-edicao-Uma-Feira-para-Todos.jpg\"><img loading=\"lazy\" decoding=\"async\" class=\"wp-image-237842 aligncenter\" src=\"https:\/\/www.ocorreionews.com.br\/acervo-correio\/wp-content\/uploads\/2023\/04\/4a-edicao-Uma-Feira-para-Todos.jpg\" alt=\"\" width=\"598\" height=\"598\" srcset=\"https:\/\/www.ocorreionews.com.br\/acervo-correio\/wp-content\/uploads\/2023\/04\/4a-edicao-Uma-Feira-para-Todos.jpg 800w, https:\/\/www.ocorreionews.com.br\/acervo-correio\/wp-content\/uploads\/2023\/04\/4a-edicao-Uma-Feira-para-Todos-300x300.jpg 300w, https:\/\/www.ocorreionews.com.br\/acervo-correio\/wp-content\/uploads\/2023\/04\/4a-edicao-Uma-Feira-para-Todos-150x150.jpg 150w, https:\/\/www.ocorreionews.com.br\/acervo-correio\/wp-content\/uploads\/2023\/04\/4a-edicao-Uma-Feira-para-Todos-768x768.jpg 768w\" sizes=\"auto, (max-width: 598px) 100vw, 598px\" \/><\/a><\/p>\n<\/div>\n<div class=\"ntc_area_info_noticia sw_lato\">\n<div>\n<div class=\"ntc_info_noticia\"><strong class=\"sw_lato_black\">Fonte: <\/strong>Assessoria de Comunica\u00e7\u00e3o,<strong class=\"sw_lato_black\">\u00a0<\/strong>Angela Bezerra<\/div>\n<\/div>\n<\/div>\n","protected":false},"excerpt":{"rendered":"<p>Acontece no dia 3 de maio, quarta-feira, a partir das 18 horas na Feira do Produtor de Costa Rica, a 4\u00aa edi\u00e7\u00e3o do evento \u201cUma Feira para Todos\u201d, que \u00e9 realizado pelo Governo de Costa Rica, atrav\u00e9s da SEMAD (Secretaria Municipal de Agricultura e Desenvolvimento), com apoio da Secretaria Municipal de Assist\u00eancia Social, Secretaria de [&hellip;]<\/p>\n","protected":false},"author":5,"featured_media":237842,"comment_status":"closed","ping_status":"closed","sticky":false,"template":"","format":"standard","meta":{"footnotes":""},"categories":[25],"tags":[],"class_list":["post-237841","post","type-post","status-publish","format-standard","has-post-thumbnail","hentry","category-costa-rica"],"_links":{"self":[{"href":"https:\/\/www.ocorreionews.com.br\/acervo-correio\/index.php?rest_route=\/wp\/v2\/posts\/237841","targetHints":{"allow":["GET"]}}],"collection":[{"href":"https:\/\/www.ocorreionews.com.br\/acervo-correio\/index.php?rest_route=\/wp\/v2\/posts"}],"about":[{"href":"https:\/\/www.ocorreionews.com.br\/acervo-correio\/index.php?rest_route=\/wp\/v2\/types\/post"}],"author":[{"embeddable":true,"href":"https:\/\/www.ocorreionews.com.br\/acervo-correio\/index.php?rest_route=\/wp\/v2\/users\/5"}],"replies":[{"embeddable":true,"href":"https:\/\/www.ocorreionews.com.br\/acervo-correio\/index.php?rest_route=%2Fwp%2Fv2%2Fcomments&post=237841"}],"version-history":[{"count":1,"href":"https:\/\/www.ocorreionews.com.br\/acervo-correio\/index.php?rest_route=\/wp\/v2\/posts\/237841\/revisions"}],"predecessor-version":[{"id":237844,"href":"https:\/\/www.ocorreionews.com.br\/acervo-correio\/index.php?rest_route=\/wp\/v2\/posts\/237841\/revisions\/237844"}],"wp:featuredmedia":[{"embeddable":true,"href":"https:\/\/www.ocorreionews.com.br\/acervo-correio\/index.php?rest_route=\/wp\/v2\/media\/237842"}],"wp:attachment":[{"href":"https:\/\/www.ocorreionews.com.br\/acervo-correio\/index.php?rest_route=%2Fwp%2Fv2%2Fmedia&parent=237841"}],"wp:term":[{"taxonomy":"category","embeddable":true,"href":"https:\/\/www.ocorreionews.com.br\/acervo-correio\/index.php?rest_route=%2Fwp%2Fv2%2Fcategories&post=237841"},{"taxonomy":"post_tag","embeddable":true,"href":"https:\/\/www.ocorreionews.com.br\/acervo-correio\/index.php?rest_route=%2Fwp%2Fv2%2Ftags&post=237841"}],"curies":[{"name":"wp","href":"https:\/\/api.w.org\/{rel}","templated":true}]}}