{"id":237847,"date":"2023-04-24T10:56:20","date_gmt":"2023-04-24T14:56:20","guid":{"rendered":"https:\/\/www.ocorreionews.com.br\/acervo-correio\/?p=237847"},"modified":"2023-04-24T10:56:20","modified_gmt":"2023-04-24T14:56:20","slug":"comissao-de-servidores-de-paraiso-das-aguas-participa-de-capacitacao-para-nova-lei-de-licitacoes","status":"publish","type":"post","link":"https:\/\/www.ocorreionews.com.br\/acervo-correio\/?p=237847","title":{"rendered":"Comiss\u00e3o de servidores de Para\u00edso das \u00c1guas participa de capacita\u00e7\u00e3o para nova Lei de Licita\u00e7\u00f5es"},"content":{"rendered":"<div class=\"leitura\">\n<p>Servidores da Prefeitura Municipal de Para\u00edso das \u00c1guas, membros da Comiss\u00e3o de Transi\u00e7\u00e3o da Nova Lei de Licita\u00e7\u00f5es, reuniram-se na \u00faltima semana, na sede do munic\u00edpio, para tratar de assuntos referentes \u00e0 capacita\u00e7\u00e3o continuada para\u00a0 servidores envolvidos com compras p\u00fablicas.<\/p>\n<p>Participam da capacita\u00e7\u00e3o cerca de 50 servidores dos setores de licita\u00e7\u00e3o, planejamento, fiscaliza\u00e7\u00e3o de contratos, dentre outros. O curso \u00e9 ministrado pela empresa \u201cCapacitar Cursos e Treinamentos\u201d, de Campo Grande.<\/p>\n<p>A Capacita\u00e7\u00e3o tem como objetivo atualizar os servidores da prefeitura municipal acerca da altera\u00e7\u00e3o da Lei de Licita\u00e7\u00f5es. A nova lei (14133\/21) passa a vigorar a partir de 29 de dezembro de 2023, substituindo a lei atual (866\/93).<\/p>\n<p>De acordo com o prefeito de Para\u00edso das \u00c1guas, Anizio Sobrinho de Andrade, a Comiss\u00e3o tem um papel importante na organiza\u00e7\u00e3o de a\u00e7\u00f5es que visam esclarecer os servidores municipais a respeito da nova legisla\u00e7\u00e3o para compras p\u00fablicas.<\/p>\n<p>Participam da Comiss\u00e3o: Ildo Furtado de Oliveira (Secret\u00e1rio de Planejamento, Administra\u00e7\u00e3o e Finan\u00e7as); Naiara Paes Pereira da Silva (Controladora Geral); Anderson Moreira de Ara\u00fajo (Procurador Jur\u00eddico); Lais Fernanda Ferreira de Lima (Advogada); Patr\u00edcia Aparecida Soares; (Chefe da Divis\u00e3o de Planejamento de Compras); Elo\u00edsa Helena Okumoto dos Santos Schons (Assistente Administrativo);Danner Siena (Superintendente de Licita\u00e7\u00f5es e Contratos).<\/p>\n<p>Segue abaixo alguns dos trabalhos aprovados pela comiss\u00e3o:<\/p>\n<p><a href=\"https:\/\/plenussistemas.dioenet.com.br\/uploads\/view\/12299\">Portaria 425\/2022 &#8211; Convoca\u00e7\u00e3o de servidores para participarem das capacita\u00e7\u00f5es &#8211; Publicado em 06\/09\/2022 (p\u00e1ginas 41 e 42)<\/a><\/p>\n<p><a href=\"https:\/\/plenussistemas.dioenet.com.br\/uploads\/view\/12299\">Portaria 424\/2022 &#8211; Instituiu a Comiss\u00e3o de Transi\u00e7\u00e3o &#8211; Publicada em 09\/09\/2022 (p\u00e1ginas 37 a 39)<\/a><\/p>\n<p><a href=\"http:\/\/Texto: Diogo Rondon DRT1131\/MS  Foto: Divulga\u00e7\u00e3o  ASSECOM \u2013 Prefeitura Municipal de Para\u00edso das \u00c1guas (MS)\">Decreto 824\/2022 &#8211; Processo de Transi\u00e7\u00e3o das leis &#8211; publicado em 07\/10\/2022<\/a><\/p>\n<p><a href=\"http:\/\/Decreto-No-823-Bens-de-Consumo-de-Luxo.pdf\">Decreto 823\/2022 &#8211; Regulamento do enquadramento dos bens de consumo adquiridos para suprir as demandas das estruturas da administra\u00e7\u00e3o p\u00fablica municipal, nas categorias de qualidade comum e luxo &#8211; publicado 07\/10\/2022<\/a><\/p>\n<p><a href=\"http:\/\/Decreto-No-860-Elaboracao-do-Estudo-Tecnico-Preliminar-nas-contratacoes.pdf\">Decreto 860\/2023 &#8211; Disp\u00f5e sobre a elabora\u00e7\u00e3o do estudo t\u00e9cnico preliminar nas contrata\u00e7\u00f5es regulamentadas pela Lei 14.133\/2021, institui a Solicita\u00e7\u00e3o da Demanda &#8211; SD, estabelece a\u00e7\u00f5es para o gerenciamento de riscos<\/a><\/p>\n<p><a href=\"http:\/\/Decreto-No-886-Catalogo-Eletronico-de-Padronizacao-de-Compras-Servicos-e-obras-Municipais.pdf\">Decreto 886\/2023 &#8211; Institui o cat\u00e1logo eletr\u00f4nico de padroniza\u00e7\u00e3o das compras, servi\u00e7os e obras &#8211; publicado em 05\/04\/2023<\/a><\/p>\n<p>&nbsp;<\/p>\n<p>&nbsp;<\/p>\n<p>&nbsp;<\/p>\n<p>ASSECOM \u2013 Prefeitura Municipal de Para\u00edso das \u00c1guas (MS) &#8211; \u00a0Diogo Rondon DRT1131\/MS<\/p>\n<\/div>\n","protected":false},"excerpt":{"rendered":"<p>Servidores da Prefeitura Municipal de Para\u00edso das \u00c1guas, membros da Comiss\u00e3o de Transi\u00e7\u00e3o da Nova Lei de Licita\u00e7\u00f5es, reuniram-se na \u00faltima semana, na sede do munic\u00edpio, para tratar de assuntos referentes \u00e0 capacita\u00e7\u00e3o continuada para\u00a0 servidores envolvidos com compras p\u00fablicas. Participam da capacita\u00e7\u00e3o cerca de 50 servidores dos setores de licita\u00e7\u00e3o, planejamento, fiscaliza\u00e7\u00e3o de contratos, [&hellip;]<\/p>\n","protected":false},"author":5,"featured_media":237848,"comment_status":"closed","ping_status":"closed","sticky":false,"template":"","format":"standard","meta":{"footnotes":""},"categories":[36],"tags":[],"class_list":["post-237847","post","type-post","status-publish","format-standard","has-post-thumbnail","hentry","category-paraiso-das-aguas"],"_links":{"self":[{"href":"https:\/\/www.ocorreionews.com.br\/acervo-correio\/index.php?rest_route=\/wp\/v2\/posts\/237847","targetHints":{"allow":["GET"]}}],"collection":[{"href":"https:\/\/www.ocorreionews.com.br\/acervo-correio\/index.php?rest_route=\/wp\/v2\/posts"}],"about":[{"href":"https:\/\/www.ocorreionews.com.br\/acervo-correio\/index.php?rest_route=\/wp\/v2\/types\/post"}],"author":[{"embeddable":true,"href":"https:\/\/www.ocorreionews.com.br\/acervo-correio\/index.php?rest_route=\/wp\/v2\/users\/5"}],"replies":[{"embeddable":true,"href":"https:\/\/www.ocorreionews.com.br\/acervo-correio\/index.php?rest_route=%2Fwp%2Fv2%2Fcomments&post=237847"}],"version-history":[{"count":1,"href":"https:\/\/www.ocorreionews.com.br\/acervo-correio\/index.php?rest_route=\/wp\/v2\/posts\/237847\/revisions"}],"predecessor-version":[{"id":237849,"href":"https:\/\/www.ocorreionews.com.br\/acervo-correio\/index.php?rest_route=\/wp\/v2\/posts\/237847\/revisions\/237849"}],"wp:featuredmedia":[{"embeddable":true,"href":"https:\/\/www.ocorreionews.com.br\/acervo-correio\/index.php?rest_route=\/wp\/v2\/media\/237848"}],"wp:attachment":[{"href":"https:\/\/www.ocorreionews.com.br\/acervo-correio\/index.php?rest_route=%2Fwp%2Fv2%2Fmedia&parent=237847"}],"wp:term":[{"taxonomy":"category","embeddable":true,"href":"https:\/\/www.ocorreionews.com.br\/acervo-correio\/index.php?rest_route=%2Fwp%2Fv2%2Fcategories&post=237847"},{"taxonomy":"post_tag","embeddable":true,"href":"https:\/\/www.ocorreionews.com.br\/acervo-correio\/index.php?rest_route=%2Fwp%2Fv2%2Ftags&post=237847"}],"curies":[{"name":"wp","href":"https:\/\/api.w.org\/{rel}","templated":true}]}}