{"id":237856,"date":"2023-04-24T13:45:25","date_gmt":"2023-04-24T17:45:25","guid":{"rendered":"https:\/\/www.ocorreionews.com.br\/acervo-correio\/?p=237856"},"modified":"2023-04-24T15:27:57","modified_gmt":"2023-04-24T19:27:57","slug":"motorista-esquece-carro-desengatado-e-veiculo-vai-parar-em-galeria-de-aguas-pluviais-de-chapadao-do-sul","status":"publish","type":"post","link":"https:\/\/www.ocorreionews.com.br\/acervo-correio\/?p=237856","title":{"rendered":"Homem passa mal e cai com ve\u00edculo em galeria de \u00e1guas pluviais de Chapad\u00e3o do Sul"},"content":{"rendered":"<p>Na manh\u00e3 desta segunda-feira (24), um VW Voyage foi parar dentro de uma galeria de \u00e1guas pluviais no final da Rua Brasil com Avenida Pantanal em Chapad\u00e3o do Sul.<\/p>\n<p>Segundo informa\u00e7\u00f5es\u00a0 que chegaram a nossa reportagem, um motorista que n\u00e3o teve identidade revelada, estacionou seu ve\u00edculo em frente \u00e0 empresa Ga\u00facha Pe\u00e7as para realizar compras e ao retornar e\u00a0 ligar a igni\u00e7\u00e3o do veiculo sentiu-se mal e caiu com o carro no canal de \u00e1guas pluviais.<\/p>\n<p>A confirma\u00e7\u00e3o que o homem passou mal, foi feita por Suzy, esposa do motorista do VW Voyage que entrou em contadoa\u00a0 ao site O Correio News,\u00a0 confirmando que o homem teve um pequeno desmaio. Ela ainda relatou que o marido n\u00e3o se feriu.<\/p>\n<p>&nbsp;<\/p>\n<p>O carro foi retirado do local por um caminh\u00e3o guincho.<\/p>\n","protected":false},"excerpt":{"rendered":"<p>Na manh\u00e3 desta segunda-feira (24), um VW Voyage foi parar dentro de uma galeria de \u00e1guas pluviais no final da Rua Brasil com Avenida Pantanal em Chapad\u00e3o do Sul. Segundo informa\u00e7\u00f5es\u00a0 que chegaram a nossa reportagem, um motorista que n\u00e3o teve identidade revelada, estacionou seu ve\u00edculo em frente \u00e0 empresa Ga\u00facha Pe\u00e7as para realizar compras [&hellip;]<\/p>\n","protected":false},"author":5,"featured_media":237858,"comment_status":"closed","ping_status":"closed","sticky":false,"template":"","format":"standard","meta":{"footnotes":""},"categories":[23,38],"tags":[],"class_list":["post-237856","post","type-post","status-publish","format-standard","has-post-thumbnail","hentry","category-chapadao-do-sul","category-policia"],"_links":{"self":[{"href":"https:\/\/www.ocorreionews.com.br\/acervo-correio\/index.php?rest_route=\/wp\/v2\/posts\/237856","targetHints":{"allow":["GET"]}}],"collection":[{"href":"https:\/\/www.ocorreionews.com.br\/acervo-correio\/index.php?rest_route=\/wp\/v2\/posts"}],"about":[{"href":"https:\/\/www.ocorreionews.com.br\/acervo-correio\/index.php?rest_route=\/wp\/v2\/types\/post"}],"author":[{"embeddable":true,"href":"https:\/\/www.ocorreionews.com.br\/acervo-correio\/index.php?rest_route=\/wp\/v2\/users\/5"}],"replies":[{"embeddable":true,"href":"https:\/\/www.ocorreionews.com.br\/acervo-correio\/index.php?rest_route=%2Fwp%2Fv2%2Fcomments&post=237856"}],"version-history":[{"count":1,"href":"https:\/\/www.ocorreionews.com.br\/acervo-correio\/index.php?rest_route=\/wp\/v2\/posts\/237856\/revisions"}],"predecessor-version":[{"id":237890,"href":"https:\/\/www.ocorreionews.com.br\/acervo-correio\/index.php?rest_route=\/wp\/v2\/posts\/237856\/revisions\/237890"}],"wp:featuredmedia":[{"embeddable":true,"href":"https:\/\/www.ocorreionews.com.br\/acervo-correio\/index.php?rest_route=\/wp\/v2\/media\/237858"}],"wp:attachment":[{"href":"https:\/\/www.ocorreionews.com.br\/acervo-correio\/index.php?rest_route=%2Fwp%2Fv2%2Fmedia&parent=237856"}],"wp:term":[{"taxonomy":"category","embeddable":true,"href":"https:\/\/www.ocorreionews.com.br\/acervo-correio\/index.php?rest_route=%2Fwp%2Fv2%2Fcategories&post=237856"},{"taxonomy":"post_tag","embeddable":true,"href":"https:\/\/www.ocorreionews.com.br\/acervo-correio\/index.php?rest_route=%2Fwp%2Fv2%2Ftags&post=237856"}],"curies":[{"name":"wp","href":"https:\/\/api.w.org\/{rel}","templated":true}]}}