{"id":237871,"date":"2023-04-24T14:39:37","date_gmt":"2023-04-24T18:39:37","guid":{"rendered":"https:\/\/www.ocorreionews.com.br\/acervo-correio\/?p=237871"},"modified":"2023-04-24T14:39:37","modified_gmt":"2023-04-24T18:39:37","slug":"conheca-nova-colecao-outono-inverno-da-loja-la-dora","status":"publish","type":"post","link":"https:\/\/www.ocorreionews.com.br\/acervo-correio\/?p=237871","title":{"rendered":"Conhe\u00e7a nova cole\u00e7\u00e3o Outono\/Inverno da Loja La Dora"},"content":{"rendered":"<p>A Loja La Dora Modas &amp; Acess\u00f3rios comunica est\u00e1 com grandes novidades com a nova Cole\u00e7\u00e3o Outono\/Inverno.<\/p>\n<p>Venham conhecer a nova cole\u00e7\u00e3o em roupas femininas, bolsas e acess\u00f3rios para voc\u00ea mulher.<\/p>\n<p>Confira no v\u00eddeo abaixo algumas das novidades da loja:<\/p>\n<div style=\"width: 480px;\" class=\"wp-video\"><!--[if lt IE 9]><script>document.createElement('video');<\/script><![endif]-->\n<video class=\"wp-video-shortcode\" id=\"video-237871-1\" width=\"480\" height=\"848\" preload=\"metadata\" controls=\"controls\"><source type=\"video\/mp4\" src=\"https:\/\/www.ocorreionews.com.br\/acervo-correio\/wp-content\/uploads\/2023\/04\/Nova-Colecao-La-Dora.mp4?_=1\" \/><a href=\"https:\/\/www.ocorreionews.com.br\/acervo-correio\/wp-content\/uploads\/2023\/04\/Nova-Colecao-La-Dora.mp4\">https:\/\/www.ocorreionews.com.br\/acervo-correio\/wp-content\/uploads\/2023\/04\/Nova-Colecao-La-Dora.mp4<\/a><\/video><\/div>\n<div class=\"entry-content clearfix single-post-content\">\n<p>A La Dora est\u00e1 localizada na Avenida Seis, ao lado da igreja IPI, pr\u00f3ximo a Pra\u00e7a 23 de outubro Centro de Chapad\u00e3o do Sul.<\/p>\n<\/div>\n<div class=\"post-share single-post-share bottom-share clearfix style-1\">\n<div class=\"post-share-btn-group\"><\/div>\n<div class=\"share-handler-wrap bs-pretty-tabs bs-pretty-tabs-initialized\"><\/div>\n<\/div>\n","protected":false},"excerpt":{"rendered":"<p>A Loja La Dora Modas &amp; Acess\u00f3rios comunica est\u00e1 com grandes novidades com a nova Cole\u00e7\u00e3o Outono\/Inverno. Venham conhecer a nova cole\u00e7\u00e3o em roupas femininas, bolsas e acess\u00f3rios para voc\u00ea mulher. Confira no v\u00eddeo abaixo algumas das novidades da loja: A La Dora est\u00e1 localizada na Avenida Seis, ao lado da igreja IPI, pr\u00f3ximo a [&hellip;]<\/p>\n","protected":false},"author":5,"featured_media":224692,"comment_status":"closed","ping_status":"closed","sticky":false,"template":"","format":"standard","meta":{"footnotes":""},"categories":[49],"tags":[],"class_list":["post-237871","post","type-post","status-publish","format-standard","has-post-thumbnail","hentry","category-informe-publicitario"],"_links":{"self":[{"href":"https:\/\/www.ocorreionews.com.br\/acervo-correio\/index.php?rest_route=\/wp\/v2\/posts\/237871","targetHints":{"allow":["GET"]}}],"collection":[{"href":"https:\/\/www.ocorreionews.com.br\/acervo-correio\/index.php?rest_route=\/wp\/v2\/posts"}],"about":[{"href":"https:\/\/www.ocorreionews.com.br\/acervo-correio\/index.php?rest_route=\/wp\/v2\/types\/post"}],"author":[{"embeddable":true,"href":"https:\/\/www.ocorreionews.com.br\/acervo-correio\/index.php?rest_route=\/wp\/v2\/users\/5"}],"replies":[{"embeddable":true,"href":"https:\/\/www.ocorreionews.com.br\/acervo-correio\/index.php?rest_route=%2Fwp%2Fv2%2Fcomments&post=237871"}],"version-history":[{"count":1,"href":"https:\/\/www.ocorreionews.com.br\/acervo-correio\/index.php?rest_route=\/wp\/v2\/posts\/237871\/revisions"}],"predecessor-version":[{"id":237878,"href":"https:\/\/www.ocorreionews.com.br\/acervo-correio\/index.php?rest_route=\/wp\/v2\/posts\/237871\/revisions\/237878"}],"wp:featuredmedia":[{"embeddable":true,"href":"https:\/\/www.ocorreionews.com.br\/acervo-correio\/index.php?rest_route=\/wp\/v2\/media\/224692"}],"wp:attachment":[{"href":"https:\/\/www.ocorreionews.com.br\/acervo-correio\/index.php?rest_route=%2Fwp%2Fv2%2Fmedia&parent=237871"}],"wp:term":[{"taxonomy":"category","embeddable":true,"href":"https:\/\/www.ocorreionews.com.br\/acervo-correio\/index.php?rest_route=%2Fwp%2Fv2%2Fcategories&post=237871"},{"taxonomy":"post_tag","embeddable":true,"href":"https:\/\/www.ocorreionews.com.br\/acervo-correio\/index.php?rest_route=%2Fwp%2Fv2%2Ftags&post=237871"}],"curies":[{"name":"wp","href":"https:\/\/api.w.org\/{rel}","templated":true}]}}