{"id":237886,"date":"2023-04-24T15:17:50","date_gmt":"2023-04-24T19:17:50","guid":{"rendered":"https:\/\/www.ocorreionews.com.br\/acervo-correio\/?p=237886"},"modified":"2023-04-24T15:17:50","modified_gmt":"2023-04-24T19:17:50","slug":"saude-de-costa-rica-divulga-cronograma-de-atendimentos-do-mes-de-maio-na-zona-rural","status":"publish","type":"post","link":"https:\/\/www.ocorreionews.com.br\/acervo-correio\/?p=237886","title":{"rendered":"Sa\u00fade de Costa Rica divulga cronograma de atendimentos do m\u00eas de maio na zona rural"},"content":{"rendered":"<div class=\"ntc_cont_descricao_noticia sw_txteditor\">\n<div>O Governo de Costa Rica, atrav\u00e9s da Secretaria Municipal de Sa\u00fade, divulgou nesta segunda-feira (24) o cronograma de atendimentos m\u00e9dicos durante o m\u00eas de maio na zona rural do munic\u00edpio.<\/p>\n<p>Conforme a programa\u00e7\u00e3o, a equipe multiprofissional vai percorrer as comunidades da Lage, Lagoinha, Capela e Curralinho, facilitando o acesso \u00e0 sa\u00fade para os moradores destas regi\u00f5es.<\/p>\n<p>Durante as a\u00e7\u00f5es ser\u00e3o oferecidos servi\u00e7os como atendimento m\u00e9dico, coleta preventivo, teste r\u00e1pido, orienta\u00e7\u00e3o fisioterapeuta, vacina e palestra com roda de conversa com o tema: \u201ccombate ao abuso sexual infantil e adolescentes\u201d.<\/p>\n<p>\u201cO objetivo \u00e9 ampliar acesso aos servi\u00e7os de sa\u00fade para os moradores do campo por meio de a\u00e7\u00f5es e iniciativas que reconhe\u00e7am as especificidades de cada regi\u00e3o\u201d, justifica o secret\u00e1rio municipal de Sa\u00fade, Jovenaldo Francisco dos Santos.<\/p>\n<p>Confira a programa\u00e7\u00e3o completa para o m\u00eas de maio:<\/p>\n<p>03\/5 Lage: Atendimento m\u00e9dico;<\/p>\n<p>10\/5 Lagoinha: Atendimento m\u00e9dico, coleta preventivo, teste r\u00e1pido, orienta\u00e7\u00e3o com fisioterapeuta;<\/p>\n<p>17\/5 Curralinho: Roda de conversa com conselheira (Tema combate ao abuso sexual infantil e adolescentes);<\/p>\n<p>24\/5 Capela: Atendimento m\u00e9dico, coleta preventivo, teste r\u00e1pido e vacina.<\/p><\/div>\n<\/div>\n<p>&nbsp;<\/p>\n<div class=\"ntc_area_info_noticia sw_lato\">\n<div>\n<div class=\"ntc_info_noticia\"><strong class=\"sw_lato_black\">Fonte: <\/strong>Assessoria de Comunica\u00e7\u00e3o <strong class=\"sw_lato_black\">\u00a0<\/strong>Angela Bezerra<\/div>\n<\/div>\n<\/div>\n","protected":false},"excerpt":{"rendered":"<p>O Governo de Costa Rica, atrav\u00e9s da Secretaria Municipal de Sa\u00fade, divulgou nesta segunda-feira (24) o cronograma de atendimentos m\u00e9dicos durante o m\u00eas de maio na zona rural do munic\u00edpio. Conforme a programa\u00e7\u00e3o, a equipe multiprofissional vai percorrer as comunidades da Lage, Lagoinha, Capela e Curralinho, facilitando o acesso \u00e0 sa\u00fade para os moradores destas [&hellip;]<\/p>\n","protected":false},"author":5,"featured_media":235620,"comment_status":"closed","ping_status":"closed","sticky":false,"template":"","format":"standard","meta":{"footnotes":""},"categories":[25],"tags":[],"class_list":["post-237886","post","type-post","status-publish","format-standard","has-post-thumbnail","hentry","category-costa-rica"],"_links":{"self":[{"href":"https:\/\/www.ocorreionews.com.br\/acervo-correio\/index.php?rest_route=\/wp\/v2\/posts\/237886","targetHints":{"allow":["GET"]}}],"collection":[{"href":"https:\/\/www.ocorreionews.com.br\/acervo-correio\/index.php?rest_route=\/wp\/v2\/posts"}],"about":[{"href":"https:\/\/www.ocorreionews.com.br\/acervo-correio\/index.php?rest_route=\/wp\/v2\/types\/post"}],"author":[{"embeddable":true,"href":"https:\/\/www.ocorreionews.com.br\/acervo-correio\/index.php?rest_route=\/wp\/v2\/users\/5"}],"replies":[{"embeddable":true,"href":"https:\/\/www.ocorreionews.com.br\/acervo-correio\/index.php?rest_route=%2Fwp%2Fv2%2Fcomments&post=237886"}],"version-history":[{"count":1,"href":"https:\/\/www.ocorreionews.com.br\/acervo-correio\/index.php?rest_route=\/wp\/v2\/posts\/237886\/revisions"}],"predecessor-version":[{"id":237887,"href":"https:\/\/www.ocorreionews.com.br\/acervo-correio\/index.php?rest_route=\/wp\/v2\/posts\/237886\/revisions\/237887"}],"wp:featuredmedia":[{"embeddable":true,"href":"https:\/\/www.ocorreionews.com.br\/acervo-correio\/index.php?rest_route=\/wp\/v2\/media\/235620"}],"wp:attachment":[{"href":"https:\/\/www.ocorreionews.com.br\/acervo-correio\/index.php?rest_route=%2Fwp%2Fv2%2Fmedia&parent=237886"}],"wp:term":[{"taxonomy":"category","embeddable":true,"href":"https:\/\/www.ocorreionews.com.br\/acervo-correio\/index.php?rest_route=%2Fwp%2Fv2%2Fcategories&post=237886"},{"taxonomy":"post_tag","embeddable":true,"href":"https:\/\/www.ocorreionews.com.br\/acervo-correio\/index.php?rest_route=%2Fwp%2Fv2%2Ftags&post=237886"}],"curies":[{"name":"wp","href":"https:\/\/api.w.org\/{rel}","templated":true}]}}