{"id":237919,"date":"2023-04-25T08:19:53","date_gmt":"2023-04-25T12:19:53","guid":{"rendered":"https:\/\/www.ocorreionews.com.br\/acervo-correio\/?p=237919"},"modified":"2023-04-25T10:50:36","modified_gmt":"2023-04-25T14:50:36","slug":"vereador-tucano-esclarece-sobre-o-projeto-camara-vai-a-escola","status":"publish","type":"post","link":"https:\/\/www.ocorreionews.com.br\/acervo-correio\/?p=237919","title":{"rendered":"Vereador Tucano esclarece sobre o inicio do Programa C\u00e2mara Vai \u00e0 Escola no col\u00e9gio MAPPER"},"content":{"rendered":"<p>Durante a Sess\u00e3o Ordin\u00e1ria desta segunda-feira (24), o presidente da C\u00e2mara Municipal de Chapad\u00e3o do Sul o vereador Airton Tucano, ao fazer uso da tribuna, fez quest\u00e3o de fazer um esclarecimento sobre como foi feito a escola do in\u00edcio do Programa C\u00e2mara Vai a Escola, tendo em vista que uma pessoa havia postado em grupo de WhatsApp, criticando que o inicio projeto &#8220;ocorreu nas escolas dos ricos&#8221;.<\/p>\n<p>Tucano afirmou em tribuna, que lamenta a falta de conhecimento desta pessoa e que com a presen\u00e7a de 10 diretoras(es), das escolas foi realizado um sorteio para escolha da Escola.<\/p>\n<p>O presidente afirmou que esse projeto deu certo e que os alunos t\u00eam se interessado bastante e com isso leva os conhecimentos de como \u00e9 a fun\u00e7\u00e3o de cada um dos poderes.<\/p>\n<p>Confira abaixo as datas definidas para a realiza\u00e7\u00e3o do Programa C\u00e2mara Vai \u00e0 Escola nas escolas participantes:<\/p>\n<ul>\n<li>02\/05 \u2013 Col\u00e9gio Atenas<\/li>\n<li>03\/05 \u2013 Escola CEPE<\/li>\n<li>09\/05 \u2013 Escola Carlos Drummond de Andrade<\/li>\n<li>10\/05 \u2013 Escola Jorge Amado<\/li>\n<li>23\/05 \u2013 Escola Manoel de Barros<\/li>\n<li>25\/05 \u2013 Escola Semear<\/li>\n<li>30\/05 \u2013 Escola Cec\u00edlia Meireles<\/li>\n<li>14\/06 \u2013 Escola Augusto Krug Netto<\/li>\n<li>15\/06 \u2013 CEEP Arlindo Neckel<\/li>\n<li>20\/06 \u2013 Escolas Rurais<\/li>\n<\/ul>\n<p>Cada escola optou por uma data que melhor se encaixasse em seu cronograma letivo, levando em considera\u00e7\u00e3o as atividades e compromissos previamente agendados. Dessa forma, espera-se que o programa seja desenvolvido de forma harmoniosa e sem causar preju\u00edzos aos estudantes ou \u00e0 rotina escolar.<\/p>\n<p><img loading=\"lazy\" decoding=\"async\" class=\"aligncenter\" src=\"https:\/\/www.camarachapadaodosul.ms.gov.br\/\/uploads\/wysiwyg\/\/47651ecb.jpg\" alt=\"\" width=\"599\" height=\"399\" \/><img loading=\"lazy\" decoding=\"async\" class=\"img-fluid aligncenter\" title=\"Confira o cronograma de Atividades do Programa C\u00e2mara Vai \u00e0 Escola\" src=\"https:\/\/www.camarachapadaodosul.ms.gov.br\/uploads\/noticia\/thumbs\/thumb_800x600_img4135.jpg\" alt=\"Confira o cronograma de Atividades do Programa C\u00e2mara Vai \u00e0 Escola\" width=\"599\" height=\"399\" data-holder-rendered=\"true\" \/><\/p>\n<p><strong>Programa C\u00e2mara Vai \u00e0 Escola<\/strong><\/p>\n<p>Durante a visita da C\u00e2mara de Vereadores \u00e0s escolas, os estudantes ter\u00e3o a oportunidade de conhecer os vereadores, entender suas fun\u00e7\u00f5es e responsabilidades, bem como participar de atividades interativas, como debates e discuss\u00f5es sobre temas relevantes para a comunidade local. Al\u00e9m disso, os estudantes poder\u00e3o esclarecer d\u00favidas sobre o processo legislativo, aprender sobre a import\u00e2ncia do voto e como ele influ\u00eancia nas decis\u00f5es pol\u00edticas, e compreender como a C\u00e2mara de Vereadores pode contribuir para o desenvolvimento da cidade.<\/p>\n<p>O Programa C\u00e2mara Vai \u00e0 Escola \u00e9 uma iniciativa que visa estimular a participa\u00e7\u00e3o cidad\u00e3 dos estudantes e promover a educa\u00e7\u00e3o pol\u00edtica, fortalecendo os la\u00e7os entre a C\u00e2mara de Vereadores e as escolas da regi\u00e3o. Com a defini\u00e7\u00e3o do cronograma de atividades, espera-se que o programa seja desenvolvido de forma exitosa, proporcionando uma experi\u00eancia enriquecedora para os estudantes e contribuindo para a forma\u00e7\u00e3o de cidad\u00e3os conscientes e engajados na sociedade.<\/p>\n","protected":false},"excerpt":{"rendered":"<p>Durante a Sess\u00e3o Ordin\u00e1ria desta segunda-feira (24), o presidente da C\u00e2mara Municipal de Chapad\u00e3o do Sul o vereador Airton Tucano, ao fazer uso da tribuna, fez quest\u00e3o de fazer um esclarecimento sobre como foi feito a escola do in\u00edcio do Programa C\u00e2mara Vai a Escola, tendo em vista que uma pessoa havia postado em grupo [&hellip;]<\/p>\n","protected":false},"author":4,"featured_media":234190,"comment_status":"closed","ping_status":"closed","sticky":false,"template":"","format":"standard","meta":{"footnotes":""},"categories":[20,23,41],"tags":[],"class_list":["post-237919","post","type-post","status-publish","format-standard","has-post-thumbnail","hentry","category-camara-municipal","category-chapadao-do-sul","category-destaque"],"_links":{"self":[{"href":"https:\/\/www.ocorreionews.com.br\/acervo-correio\/index.php?rest_route=\/wp\/v2\/posts\/237919","targetHints":{"allow":["GET"]}}],"collection":[{"href":"https:\/\/www.ocorreionews.com.br\/acervo-correio\/index.php?rest_route=\/wp\/v2\/posts"}],"about":[{"href":"https:\/\/www.ocorreionews.com.br\/acervo-correio\/index.php?rest_route=\/wp\/v2\/types\/post"}],"author":[{"embeddable":true,"href":"https:\/\/www.ocorreionews.com.br\/acervo-correio\/index.php?rest_route=\/wp\/v2\/users\/4"}],"replies":[{"embeddable":true,"href":"https:\/\/www.ocorreionews.com.br\/acervo-correio\/index.php?rest_route=%2Fwp%2Fv2%2Fcomments&post=237919"}],"version-history":[{"count":1,"href":"https:\/\/www.ocorreionews.com.br\/acervo-correio\/index.php?rest_route=\/wp\/v2\/posts\/237919\/revisions"}],"predecessor-version":[{"id":237968,"href":"https:\/\/www.ocorreionews.com.br\/acervo-correio\/index.php?rest_route=\/wp\/v2\/posts\/237919\/revisions\/237968"}],"wp:featuredmedia":[{"embeddable":true,"href":"https:\/\/www.ocorreionews.com.br\/acervo-correio\/index.php?rest_route=\/wp\/v2\/media\/234190"}],"wp:attachment":[{"href":"https:\/\/www.ocorreionews.com.br\/acervo-correio\/index.php?rest_route=%2Fwp%2Fv2%2Fmedia&parent=237919"}],"wp:term":[{"taxonomy":"category","embeddable":true,"href":"https:\/\/www.ocorreionews.com.br\/acervo-correio\/index.php?rest_route=%2Fwp%2Fv2%2Fcategories&post=237919"},{"taxonomy":"post_tag","embeddable":true,"href":"https:\/\/www.ocorreionews.com.br\/acervo-correio\/index.php?rest_route=%2Fwp%2Fv2%2Ftags&post=237919"}],"curies":[{"name":"wp","href":"https:\/\/api.w.org\/{rel}","templated":true}]}}