{"id":237944,"date":"2023-04-25T09:08:40","date_gmt":"2023-04-25T13:08:40","guid":{"rendered":"https:\/\/www.ocorreionews.com.br\/acervo-correio\/?p=237944"},"modified":"2023-04-25T09:08:40","modified_gmt":"2023-04-25T13:08:40","slug":"rede-estadual-de-ms-seguira-modelo-do-novo-ensino-medio-pelo-menos-ate-final-do-ano","status":"publish","type":"post","link":"https:\/\/www.ocorreionews.com.br\/acervo-correio\/?p=237944","title":{"rendered":"Rede estadual de MS seguir\u00e1 modelo do Novo Ensino M\u00e9dio, pelo menos, at\u00e9 final do ano"},"content":{"rendered":"<p>O secret\u00e1rio da SED (Secretaria de Educa\u00e7\u00e3o de Mato Grosso do Sul), Helio Daher, garantiu que a Rede de Ensino Estadual ter\u00e1 que seguir o cronograma j\u00e1 institu\u00eddo, considerando os moldes do Novo Ensino M\u00e9dio. O secret\u00e1rio afirmou que n\u00e3o h\u00e1 possibilidade de alterar o modelo ainda neste ano. O an\u00fancio foi feito durante evento da SED nesta segunda-feira (24).<\/p>\n<p>Daher explicou que, caso seja necess\u00e1ria alguma altera\u00e7\u00e3o, isso dever\u00e1 ser discutido este ano e aplicado s\u00f3 em 2024. Ele ressaltou que n\u00e3o \u00e9 poss\u00edvel mudar nada em um ano letivo e que a proposta \u00e9 discutir novas altera\u00e7\u00f5es para melhorar o ensino m\u00e9dio.<\/p>\n<p>O secret\u00e1rio tamb\u00e9m destacou que Mato Grosso do Sul est\u00e1 entre os estados que tiveram a implanta\u00e7\u00e3o do Novo Ensino M\u00e9dio conclu\u00edda em todas as escolas da rede. &#8220;Vale lembrar que no caso de Mato Grosso do Sul, j\u00e1 implementamos tudo, estamos 100% implementados. Aqui no cronograma, n\u00e3o interrompemos nada e vamos esperar at\u00e9 o pr\u00f3ximo ano\u201d.<\/p>\n<figure style=\"width: 599px\" class=\"wp-caption aligncenter\"><img loading=\"lazy\" decoding=\"async\" class=\"img-fluid\" src=\"https:\/\/cdn6.campograndenews.com.br\/uploads\/noticias\/2023\/04\/24\/230r5gf0e4isw.jpeg\" sizes=\"auto, (min-width: 1024px) calc(.5 * (100vw - 21.875em)), 100vw\" srcset=\"https:\/\/cdn6.campograndenews.com.br\/uploads\/noticias\/2023\/04\/24\/leoib4i31f0c.jpeg 1024w, https:\/\/cdn6.campograndenews.com.br\/uploads\/noticias\/2023\/04\/24\/t2u5o076k1w6.jpeg 640w, https:\/\/cdn6.campograndenews.com.br\/uploads\/noticias\/2023\/04\/24\/230r5gf0e4isw.jpeg 320w\" alt=\"Secret\u00e1rio da SED, Helio Daher, refor\u00e7ou que professores e alunos devem participar de consulta p\u00fablica do MEC (Foto: Paulo Francis)\" width=\"599\" height=\"399\" \/><figcaption class=\"wp-caption-text\">Secret\u00e1rio da SED, Helio Daher, refor\u00e7ou que professores e alunos devem participar de consulta p\u00fablica do MEC (Foto: Paulo Francis)<\/figcaption><\/figure>\n<p>&nbsp;<\/p>\n<p><strong>Consulta<\/strong> &#8211; Nesta segunda-feira (24), come\u00e7a a consulta p\u00fablica sobre o Novo Ensino M\u00e9dio, elaborada pelo MEC (Minist\u00e9rio da Educa\u00e7\u00e3o). O primeiro evento ser\u00e1 um webin\u00e1rio com especialistas, que vai discutir uma poss\u00edvel reestrutura\u00e7\u00e3o do modelo aprovado em 2017, al\u00e9m de divulgar o calend\u00e1rio de a\u00e7\u00f5es. A transmiss\u00e3o ser\u00e1 feita pelo canal do YouTube do MEC, \u00e0s 19h, no hor\u00e1rio de Bras\u00edlia.<\/p>\n<p>Helio Daher refor\u00e7ou que \u00e9 necess\u00e1rio que os professores e estudantes de Mato Grosso do Sul participem desta consulta p\u00fablica. \u201cA partir desta segunda-feira, vai ter uma escuta nacional, proposta pelo Minist\u00e9rio da Educa\u00e7\u00e3o. Basta acessar o site do Minist\u00e9rio da Educa\u00e7\u00e3o para realizar a pesquisa. Temos um prazo de 90 dias a partir da data do an\u00fancio e j\u00e1 passaram 40 dias, ent\u00e3o \u00e9 importante que as pessoas n\u00e3o deixem para o final, pois a pesquisa come\u00e7a a valer ap\u00f3s a sua finaliza\u00e7\u00e3o\u201d.<\/p>\n<p><strong>Novo Ensino M\u00e9dio &#8211;<\/strong> O Novo Ensino M\u00e9dio foi decretado por medida provis\u00f3ria no governo Temer em 2016 e aprovado pelo Congresso no ano seguinte. Em 2021, no governo Bolsonaro, o ministro Milton Ribeiro definiu um calend\u00e1rio de implementa\u00e7\u00e3o gradual que previa a mudan\u00e7a do 1\u00ba ano em 2022, do 2\u00ba ano em 2023 at\u00e9 chegar ao 3\u00ba em 2024, com ajustes no Enem.<\/p>\n<p>O Novo Ensino M\u00e9dio altera a BNCC (Base Comum Curricular), amplia o tempo m\u00ednimo na escola de 2,4 mil a 3 mil horas anuais e prioriza conte\u00fados voltados \u00e0s \u00e1reas de conhecimento escolhidas pelos pr\u00f3prios estudantes.<\/p>\n<p>Ap\u00f3s press\u00e3o de diferentes grupos pol\u00edticos, especialistas em educa\u00e7\u00e3o, professores, fam\u00edlias e alunos, o atual ministro, Camilo Santana, decidiu pela suspens\u00e3o do calend\u00e1rio do Novo Ensino M\u00e9dio at\u00e9 o fim da an\u00e1lise da reforma por um grupo de trabalho.<\/p>\n<p>Antes da suspens\u00e3o, o MEC j\u00e1 havia anunciado, em mar\u00e7o, a consulta p\u00fablica para avalia\u00e7\u00e3o e reestrutura\u00e7\u00e3o da pol\u00edtica nacional de ensino m\u00e9dio. Em nota, o MEC reconheceu que houve falta de di\u00e1logo no processo que levou \u00e0 promulga\u00e7\u00e3o da lei do Novo Ensino M\u00e9dio e anunciou a cria\u00e7\u00e3o do grupo de trabalho para reunir todos os setores educacionais interessados em discutir o andamento da implementa\u00e7\u00e3o do novo modelo de ensino.<\/p>\n<p><strong>Protestos &#8211;<\/strong> No m\u00eas de mar\u00e7o, grupo de estudantes e professores realizaram manifesta\u00e7\u00e3o pac\u00edfica por mudan\u00e7as na estrutura curricular do Novo Ensino M\u00e9dio, na regi\u00e3o central de Campo Grande.<\/p>\n<p>No come\u00e7o de abril, tamb\u00e9m ocorreu uma audi\u00eancia p\u00fablica no Teatro Dom Bosco, que resultou no encaminhamento de um documento ao MEC pedindo a participa\u00e7\u00e3o popular, de especialistas e das comunidades escolares para que haja uma reforma do ensino m\u00e9dio e a efetiva revoga\u00e7\u00e3o do novo modelo, implantado e em expans\u00e3o na educa\u00e7\u00e3o p\u00fablica brasileira desde 2019.<\/p>\n<p>No dia 19 de abril, ocorreu uma nova manifesta\u00e7\u00e3o, na qual estudantes e professores voltaram \u00e0s ruas da Capital para pedir pela revoga\u00e7\u00e3o do novo modelo de ensino. A concentra\u00e7\u00e3o aconteceu na Pra\u00e7a do R\u00e1dio, na Avenida Afonso Pena. O grupo de aproximadamente 100 pessoas caminhou at\u00e9 a Escola Estadual Joaquim Murtinho.<\/p>\n<p>&nbsp;<\/p>\n<p>Por Mylena Fraiha e Thays Schneider &#8211;\u00a0 CAMPO GRANDE NEWS<\/p>\n","protected":false},"excerpt":{"rendered":"<p>O secret\u00e1rio da SED (Secretaria de Educa\u00e7\u00e3o de Mato Grosso do Sul), Helio Daher, garantiu que a Rede de Ensino Estadual ter\u00e1 que seguir o cronograma j\u00e1 institu\u00eddo, considerando os moldes do Novo Ensino M\u00e9dio. O secret\u00e1rio afirmou que n\u00e3o h\u00e1 possibilidade de alterar o modelo ainda neste ano. O an\u00fancio foi feito durante evento [&hellip;]<\/p>\n","protected":false},"author":5,"featured_media":150492,"comment_status":"closed","ping_status":"closed","sticky":false,"template":"","format":"standard","meta":{"footnotes":""},"categories":[27],"tags":[],"class_list":["post-237944","post","type-post","status-publish","format-standard","has-post-thumbnail","hentry","category-educacao"],"_links":{"self":[{"href":"https:\/\/www.ocorreionews.com.br\/acervo-correio\/index.php?rest_route=\/wp\/v2\/posts\/237944","targetHints":{"allow":["GET"]}}],"collection":[{"href":"https:\/\/www.ocorreionews.com.br\/acervo-correio\/index.php?rest_route=\/wp\/v2\/posts"}],"about":[{"href":"https:\/\/www.ocorreionews.com.br\/acervo-correio\/index.php?rest_route=\/wp\/v2\/types\/post"}],"author":[{"embeddable":true,"href":"https:\/\/www.ocorreionews.com.br\/acervo-correio\/index.php?rest_route=\/wp\/v2\/users\/5"}],"replies":[{"embeddable":true,"href":"https:\/\/www.ocorreionews.com.br\/acervo-correio\/index.php?rest_route=%2Fwp%2Fv2%2Fcomments&post=237944"}],"version-history":[{"count":1,"href":"https:\/\/www.ocorreionews.com.br\/acervo-correio\/index.php?rest_route=\/wp\/v2\/posts\/237944\/revisions"}],"predecessor-version":[{"id":237945,"href":"https:\/\/www.ocorreionews.com.br\/acervo-correio\/index.php?rest_route=\/wp\/v2\/posts\/237944\/revisions\/237945"}],"wp:featuredmedia":[{"embeddable":true,"href":"https:\/\/www.ocorreionews.com.br\/acervo-correio\/index.php?rest_route=\/wp\/v2\/media\/150492"}],"wp:attachment":[{"href":"https:\/\/www.ocorreionews.com.br\/acervo-correio\/index.php?rest_route=%2Fwp%2Fv2%2Fmedia&parent=237944"}],"wp:term":[{"taxonomy":"category","embeddable":true,"href":"https:\/\/www.ocorreionews.com.br\/acervo-correio\/index.php?rest_route=%2Fwp%2Fv2%2Fcategories&post=237944"},{"taxonomy":"post_tag","embeddable":true,"href":"https:\/\/www.ocorreionews.com.br\/acervo-correio\/index.php?rest_route=%2Fwp%2Fv2%2Ftags&post=237944"}],"curies":[{"name":"wp","href":"https:\/\/api.w.org\/{rel}","templated":true}]}}