{"id":237957,"date":"2023-04-25T10:45:15","date_gmt":"2023-04-25T14:45:15","guid":{"rendered":"https:\/\/www.ocorreionews.com.br\/acervo-correio\/?p=237957"},"modified":"2023-04-25T10:46:11","modified_gmt":"2023-04-25T14:46:11","slug":"banda-musical-iulle-martins-rezende-inaugura-memorial-em-homenagem-a-flavia-crisostomo-goncalves-e-iulle-martins-rezende","status":"publish","type":"post","link":"https:\/\/www.ocorreionews.com.br\/acervo-correio\/?p=237957","title":{"rendered":"Banda Musical Iulle Martins Rezende inaugura memorial em Homenagem a Fl\u00e1via Cris\u00f3stomo Gon\u00e7alves e Iulle Martins Rezende"},"content":{"rendered":"<div class=\"x11i5rnm xat24cr x1mh8g0r x1vvkbs xtlvy1s x126k92a\">\n<div dir=\"auto\">No dia 22\/04 (s\u00e1bado) foi inaugurado o memorial em homenagem a Fl\u00e1via Cris\u00f3stomo Gon\u00e7alves e Iulle Martins Rezende. Ambos eram integrantes da Banda Musical e nos deixaram precocemente. Jovens cheios de vida, cativavam a todos ao seu redor. Flavinha, como era chamada por todos, sempre sorridente, dedicada a fam\u00edlia e amigos, estava sempre disposta a ajudar o pr\u00f3ximo. Uma menina meiga, que com sua partida, deixou um enorme vazio na vida e nos cora\u00e7\u00f5es de quem a amava.<\/div>\n<div dir=\"auto\"><\/div>\n<div dir=\"auto\">J\u00e1 Iulle, sempre brincalh\u00e3o, de sorriso farto, adorava a companhia dos amigos, fazia a divers\u00e3o dos integrantes da Banda nas viagens, era um apaixonado pela fam\u00edlia. Ser\u00e1 sempre lembrado por aqueles que o conheceram.<\/div>\n<div dir=\"auto\">Iulle faleceu em 10 de mar\u00e7o de 2006 e Fl\u00e1via em 23 de janeiro de 2007.<\/div>\n<\/div>\n<p>&nbsp;<\/p>\n<div class=\"x11i5rnm xat24cr x1mh8g0r x1vvkbs xtlvy1s x126k92a\">\n<div dir=\"auto\">O evento foi marcado por muita emo\u00e7\u00e3o, onde estiveram presentes as fam\u00edlias e amigos de Flavinha e Iulle.<\/div>\n<div dir=\"auto\">Familiares e amigos de Fl\u00e1via Cris\u00f3stomo Gon\u00e7alves e Iulle Martins Rezende.<\/div>\n<div dir=\"auto\">As esculturas foram feitas pelo Artista pl\u00e1stico e escultor Jo\u00e3o Orcidney Xavier<\/div>\n<\/div>\n<p><a href=\"https:\/\/www.ocorreionews.com.br\/acervo-correio\/wp-content\/uploads\/2023\/04\/busto-crisostomo.jpg\"><img loading=\"lazy\" decoding=\"async\" class=\"alignnone size-full wp-image-237961\" src=\"https:\/\/www.ocorreionews.com.br\/acervo-correio\/wp-content\/uploads\/2023\/04\/busto-crisostomo.jpg\" alt=\"\" width=\"2048\" height=\"1360\" srcset=\"https:\/\/www.ocorreionews.com.br\/acervo-correio\/wp-content\/uploads\/2023\/04\/busto-crisostomo.jpg 2048w, https:\/\/www.ocorreionews.com.br\/acervo-correio\/wp-content\/uploads\/2023\/04\/busto-crisostomo-300x199.jpg 300w, https:\/\/www.ocorreionews.com.br\/acervo-correio\/wp-content\/uploads\/2023\/04\/busto-crisostomo-1024x680.jpg 1024w, https:\/\/www.ocorreionews.com.br\/acervo-correio\/wp-content\/uploads\/2023\/04\/busto-crisostomo-768x510.jpg 768w, https:\/\/www.ocorreionews.com.br\/acervo-correio\/wp-content\/uploads\/2023\/04\/busto-crisostomo-1536x1020.jpg 1536w\" sizes=\"auto, (max-width: 2048px) 100vw, 2048px\" \/><\/a> <a href=\"https:\/\/www.ocorreionews.com.br\/acervo-correio\/wp-content\/uploads\/2023\/04\/busto-crisostomo3.jpg\"><img loading=\"lazy\" decoding=\"async\" class=\"alignnone size-full wp-image-237965\" src=\"https:\/\/www.ocorreionews.com.br\/acervo-correio\/wp-content\/uploads\/2023\/04\/busto-crisostomo3.jpg\" alt=\"\" width=\"2048\" height=\"1360\" srcset=\"https:\/\/www.ocorreionews.com.br\/acervo-correio\/wp-content\/uploads\/2023\/04\/busto-crisostomo3.jpg 2048w, https:\/\/www.ocorreionews.com.br\/acervo-correio\/wp-content\/uploads\/2023\/04\/busto-crisostomo3-300x199.jpg 300w, https:\/\/www.ocorreionews.com.br\/acervo-correio\/wp-content\/uploads\/2023\/04\/busto-crisostomo3-1024x680.jpg 1024w, https:\/\/www.ocorreionews.com.br\/acervo-correio\/wp-content\/uploads\/2023\/04\/busto-crisostomo3-768x510.jpg 768w, https:\/\/www.ocorreionews.com.br\/acervo-correio\/wp-content\/uploads\/2023\/04\/busto-crisostomo3-1536x1020.jpg 1536w\" sizes=\"auto, (max-width: 2048px) 100vw, 2048px\" \/><\/a> <a href=\"https:\/\/www.ocorreionews.com.br\/acervo-correio\/wp-content\/uploads\/2023\/04\/busto-crisostomo4.jpg\"><img loading=\"lazy\" decoding=\"async\" class=\"alignnone size-full wp-image-237966\" src=\"https:\/\/www.ocorreionews.com.br\/acervo-correio\/wp-content\/uploads\/2023\/04\/busto-crisostomo4.jpg\" alt=\"\" width=\"2048\" height=\"1360\" srcset=\"https:\/\/www.ocorreionews.com.br\/acervo-correio\/wp-content\/uploads\/2023\/04\/busto-crisostomo4.jpg 2048w, https:\/\/www.ocorreionews.com.br\/acervo-correio\/wp-content\/uploads\/2023\/04\/busto-crisostomo4-300x199.jpg 300w, https:\/\/www.ocorreionews.com.br\/acervo-correio\/wp-content\/uploads\/2023\/04\/busto-crisostomo4-1024x680.jpg 1024w, https:\/\/www.ocorreionews.com.br\/acervo-correio\/wp-content\/uploads\/2023\/04\/busto-crisostomo4-768x510.jpg 768w, https:\/\/www.ocorreionews.com.br\/acervo-correio\/wp-content\/uploads\/2023\/04\/busto-crisostomo4-1536x1020.jpg 1536w\" sizes=\"auto, (max-width: 2048px) 100vw, 2048px\" \/><\/a> <a href=\"https:\/\/www.ocorreionews.com.br\/acervo-correio\/wp-content\/uploads\/2023\/04\/busto-yule.jpg\"><img loading=\"lazy\" decoding=\"async\" class=\"alignnone size-full wp-image-237967\" src=\"https:\/\/www.ocorreionews.com.br\/acervo-correio\/wp-content\/uploads\/2023\/04\/busto-yule.jpg\" alt=\"\" width=\"2048\" height=\"1360\" srcset=\"https:\/\/www.ocorreionews.com.br\/acervo-correio\/wp-content\/uploads\/2023\/04\/busto-yule.jpg 2048w, https:\/\/www.ocorreionews.com.br\/acervo-correio\/wp-content\/uploads\/2023\/04\/busto-yule-300x199.jpg 300w, https:\/\/www.ocorreionews.com.br\/acervo-correio\/wp-content\/uploads\/2023\/04\/busto-yule-1024x680.jpg 1024w, https:\/\/www.ocorreionews.com.br\/acervo-correio\/wp-content\/uploads\/2023\/04\/busto-yule-768x510.jpg 768w, https:\/\/www.ocorreionews.com.br\/acervo-correio\/wp-content\/uploads\/2023\/04\/busto-yule-1536x1020.jpg 1536w\" sizes=\"auto, (max-width: 2048px) 100vw, 2048px\" \/><\/a><\/p>\n<p>&nbsp;<\/p>\n<div class=\"x11i5rnm xat24cr x1mh8g0r x1vvkbs xtlvy1s x126k92a\">\n<div dir=\"auto\">Fonte\/Fotos: Assecom\/Prefeitura de Alcin\u00f3polis\/Simone Nogueira<\/div>\n<\/div>\n","protected":false},"excerpt":{"rendered":"<p>No dia 22\/04 (s\u00e1bado) foi inaugurado o memorial em homenagem a Fl\u00e1via Cris\u00f3stomo Gon\u00e7alves e Iulle Martins Rezende. Ambos eram integrantes da Banda Musical e nos deixaram precocemente. Jovens cheios de vida, cativavam a todos ao seu redor. Flavinha, como era chamada por todos, sempre sorridente, dedicada a fam\u00edlia e amigos, estava sempre disposta a [&hellip;]<\/p>\n","protected":false},"author":4,"featured_media":237963,"comment_status":"closed","ping_status":"closed","sticky":false,"template":"","format":"standard","meta":{"footnotes":""},"categories":[18,41],"tags":[],"class_list":["post-237957","post","type-post","status-publish","format-standard","has-post-thumbnail","hentry","category-alcinopolis","category-destaque"],"_links":{"self":[{"href":"https:\/\/www.ocorreionews.com.br\/acervo-correio\/index.php?rest_route=\/wp\/v2\/posts\/237957","targetHints":{"allow":["GET"]}}],"collection":[{"href":"https:\/\/www.ocorreionews.com.br\/acervo-correio\/index.php?rest_route=\/wp\/v2\/posts"}],"about":[{"href":"https:\/\/www.ocorreionews.com.br\/acervo-correio\/index.php?rest_route=\/wp\/v2\/types\/post"}],"author":[{"embeddable":true,"href":"https:\/\/www.ocorreionews.com.br\/acervo-correio\/index.php?rest_route=\/wp\/v2\/users\/4"}],"replies":[{"embeddable":true,"href":"https:\/\/www.ocorreionews.com.br\/acervo-correio\/index.php?rest_route=%2Fwp%2Fv2%2Fcomments&post=237957"}],"version-history":[{"count":1,"href":"https:\/\/www.ocorreionews.com.br\/acervo-correio\/index.php?rest_route=\/wp\/v2\/posts\/237957\/revisions"}],"predecessor-version":[{"id":237969,"href":"https:\/\/www.ocorreionews.com.br\/acervo-correio\/index.php?rest_route=\/wp\/v2\/posts\/237957\/revisions\/237969"}],"wp:featuredmedia":[{"embeddable":true,"href":"https:\/\/www.ocorreionews.com.br\/acervo-correio\/index.php?rest_route=\/wp\/v2\/media\/237963"}],"wp:attachment":[{"href":"https:\/\/www.ocorreionews.com.br\/acervo-correio\/index.php?rest_route=%2Fwp%2Fv2%2Fmedia&parent=237957"}],"wp:term":[{"taxonomy":"category","embeddable":true,"href":"https:\/\/www.ocorreionews.com.br\/acervo-correio\/index.php?rest_route=%2Fwp%2Fv2%2Fcategories&post=237957"},{"taxonomy":"post_tag","embeddable":true,"href":"https:\/\/www.ocorreionews.com.br\/acervo-correio\/index.php?rest_route=%2Fwp%2Fv2%2Ftags&post=237957"}],"curies":[{"name":"wp","href":"https:\/\/api.w.org\/{rel}","templated":true}]}}