{"id":237970,"date":"2023-04-25T14:05:19","date_gmt":"2023-04-25T18:05:19","guid":{"rendered":"https:\/\/www.ocorreionews.com.br\/acervo-correio\/?p=237970"},"modified":"2023-04-25T14:07:21","modified_gmt":"2023-04-25T18:07:21","slug":"trecho-em-ms-da-megaestrada-que-ligara-o-brasil-ao-chile-sofre-com-buracos-e-falta-de-acostamento","status":"publish","type":"post","link":"https:\/\/www.ocorreionews.com.br\/acervo-correio\/?p=237970","title":{"rendered":"Trecho em MS da &#8216;megaestrada&#8217; que ligar\u00e1 o Brasil ao Chile sofre com buracos e falta de acostamento"},"content":{"rendered":"<div id=\"chunk-adfh4\">\n<div class=\"mc-column content-text active-extra-styles \" data-block-type=\"unstyled\" data-block-weight=\"69\" data-block-id=\"3\">\n<p class=\"content-text__container \" data-track-category=\"Link no Texto\" data-track-links=\"\">O Departamento Nacional de Infraestrutura (DNIT) j\u00e1 licitou e a empresa contratada est\u00e1 elaborando o projeto executivo para a restaura\u00e7\u00e3o da BR-267, em um trecho de 101,1 quil\u00f4metros, entre o distrito de Alto Caracol, em Caracol e Porto Murtinho, em Mato Grosso do Sul. Esse segmento \u00e9 o \u00faltimo no pa\u00eds do corredor bioce\u00e2nico, a \u201cmegaestrada\u201d que vai conectar o Brasil ao Chile, passando por Paraguai e Argentina.<\/p>\n<p data-track-category=\"Link no Texto\" data-track-links=\"\">\n<\/div>\n<\/div>\n<div class=\"wall protected-content\">\n<div class=\"mc-column content-text active-extra-styles\" data-block-type=\"raw\" data-block-weight=\"2\" data-block-id=\"4\">\n<p class=\"content-text__container\">\n<\/div>\n<div id=\"chunk-d0en8\">\n<div class=\"mc-column content-text active-extra-styles \" data-block-type=\"unstyled\" data-block-weight=\"47\" data-block-id=\"7\">\n<p class=\"content-text__container \" data-track-category=\"Link no Texto\" data-track-links=\"\">Enquanto o projeto de restaura\u00e7\u00e3o n\u00e3o sai do papel, o prefeito de Porto Murtinho, Nelson Cintra (PSDB), aponta que as condi\u00e7\u00f5es de tr\u00e1fego da estrada em alguns pontos entre Jardim e o munic\u00edpio est\u00e1 complicado, com algumas crateras na pista, afundamento do pavimento e falta de acostamento.<\/p>\n<p data-track-category=\"Link no Texto\" data-track-links=\"\">\n<\/div>\n<\/div>\n<div id=\"chunk-dgjc4\">\n<div class=\"row medium-uncollapsed content-media content-photo\" data-block-type=\"backstage-photo\" data-block-id=\"8\">\n<div class=\" mc-column content-media__container\">\n<div class=\"content-media-container glb-skeleton-box\">\n<figure class=\"content-media-figure\">\n<p><figure style=\"width: 647px\" class=\"wp-caption aligncenter\"><img loading=\"lazy\" decoding=\"async\" class=\"i-amphtml-fill-content i-amphtml-replaced-content\" src=\"https:\/\/s2.glbimg.com\/KK7blwpz0LbGyAikiHDEyEAekrA=\/0x0:1600x1007\/984x0\/smart\/filters:strip_icc()\/i.s3.glbimg.com\/v1\/AUTH_59edd422c0c84a879bd37670ae4f538a\/internal_photos\/bs\/2023\/y\/A\/NBA6wQRduwUc9rlaplmw\/whatsapp-image-2023-04-25-at-09.14.15-1-.jpeg\" sizes=\"auto, (max-width: 1525px) 648px, 100vw\" srcset=\"https:\/\/s2.glbimg.com\/SzZrupRbVYwLy8Kg2pQNJosDWzA=\/0x0:1600x1007\/1000x0\/smart\/filters:strip_icc()\/i.s3.glbimg.com\/v1\/AUTH_59edd422c0c84a879bd37670ae4f538a\/internal_photos\/bs\/2023\/y\/A\/NBA6wQRduwUc9rlaplmw\/whatsapp-image-2023-04-25-at-09.14.15-1-.jpeg 1000w, https:\/\/s2.glbimg.com\/KK7blwpz0LbGyAikiHDEyEAekrA=\/0x0:1600x1007\/984x0\/smart\/filters:strip_icc()\/i.s3.glbimg.com\/v1\/AUTH_59edd422c0c84a879bd37670ae4f538a\/internal_photos\/bs\/2023\/y\/A\/NBA6wQRduwUc9rlaplmw\/whatsapp-image-2023-04-25-at-09.14.15-1-.jpeg 984w, https:\/\/s2.glbimg.com\/UxjWbuTyZTgJ2Fbug9-jV0GoUV0=\/0x0:1600x1007\/640x0\/smart\/filters:strip_icc()\/i.s3.glbimg.com\/v1\/AUTH_59edd422c0c84a879bd37670ae4f538a\/internal_photos\/bs\/2023\/y\/A\/NBA6wQRduwUc9rlaplmw\/whatsapp-image-2023-04-25-at-09.14.15-1-.jpeg 640w, https:\/\/s2.glbimg.com\/ARwelYdJIj445G6VWZv5DUu1ax8=\/0x0:1600x1007\/600x0\/smart\/filters:strip_icc()\/i.s3.glbimg.com\/v1\/AUTH_59edd422c0c84a879bd37670ae4f538a\/internal_photos\/bs\/2023\/y\/A\/NBA6wQRduwUc9rlaplmw\/whatsapp-image-2023-04-25-at-09.14.15-1-.jpeg 600w\" alt=\"Carreta tenta desviar de buracos na pista da BR-267, entre Jardim e Porto Murtinho \u2014 Foto: Silvio Andrade\" width=\"647\" height=\"407\" \/><figcaption class=\"wp-caption-text\">Carreta tenta desviar de buracos na pista da BR-267, entre Jardim e Porto Murtinho \u2014 Foto: Silvio Andrade<\/figcaption><\/figure><\/figure>\n<\/div>\n<p>&nbsp;<\/p>\n<\/div>\n<\/div>\n<\/div>\n<div id=\"chunk-2cpf4\">\n<div class=\"mc-column content-text active-extra-styles \" data-block-type=\"unstyled\" data-block-weight=\"74\" data-block-id=\"9\">\n<p class=\"content-text__container \" data-track-category=\"Link no Texto\" data-track-links=\"\">\u201cEquipes do DNIT est\u00e3o trabalhando na recupera\u00e7\u00e3o da rodovia, mas n\u00e3o t\u00eam dado conta, por causa das chuvas e do grande movimento de carretas bitrens. S\u00e3o cerca de 250 todo dia, levando principalmente gr\u00e3os para o porto. A estrada foi feita h\u00e1 20 anos, quando nem tinha bitrem, era s\u00f3 caminh\u00e3o e o movimento era muito menor, ent\u00e3o o pavimento n\u00e3o aguenta. Est\u00e3o trabalhando, mas tem trechos que tem buracos bem feios\u201d, comentou.<\/p>\n<p data-track-category=\"Link no Texto\" data-track-links=\"\">\n<\/div>\n<\/div>\n<div id=\"chunk-2p1l8\">\n<div class=\"content-ads content-ads--reveal\" data-block-type=\"ads\" data-block-id=\"10\">\n<div><\/div>\n<\/div>\n<\/div>\n<div id=\"chunk-abr71\">\n<div class=\"mc-column content-text active-extra-styles \" data-block-type=\"unstyled\" data-block-weight=\"36\" data-block-id=\"11\">\n<p class=\"content-text__container \" data-track-category=\"Link no Texto\" data-track-links=\"\">O DNIT diz que tem dois contratos de manuten\u00e7\u00e3o e conserva\u00e7\u00e3o da rodovia em vig\u00eancia no trecho entre Jardim e Porto Murtinho, justamente para garantir a trafegabilidade do segmento.<\/p>\n<p data-track-category=\"Link no Texto\" data-track-links=\"\">\n<\/div>\n<\/div>\n<div id=\"chunk-dl937\">\n<div class=\"row medium-uncollapsed content-media content-photo\" data-block-type=\"backstage-photo\" data-block-id=\"12\">\n<div class=\" mc-column content-media__container\">\n<div class=\"content-media-container glb-skeleton-box\">\n<figure class=\"content-media-figure\">\n<p><figure style=\"width: 647px\" class=\"wp-caption aligncenter\"><img loading=\"lazy\" decoding=\"async\" class=\"i-amphtml-fill-content i-amphtml-replaced-content\" src=\"https:\/\/s2.glbimg.com\/cAO1IElQGobFwbvp8ADJG6foLIc=\/0x0:1600x1015\/984x0\/smart\/filters:strip_icc()\/i.s3.glbimg.com\/v1\/AUTH_59edd422c0c84a879bd37670ae4f538a\/internal_photos\/bs\/2023\/W\/r\/NNXMkJSna7JIFQr8Bc8w\/whatsapp-image-2023-04-25-at-09.14.15.jpeg\" sizes=\"auto, (max-width: 1525px) 648px, 100vw\" srcset=\"https:\/\/s2.glbimg.com\/aEJDxatrZRiN1CcyrQR_c-qZj8k=\/0x0:1600x1015\/1000x0\/smart\/filters:strip_icc()\/i.s3.glbimg.com\/v1\/AUTH_59edd422c0c84a879bd37670ae4f538a\/internal_photos\/bs\/2023\/W\/r\/NNXMkJSna7JIFQr8Bc8w\/whatsapp-image-2023-04-25-at-09.14.15.jpeg 1000w, https:\/\/s2.glbimg.com\/cAO1IElQGobFwbvp8ADJG6foLIc=\/0x0:1600x1015\/984x0\/smart\/filters:strip_icc()\/i.s3.glbimg.com\/v1\/AUTH_59edd422c0c84a879bd37670ae4f538a\/internal_photos\/bs\/2023\/W\/r\/NNXMkJSna7JIFQr8Bc8w\/whatsapp-image-2023-04-25-at-09.14.15.jpeg 984w, https:\/\/s2.glbimg.com\/mFh_ODGeyLgAIiwIF5Ag5-goswY=\/0x0:1600x1015\/640x0\/smart\/filters:strip_icc()\/i.s3.glbimg.com\/v1\/AUTH_59edd422c0c84a879bd37670ae4f538a\/internal_photos\/bs\/2023\/W\/r\/NNXMkJSna7JIFQr8Bc8w\/whatsapp-image-2023-04-25-at-09.14.15.jpeg 640w, https:\/\/s2.glbimg.com\/a_Y7KLSIccd0BYPHu7WF2MaqWRg=\/0x0:1600x1015\/600x0\/smart\/filters:strip_icc()\/i.s3.glbimg.com\/v1\/AUTH_59edd422c0c84a879bd37670ae4f538a\/internal_photos\/bs\/2023\/W\/r\/NNXMkJSna7JIFQr8Bc8w\/whatsapp-image-2023-04-25-at-09.14.15.jpeg 600w\" alt=\"Equipes do DNIT trabalham na recupera\u00e7\u00e3o de trechos da BR-267, entre Jardim e Porto Murtinho \u2014 Foto: Silvio Andrade\" width=\"647\" height=\"410\" \/><figcaption class=\"wp-caption-text\">Equipes do DNIT trabalham na recupera\u00e7\u00e3o de trechos da BR-267, entre Jardim e Porto Murtinho \u2014 Foto: Silvio Andrade<\/figcaption><\/figure><\/figure>\n<\/div>\n<p>&nbsp;<\/p>\n<\/div>\n<\/div>\n<\/div>\n<div id=\"chunk-bbpqi\">\n<div class=\"mc-column content-text active-extra-styles \" data-block-type=\"unstyled\" data-block-weight=\"182\" data-block-id=\"13\">\n<p class=\"content-text__container \" data-track-category=\"Link no Texto\" data-track-links=\"\">Em rela\u00e7\u00e3o ao projeto de restaura\u00e7\u00e3o da rodovia, j\u00e1 voltado para atender um fluxo ainda maior de ve\u00edculos com o corredor bioce\u00e2nico, o DNIT diz que est\u00e3o previstos a implanta\u00e7\u00e3o de acostamentos, reforma do pavimento, melhorias nas interse\u00e7\u00f5es e implanta\u00e7\u00e3o de faixas adicionais de ultrapassagem (terceira faixa).<\/p>\n<p data-track-category=\"Link no Texto\" data-track-links=\"\">\n<\/div>\n<\/div>\n<div id=\"chunk-77b3j\">\n<div class=\"content-ads content-ads--reveal\" data-block-type=\"ads\" data-block-id=\"14\">\n<div><\/div>\n<\/div>\n<\/div>\n<div id=\"chunk-cibgb\">\n<div class=\"mc-column content-text active-extra-styles \" data-block-type=\"unstyled\" data-block-weight=\"26\" data-block-id=\"15\">\n<p class=\"content-text__container \" data-track-category=\"Link no Texto\" data-track-links=\"\">O investimento previsto inicialmente para o projeto \u00e9 de R$ 178 milh\u00f5es e prazo de execu\u00e7\u00e3o de tr\u00eas anos (1080), a partir da ordem de servi\u00e7o.<\/p>\n<p data-track-category=\"Link no Texto\" data-track-links=\"\">\n<\/div>\n<\/div>\n<div class=\"mc-column content-text active-extra-styles\" data-block-type=\"raw\" data-block-weight=\"3\" data-block-id=\"16\">\n<div class=\"content-intertitle\">\n<h2>Ponte da Bioce\u00e2nica<\/h2>\n<\/div>\n<\/div>\n<p>&nbsp;<\/p>\n<div id=\"chunk-1thr6\">\n<div class=\"row medium-uncollapsed content-media content-photo\" data-block-type=\"backstage-photo\" data-block-id=\"17\">\n<div class=\" mc-column content-media__container\">\n<div class=\"content-media-container glb-skeleton-box\">\n<figure class=\"content-media-figure\">\n<p><figure style=\"width: 647px\" class=\"wp-caption aligncenter\"><img loading=\"lazy\" decoding=\"async\" class=\"i-amphtml-fill-content i-amphtml-replaced-content\" src=\"https:\/\/s2.glbimg.com\/MbY9Wya6Rh1oU9LK57z7ON8ldH8=\/0x0:1057x757\/984x0\/smart\/filters:strip_icc()\/i.s3.glbimg.com\/v1\/AUTH_59edd422c0c84a879bd37670ae4f538a\/internal_photos\/bs\/2023\/S\/G\/FPoRfoSlAHdctIOsmllw\/ponte-ms.jpg\" sizes=\"auto, (max-width: 1525px) 648px, 100vw\" srcset=\"https:\/\/s2.glbimg.com\/RZ_3KCxZBODVTfC7Jhs_T8iiCBk=\/0x0:1057x757\/1000x0\/smart\/filters:strip_icc()\/i.s3.glbimg.com\/v1\/AUTH_59edd422c0c84a879bd37670ae4f538a\/internal_photos\/bs\/2023\/S\/G\/FPoRfoSlAHdctIOsmllw\/ponte-ms.jpg 1000w, https:\/\/s2.glbimg.com\/MbY9Wya6Rh1oU9LK57z7ON8ldH8=\/0x0:1057x757\/984x0\/smart\/filters:strip_icc()\/i.s3.glbimg.com\/v1\/AUTH_59edd422c0c84a879bd37670ae4f538a\/internal_photos\/bs\/2023\/S\/G\/FPoRfoSlAHdctIOsmllw\/ponte-ms.jpg 984w, https:\/\/s2.glbimg.com\/KSBLHEKJP4WYK6JHUxglvVYy6Ag=\/0x0:1057x757\/640x0\/smart\/filters:strip_icc()\/i.s3.glbimg.com\/v1\/AUTH_59edd422c0c84a879bd37670ae4f538a\/internal_photos\/bs\/2023\/S\/G\/FPoRfoSlAHdctIOsmllw\/ponte-ms.jpg 640w, https:\/\/s2.glbimg.com\/5gVCYF3iR5_c8nItepW5lSUZkGg=\/0x0:1057x757\/600x0\/smart\/filters:strip_icc()\/i.s3.glbimg.com\/v1\/AUTH_59edd422c0c84a879bd37670ae4f538a\/internal_photos\/bs\/2023\/S\/G\/FPoRfoSlAHdctIOsmllw\/ponte-ms.jpg 600w\" alt=\"Obras da ponte da Bioce\u00e2nica, entre Carmelo Peralta, no Paraguai, e Porto Murtinho, no Brasil \u2014 Foto: MOPC\/Divulga\u00e7\u00e3o\" width=\"647\" height=\"464\" \/><figcaption class=\"wp-caption-text\">Obras da ponte da Bioce\u00e2nica, entre Carmelo Peralta, no Paraguai, e Porto Murtinho, no Brasil \u2014 Foto: MOPC\/Divulga\u00e7\u00e3o<\/figcaption><\/figure><\/figure>\n<\/div>\n<p>&nbsp;<\/p>\n<\/div>\n<\/div>\n<\/div>\n<div id=\"chunk-55qss\">\n<div class=\"mc-column content-text active-extra-styles \" data-block-type=\"unstyled\" data-block-weight=\"52\" data-block-id=\"18\">\n<p class=\"content-text__container \" data-track-category=\"Link no Texto\" data-track-links=\"\">Ainda relacionado a megaestrada que vai ligar o Brasil ao Chile, o DNIT aponta que deve lan\u00e7ar ainda este ano a licita\u00e7\u00e3o das obras do acesso ao lado brasileiro \u00e0 ponte internacional sobre o rio Paraguai, que vai ligar a cidade de Porto Murtinho, no Brasil, a Carmelo Peralta, no Paraguai.<\/p>\n<p data-track-category=\"Link no Texto\" data-track-links=\"\">\n<\/div>\n<\/div>\n<div id=\"chunk-eqj47\">\n<div class=\"mc-column content-text active-extra-styles \" data-block-type=\"unstyled\" data-block-weight=\"23\" data-block-id=\"19\">\n<p class=\"content-text__container \" data-track-category=\"Link no Texto\" data-track-links=\"\">O DNIT informou ao g1 que o acesso \u00e0 ponte faz parte da mesma obra do Contorno Rodovi\u00e1rio Norte de Porto Murtinho.<\/p>\n<p data-track-category=\"Link no Texto\" data-track-links=\"\">\n<\/div>\n<\/div>\n<div id=\"chunk-68km9\">\n<div class=\"content-ads content-ads--reveal\" data-block-type=\"ads\" data-block-id=\"20\">\n<div><\/div>\n<\/div>\n<\/div>\n<div id=\"chunk-a4b43\">\n<div class=\"mc-column content-text active-extra-styles \" data-block-type=\"unstyled\" data-block-weight=\"41\" data-block-id=\"21\">\n<p class=\"content-text__container \" data-track-category=\"Link no Texto\" data-track-links=\"\">A obra, conforme o departamento, est\u00e1 or\u00e7ada em R$ 190 milh\u00f5es e o prazo de execu\u00e7\u00e3o \u00e9 de 1 anos e seis meses. O Contorno Rodovi\u00e1rio Norte de Porto Murtinho ter\u00e1 aproximadamente 13,1 km e partir\u00e1 do km 678,10 na BR-267.<\/p>\n<p data-track-category=\"Link no Texto\" data-track-links=\"\">\n<\/div>\n<\/div>\n<div id=\"chunk-27lri\">\n<div class=\"mc-column content-text active-extra-styles \" data-block-type=\"unstyled\" data-block-weight=\"43\" data-block-id=\"22\">\n<p class=\"content-text__container \" data-track-category=\"Link no Texto\" data-track-links=\"\">A ponte est\u00e1 sendo constru\u00edda em uma \u00e1rea que fica a cerca de 14 quil\u00f4metros da BR-267. Um cons\u00f3rcio binacional \u00e9 respons\u00e1vel pelo empreendimento. O investimento \u00e9 de R$ 575,5 milh\u00f5es e est\u00e1 sendo feito pela administra\u00e7\u00e3o paraguaia da usina de Itaipu.<\/p>\n<p data-track-category=\"Link no Texto\" data-track-links=\"\">\n<\/div>\n<\/div>\n<div id=\"chunk-4itch\">\n<div class=\"mc-column content-text active-extra-styles \" data-block-type=\"unstyled\" data-block-weight=\"34\" data-block-id=\"23\">\n<p class=\"content-text__container \" data-track-category=\"Link no Texto\" data-track-links=\"\">A estrutura, de 1.310 metros de comprimento e 20,10 metros de largura, \u00e9 fundamental para viabilizar a Rota Bioce\u00e2nica. Atualmente, a liga\u00e7\u00e3o entre os dois pa\u00edses nessa regi\u00e3o \u00e9 feita somente por balsas.<\/p>\n<p data-track-category=\"Link no Texto\" data-track-links=\"\">\n<\/div>\n<\/div>\n<div id=\"chunk-515be\">\n<div class=\"mc-column content-text active-extra-styles \" data-block-type=\"unstyled\" data-block-weight=\"160\" data-block-id=\"24\">\n<p class=\"content-text__container \" data-track-category=\"Link no Texto\" data-track-links=\"\">A ordem de servi\u00e7o da ponte foi dada no dia 13 de dezembro de 2021 pelo presidente paraguaio Mario Abdo Benitez. Em sua p\u00e1gina na internet, o cons\u00f3rcio Pybra, formado pelas empresas Tecnoedil Construtora, do Paraguai, e Cidade Ltda e Paulitec Constru\u00e7\u00f5es, do Brasil, aponta a conclus\u00e3o das obras no primeiro semestre de 2025.<\/p>\n<p data-track-category=\"Link no Texto\" data-track-links=\"\">\n<\/div>\n<\/div>\n<div id=\"chunk-fgi0l\">\n<div class=\"content-ads content-ads--reveal\" data-block-type=\"ads\" data-block-id=\"25\">\n<div><\/div>\n<\/div>\n<\/div>\n<div id=\"chunk-b6pqr\">\n<div class=\"mc-column content-text active-extra-styles \" data-block-type=\"unstyled\" data-block-weight=\"61\" data-block-id=\"26\">\n<p class=\"content-text__container \" data-track-category=\"Link no Texto\" data-track-links=\"\">As obras da ponte avan\u00e7am rapidamente. Segundo o Minist\u00e9rio das Obras P\u00fablicas e Comunica\u00e7\u00f5es (MPOC) do pa\u00eds vizinho, foram conclu\u00eddas na semana passada as 142 estacas de concreto armado sobre as quais ser\u00e3o erguidos os pilares da estrutura no lado paraguaio. J\u00e1 no lado brasileiro, foram terminados 61, das 158 estacas previstas. No total, 16% da obra j\u00e1 foi conclu\u00eddo.<\/p>\n<\/div>\n<\/div>\n<div class=\"mc-column content-text active-extra-styles\" data-block-type=\"raw\" data-block-weight=\"3\" data-block-id=\"27\">\n<div class=\"content-intertitle\">\n<h2>Pavimenta\u00e7\u00e3o no Paraguai<\/h2>\n<\/div>\n<p>&nbsp;<\/p>\n<\/div>\n<div id=\"chunk-2vaqf\">\n<div class=\"row medium-uncollapsed content-media content-photo\" data-block-type=\"backstage-photo\" data-block-id=\"28\">\n<div class=\" mc-column content-media__container\">\n<div class=\"content-media-container glb-skeleton-box\">\n<figure class=\"content-media-figure\">\n<p><figure style=\"width: 647px\" class=\"wp-caption aligncenter\"><img loading=\"lazy\" decoding=\"async\" class=\"i-amphtml-fill-content i-amphtml-replaced-content\" src=\"https:\/\/s2.glbimg.com\/fkRhg3ED0lLO6R-rGWrlFfASTQ4=\/0x0:819x616\/984x0\/smart\/filters:strip_icc()\/i.s3.glbimg.com\/v1\/AUTH_59edd422c0c84a879bd37670ae4f538a\/internal_photos\/bs\/2023\/U\/z\/5uonEmRKiYNYnKCNByWg\/trecho-concluido.jpg\" sizes=\"auto, (max-width: 1525px) 648px, 100vw\" srcset=\"https:\/\/s2.glbimg.com\/pfRqchiL_VqJVtSvAmv-fJwBDOY=\/0x0:819x616\/1000x0\/smart\/filters:strip_icc()\/i.s3.glbimg.com\/v1\/AUTH_59edd422c0c84a879bd37670ae4f538a\/internal_photos\/bs\/2023\/U\/z\/5uonEmRKiYNYnKCNByWg\/trecho-concluido.jpg 1000w, https:\/\/s2.glbimg.com\/fkRhg3ED0lLO6R-rGWrlFfASTQ4=\/0x0:819x616\/984x0\/smart\/filters:strip_icc()\/i.s3.glbimg.com\/v1\/AUTH_59edd422c0c84a879bd37670ae4f538a\/internal_photos\/bs\/2023\/U\/z\/5uonEmRKiYNYnKCNByWg\/trecho-concluido.jpg 984w, https:\/\/s2.glbimg.com\/sy_5ZprFx2ZfJ1eSYeznWiXX9Y0=\/0x0:819x616\/640x0\/smart\/filters:strip_icc()\/i.s3.glbimg.com\/v1\/AUTH_59edd422c0c84a879bd37670ae4f538a\/internal_photos\/bs\/2023\/U\/z\/5uonEmRKiYNYnKCNByWg\/trecho-concluido.jpg 640w, https:\/\/s2.glbimg.com\/ixJwSfhXvvdvz5mOc01xM97et3g=\/0x0:819x616\/600x0\/smart\/filters:strip_icc()\/i.s3.glbimg.com\/v1\/AUTH_59edd422c0c84a879bd37670ae4f538a\/internal_photos\/bs\/2023\/U\/z\/5uonEmRKiYNYnKCNByWg\/trecho-concluido.jpg 600w\" alt=\"Trecho rec\u00e9m pavimentado da Rota Bioce\u00e2nica no Paraguai \u2014 Foto: MOPC\/Divulga\u00e7\u00e3o\" width=\"647\" height=\"487\" \/><figcaption class=\"wp-caption-text\">Trecho rec\u00e9m pavimentado da Rota Bioce\u00e2nica no Paraguai \u2014 Foto: MOPC\/Divulga\u00e7\u00e3o<\/figcaption><\/figure><\/figure>\n<\/div>\n<p>&nbsp;<\/p>\n<\/div>\n<\/div>\n<\/div>\n<div id=\"chunk-6dvlg\">\n<div class=\"mc-column content-text active-extra-styles \" data-block-type=\"unstyled\" data-block-weight=\"45\" data-block-id=\"29\">\n<p class=\"content-text__container \" data-track-category=\"Link no Texto\" data-track-links=\"\">No in\u00edcio de mar\u00e7o o governo paraguaio assinou o contrato para a pavimenta\u00e7\u00e3o do terceiro trecho da Rota Bioc\u00eaanica no pa\u00eds (Rota PY15). \u00c9 o intervalo entre as cidades de Mariscal Estigarribia e Pozo Hondo, no departamento de Boquer\u00f3n, com uma extens\u00e3o de 224,8 quil\u00f4metros.<\/p>\n<p data-track-category=\"Link no Texto\" data-track-links=\"\">\n<\/div>\n<\/div>\n<div id=\"chunk-97umd\">\n<div><\/div>\n<\/div>\n<div id=\"chunk-b8882\">\n<div class=\"mc-column content-text active-extra-styles \" data-block-type=\"unstyled\" data-block-weight=\"32\" data-block-id=\"31\">\n<p class=\"content-text__container \" data-track-category=\"Link no Texto\" data-track-links=\"\">Segundo o MOPC, a obra ter\u00e1 um investimento de US$ 354,2 milh\u00f5es, financiado com recursos do Fundo Financeiro para o Desenvolvimento da Bacia do Prata (Fonplata) e ser\u00e1 executada em tr\u00eas lotes.<\/p>\n<p data-track-category=\"Link no Texto\" data-track-links=\"\">\n<\/div>\n<\/div>\n<div id=\"chunk-30b34\">\n<div class=\"mc-column content-text active-extra-styles \" data-block-type=\"unstyled\" data-block-weight=\"32\" data-block-id=\"32\">\n<p class=\"content-text__container \" data-track-category=\"Link no Texto\" data-track-links=\"\">O minist\u00e9rio aponta que a partir da assinatura do contrato, as empresas v\u00e3o ter seis meses para elaborar o projeto final de engenharia da obra e dois anos para executar a pavimenta\u00e7\u00e3o.<\/p>\n<p data-track-category=\"Link no Texto\" data-track-links=\"\">\n<\/div>\n<\/div>\n<div id=\"chunk-ce4m5\">\n<div class=\"mc-column content-text active-extra-styles \" data-block-type=\"unstyled\" data-block-weight=\"32\" data-block-id=\"33\">\n<p class=\"content-text__container \" data-track-category=\"Link no Texto\" data-track-links=\"\">Al\u00e9m do asfaltamento da rodovia, tamb\u00e9m est\u00e3o previstas melhorias vi\u00e1rias nas cidades de Mariscal Estigarribia e Pozo Hondo, como constru\u00e7\u00e3o de rotat\u00f3rias, acessos aos aeroportos, cabines de ped\u00e1gio e pesagem de ve\u00edculos.<\/p>\n<p data-track-category=\"Link no Texto\" data-track-links=\"\">\n<\/div>\n<\/div>\n<div id=\"chunk-7bs4r\">\n<div class=\"mc-column content-text active-extra-styles \" data-block-type=\"unstyled\" data-block-weight=\"16\" data-block-id=\"34\">\n<p class=\"content-text__container \" data-track-category=\"Link no Texto\" data-track-links=\"\">Em Pozo Hondo, na fronteira com a Argentina, ser\u00e1 constru\u00eddo ainda um centro de controle aduaneiro.<\/p>\n<p data-track-category=\"Link no Texto\" data-track-links=\"\">\n<\/div>\n<\/div>\n<div class=\"mc-column content-text active-extra-styles\" data-block-type=\"raw\" data-block-weight=\"4\" data-block-id=\"35\">\n<div class=\"content-intertitle\">\n<h2>A Bioc\u00eaanica no Paraguai<\/h2>\n<\/div>\n<\/div>\n<p>&nbsp;<\/p>\n<div id=\"chunk-3hnej\">\n<div class=\"row medium-uncollapsed content-media content-photo\" data-block-type=\"backstage-photo\" data-block-id=\"36\">\n<div class=\" mc-column content-media__container\">\n<div class=\"content-media-container glb-skeleton-box\">\n<figure class=\"content-media-figure\">\n<p><figure style=\"width: 647px\" class=\"wp-caption aligncenter\"><img loading=\"lazy\" decoding=\"async\" class=\"i-amphtml-fill-content i-amphtml-replaced-content\" src=\"https:\/\/s2.glbimg.com\/KMNKTVlP3PdeethsCk2BbM9kGSU=\/0x0:920x518\/984x0\/smart\/filters:strip_icc()\/i.s3.glbimg.com\/v1\/AUTH_59edd422c0c84a879bd37670ae4f538a\/internal_photos\/bs\/2023\/P\/5\/edB6oAQnSyYcNDBziCZQ\/mapa.jpg\" sizes=\"auto, (max-width: 1525px) 648px, 100vw\" srcset=\"https:\/\/s2.glbimg.com\/OwXf5N_pzukKd5HtxBJysoQkkaM=\/0x0:920x518\/1000x0\/smart\/filters:strip_icc()\/i.s3.glbimg.com\/v1\/AUTH_59edd422c0c84a879bd37670ae4f538a\/internal_photos\/bs\/2023\/P\/5\/edB6oAQnSyYcNDBziCZQ\/mapa.jpg 1000w, https:\/\/s2.glbimg.com\/KMNKTVlP3PdeethsCk2BbM9kGSU=\/0x0:920x518\/984x0\/smart\/filters:strip_icc()\/i.s3.glbimg.com\/v1\/AUTH_59edd422c0c84a879bd37670ae4f538a\/internal_photos\/bs\/2023\/P\/5\/edB6oAQnSyYcNDBziCZQ\/mapa.jpg 984w, https:\/\/s2.glbimg.com\/XG8t_SJpSuWpd4564jiHZbMVwPg=\/0x0:920x518\/640x0\/smart\/filters:strip_icc()\/i.s3.glbimg.com\/v1\/AUTH_59edd422c0c84a879bd37670ae4f538a\/internal_photos\/bs\/2023\/P\/5\/edB6oAQnSyYcNDBziCZQ\/mapa.jpg 640w, https:\/\/s2.glbimg.com\/ddSfWzNvCsy1OFD4e2Wa_2_q008=\/0x0:920x518\/600x0\/smart\/filters:strip_icc()\/i.s3.glbimg.com\/v1\/AUTH_59edd422c0c84a879bd37670ae4f538a\/internal_photos\/bs\/2023\/P\/5\/edB6oAQnSyYcNDBziCZQ\/mapa.jpg 600w\" alt=\"Mapa da Rota Bioce\u00e2nica \u2014 Foto: MOPC\/Divulga\u00e7\u00e3o\" width=\"647\" height=\"364\" \/><figcaption class=\"wp-caption-text\">Mapa da Rota Bioce\u00e2nica \u2014 Foto: MOPC\/Divulga\u00e7\u00e3o<\/figcaption><\/figure><\/figure>\n<\/div>\n<p class=\"content-media__description \">\n<\/div>\n<\/div>\n<\/div>\n<div id=\"chunk-24lsd\">\n<div class=\"content-ads content-ads--reveal\" data-block-type=\"ads\" data-block-id=\"37\">\n<div><\/div>\n<\/div>\n<\/div>\n<div id=\"chunk-ad7a9\">\n<div class=\"mc-column content-text active-extra-styles \" data-block-type=\"unstyled\" data-block-weight=\"44\" data-block-id=\"38\">\n<p class=\"content-text__container \" data-track-category=\"Link no Texto\" data-track-links=\"\">De acordo com o MOPC, no Paraguai a extens\u00e3o da Rota Bioce\u00e2nica foi dividida em tr\u00eas trechos para a pavimenta\u00e7\u00e3o. O primeiro de Carmelo Peralta a Loma Plata tem 277 quil\u00f4metros e j\u00e1 est\u00e1 conclu\u00eddo. O investimento na iniciativa foi de US$ 443 milh\u00f5es.<\/p>\n<p data-track-category=\"Link no Texto\" data-track-links=\"\">\n<\/div>\n<\/div>\n<div id=\"chunk-b0q7d\">\n<div class=\"mc-column content-text active-extra-styles \" data-block-type=\"unstyled\" data-block-weight=\"21\" data-block-id=\"39\">\n<p class=\"content-text__container \" data-track-category=\"Link no Texto\" data-track-links=\"\">Em Carmelo Peralta est\u00e1 sendo constru\u00edda a ponte sobre o rio Paraguai, que ligar\u00e1 o pa\u00eds ao Brasil, por Porto Murtinho.<\/p>\n<\/div>\n<\/div>\n<div id=\"chunk-86u5a\">\n<div class=\"mc-column content-text active-extra-styles \" data-block-type=\"unstyled\" data-block-weight=\"27\" data-block-id=\"40\">\n<p class=\"content-text__container \" data-track-category=\"Link no Texto\" data-track-links=\"\">O segundo trecho da rota no Paraguai vai de Cruce Centinela a Mariscal Estigarribia. Tem uma extens\u00e3o de 102 quil\u00f4metros e investimento previsto de US$ 110 milh\u00f5es.<\/p>\n<p data-track-category=\"Link no Texto\" data-track-links=\"\">\n<\/div>\n<\/div>\n<div id=\"chunk-e3a5s\">\n<div class=\"mc-column content-text active-extra-styles \" data-block-type=\"unstyled\" data-block-weight=\"31\" data-block-id=\"41\">\n<p class=\"content-text__container \" data-track-category=\"Link no Texto\" data-track-links=\"\">Segundo o minist\u00e9rio, sua pavimenta\u00e7\u00e3o deve ocorrer ap\u00f3s o trecho 3, j\u00e1 que existe outra rodovia na regi\u00e3o, a PY09, que foi remodelada e pode funcionar como alternativa para o trecho.<\/p>\n<p data-track-category=\"Link no Texto\" data-track-links=\"\">\n<\/div>\n<\/div>\n<div id=\"chunk-a2fbu\">\n<div class=\"mc-column content-text active-extra-styles \" data-block-type=\"unstyled\" data-block-weight=\"61\" data-block-id=\"42\">\n<p class=\"content-text__container \" data-track-category=\"Link no Texto\" data-track-links=\"\">A rota, segundo estudos do Sindicato das Empresas de Transporte Rodovi\u00e1rio de Cargas e Log\u00edstica de Mato Grosso do Sul (Setlog\/MS), deve encurtar em mais de 8 mil quil\u00f4metros de rota mar\u00edtima a dist\u00e2ncia nas exporta\u00e7\u00f5es brasileiras para a \u00c1sia, possibilitando o incremento das negocia\u00e7\u00f5es entre os quatro pa\u00edses por onde passa, al\u00e9m de promover a integra\u00e7\u00e3o cultural e o turismo.<\/p>\n<p data-track-category=\"Link no Texto\" data-track-links=\"\">\n<\/div>\n<\/div>\n<div id=\"chunk-cq4uv\">\n<div class=\"row medium-uncollapsed content-media content-photo\" data-block-type=\"backstage-photo\" data-block-id=\"43\">\n<div class=\"column medium-22 large-20 medium-centered content-media__container\">\n<div class=\"content-media-container glb-skeleton-box\">\n<figure class=\"content-media-figure\">\n<p><figure style=\"width: 602px\" class=\"wp-caption aligncenter\"><img loading=\"lazy\" decoding=\"async\" class=\"i-amphtml-fill-content i-amphtml-replaced-content\" src=\"https:\/\/s2.glbimg.com\/TlHNOWvpbbdjaXF2Aw7FfUZxL0c=\/0x0:1700x1065\/1008x0\/smart\/filters:strip_icc()\/i.s3.glbimg.com\/v1\/AUTH_59edd422c0c84a879bd37670ae4f538a\/internal_photos\/bs\/2017\/y\/l\/5DQaEIRy6RyyEQh7gxJQ\/argentina-cordilheira-andes4.jpg\" srcset=\"\" alt=\"Cordilheira do Andes, Argentina \u2014 Foto: Anderson Viegas\/ G1 MS\" width=\"602\" height=\"377\" \/><figcaption class=\"wp-caption-text\">Cordilheira do Andes, Argentina \u2014 Foto: Anderson Viegas\/ G1 MS<\/figcaption><\/figure><\/figure>\n<p>&nbsp;<\/p>\n<\/div>\n<p class=\"content-publication-data__from\" title=\"Anderson Viegas, g1 MS\">Por Anderson Viegas, g1 MS<\/p>\n<\/div>\n<\/div>\n<\/div>\n<\/div>\n","protected":false},"excerpt":{"rendered":"<p>O Departamento Nacional de Infraestrutura (DNIT) j\u00e1 licitou e a empresa contratada est\u00e1 elaborando o projeto executivo para a restaura\u00e7\u00e3o da BR-267, em um trecho de 101,1 quil\u00f4metros, entre o distrito de Alto Caracol, em Caracol e Porto Murtinho, em Mato Grosso do Sul. Esse segmento \u00e9 o \u00faltimo no pa\u00eds do corredor bioce\u00e2nico, a [&hellip;]<\/p>\n","protected":false},"author":5,"featured_media":237971,"comment_status":"closed","ping_status":"closed","sticky":false,"template":"","format":"standard","meta":{"footnotes":""},"categories":[37],"tags":[],"class_list":["post-237970","post","type-post","status-publish","format-standard","has-post-thumbnail","hentry","category-politica"],"_links":{"self":[{"href":"https:\/\/www.ocorreionews.com.br\/acervo-correio\/index.php?rest_route=\/wp\/v2\/posts\/237970","targetHints":{"allow":["GET"]}}],"collection":[{"href":"https:\/\/www.ocorreionews.com.br\/acervo-correio\/index.php?rest_route=\/wp\/v2\/posts"}],"about":[{"href":"https:\/\/www.ocorreionews.com.br\/acervo-correio\/index.php?rest_route=\/wp\/v2\/types\/post"}],"author":[{"embeddable":true,"href":"https:\/\/www.ocorreionews.com.br\/acervo-correio\/index.php?rest_route=\/wp\/v2\/users\/5"}],"replies":[{"embeddable":true,"href":"https:\/\/www.ocorreionews.com.br\/acervo-correio\/index.php?rest_route=%2Fwp%2Fv2%2Fcomments&post=237970"}],"version-history":[{"count":1,"href":"https:\/\/www.ocorreionews.com.br\/acervo-correio\/index.php?rest_route=\/wp\/v2\/posts\/237970\/revisions"}],"predecessor-version":[{"id":237973,"href":"https:\/\/www.ocorreionews.com.br\/acervo-correio\/index.php?rest_route=\/wp\/v2\/posts\/237970\/revisions\/237973"}],"wp:featuredmedia":[{"embeddable":true,"href":"https:\/\/www.ocorreionews.com.br\/acervo-correio\/index.php?rest_route=\/wp\/v2\/media\/237971"}],"wp:attachment":[{"href":"https:\/\/www.ocorreionews.com.br\/acervo-correio\/index.php?rest_route=%2Fwp%2Fv2%2Fmedia&parent=237970"}],"wp:term":[{"taxonomy":"category","embeddable":true,"href":"https:\/\/www.ocorreionews.com.br\/acervo-correio\/index.php?rest_route=%2Fwp%2Fv2%2Fcategories&post=237970"},{"taxonomy":"post_tag","embeddable":true,"href":"https:\/\/www.ocorreionews.com.br\/acervo-correio\/index.php?rest_route=%2Fwp%2Fv2%2Ftags&post=237970"}],"curies":[{"name":"wp","href":"https:\/\/api.w.org\/{rel}","templated":true}]}}