{"id":237974,"date":"2023-04-25T14:13:35","date_gmt":"2023-04-25T18:13:35","guid":{"rendered":"https:\/\/www.ocorreionews.com.br\/acervo-correio\/?p=237974"},"modified":"2023-04-25T14:13:35","modified_gmt":"2023-04-25T18:13:35","slug":"costa-rica-regulamenta-a-expedicao-gratuita-da-carteira-de-identificacao-do-autista","status":"publish","type":"post","link":"https:\/\/www.ocorreionews.com.br\/acervo-correio\/?p=237974","title":{"rendered":"Costa Rica regulamenta a expedi\u00e7\u00e3o gratuita da Carteira de Identifica\u00e7\u00e3o do Autista"},"content":{"rendered":"<div class=\"ntc_cont_descricao_noticia sw_txteditor\">Nesta segunda-feira (24), o prefeito de Costa Rica, delegado Cleverson Alves dos Santos, assinou o Decreto n\u00ba 4.915, que regulamenta a expedi\u00e7\u00e3o gratuita da Carteira de Identifica\u00e7\u00e3o do Autista \u2013 CIA, destinada a identificar pessoas diagnosticadas com o Transtorno do Espectro Autista \u2013 TEA. A normatiza\u00e7\u00e3o foi publicada no Di\u00e1rio Oficial do Munic\u00edpio, edi\u00e7\u00e3o n\u00ba 3443.<\/p>\n<p>O documento facilita a identifica\u00e7\u00e3o e a prioridade no atendimento em servi\u00e7os p\u00fablicos e privados, em especial nas \u00e1reas de sa\u00fade, educa\u00e7\u00e3o e assist\u00eancia social. No caso dos particulares, isso inclui supermercados, bancos, farm\u00e1cias, bares, restaurantes e lojas em geral.<\/p>\n<p>De acordo com o artigo 1\u00ba do decreto, o munic\u00edpio de Costa Rica far\u00e1 a expedi\u00e7\u00e3o gratuita da Carteira de Identifica\u00e7\u00e3o do Autista, que se torna documento essencial para identifica\u00e7\u00e3o da pessoa com transtorno do espectro autista. O artigo 2\u00ba determina que a carteira de identifica\u00e7\u00e3o ser\u00e1 expedida pelas Secretarias de Assist\u00eancia Social e de Educa\u00e7\u00e3o, em conjunto, e conter\u00e1 informa\u00e7\u00f5es como nome completo, filia\u00e7\u00e3o, local e data de nascimento, n\u00famero da carteira de identidade civil, n\u00famero de inscri\u00e7\u00e3o no Cadastro de Pessoas F\u00edsicas (CPF), tipo sangu\u00edneo, endere\u00e7o residencial completo e n\u00famero de telefone do identificado.<\/p>\n<p>Para obter a Carteira de Identifica\u00e7\u00e3o do Autista, o interessado dever\u00e1 apresentar um relat\u00f3rio m\u00e9dico com indica\u00e7\u00e3o do c\u00f3digo da Classifica\u00e7\u00e3o Estat\u00edstica Internacional de Doen\u00e7as e Problemas Relacionados \u00e0 Sa\u00fade (CID), conforme estabelecido no artigo 3\u00ba do decreto. Al\u00e9m disso, a carteira ter\u00e1 validade de 5 anos e dever\u00e1 ser mantido atualizados os dados cadastrais do identificado, como determina o artigo 5\u00ba.<\/p>\n<p>O prefeito municipal, delegado Cleverson Alves dos Santos, destacou a import\u00e2ncia da Carteira de Identifica\u00e7\u00e3o do Autista para garantir a inclus\u00e3o e a acessibilidade das pessoas com TEA no munic\u00edpio. \u201cCom este decreto, estamos cumprindo o nosso compromisso de criar pol\u00edticas p\u00fablicas voltadas para a inclus\u00e3o e o respeito \u00e0s diferen\u00e7as. A Carteira de Identifica\u00e7\u00e3o do Autista \u00e9 um instrumento importante para garantir que as pessoas com TEA tenham acesso aos seus direitos e \u00e0 plena cidadania\u201d, afirmou o prefeito.<\/p>\n<p>A emiss\u00e3o da Carteira do Autista pela Prefeitura de Costa Rica\u00a0atende \u00e0\u00a0lei federal n\u00ba 13.977\/2020,\u00a0publicada em 9 de janeiro no Di\u00e1rio Oficial da Uni\u00e3o.<\/p><\/div>\n<p>&nbsp;<\/p>\n<p><a href=\"https:\/\/www.ocorreionews.com.br\/acervo-correio\/wp-content\/uploads\/2023\/04\/Carteira-de-Identificacao-do-Autista-CR.jpg\"><img loading=\"lazy\" decoding=\"async\" class=\"wp-image-237975 aligncenter\" src=\"https:\/\/www.ocorreionews.com.br\/acervo-correio\/wp-content\/uploads\/2023\/04\/Carteira-de-Identificacao-do-Autista-CR.jpg\" alt=\"\" width=\"600\" height=\"600\" srcset=\"https:\/\/www.ocorreionews.com.br\/acervo-correio\/wp-content\/uploads\/2023\/04\/Carteira-de-Identificacao-do-Autista-CR.jpg 800w, https:\/\/www.ocorreionews.com.br\/acervo-correio\/wp-content\/uploads\/2023\/04\/Carteira-de-Identificacao-do-Autista-CR-300x300.jpg 300w, https:\/\/www.ocorreionews.com.br\/acervo-correio\/wp-content\/uploads\/2023\/04\/Carteira-de-Identificacao-do-Autista-CR-150x150.jpg 150w, https:\/\/www.ocorreionews.com.br\/acervo-correio\/wp-content\/uploads\/2023\/04\/Carteira-de-Identificacao-do-Autista-CR-768x768.jpg 768w\" sizes=\"auto, (max-width: 600px) 100vw, 600px\" \/><\/a><\/p>\n<div class=\"ntc_area_info_noticia sw_lato\">\n<div>\n<div class=\"ntc_info_noticia\"><strong class=\"sw_lato_black\">Fonte: <\/strong>Assessoria de Comunica\u00e7\u00e3o &#8211; PMCR &#8211; <strong class=\"sw_lato_black\">\u00a0<\/strong>Silvestre de Castro<\/div>\n<\/div>\n<\/div>\n","protected":false},"excerpt":{"rendered":"<p>Nesta segunda-feira (24), o prefeito de Costa Rica, delegado Cleverson Alves dos Santos, assinou o Decreto n\u00ba 4.915, que regulamenta a expedi\u00e7\u00e3o gratuita da Carteira de Identifica\u00e7\u00e3o do Autista \u2013 CIA, destinada a identificar pessoas diagnosticadas com o Transtorno do Espectro Autista \u2013 TEA. A normatiza\u00e7\u00e3o foi publicada no Di\u00e1rio Oficial do Munic\u00edpio, edi\u00e7\u00e3o n\u00ba [&hellip;]<\/p>\n","protected":false},"author":5,"featured_media":237975,"comment_status":"closed","ping_status":"closed","sticky":false,"template":"","format":"standard","meta":{"footnotes":""},"categories":[25],"tags":[],"class_list":["post-237974","post","type-post","status-publish","format-standard","has-post-thumbnail","hentry","category-costa-rica"],"_links":{"self":[{"href":"https:\/\/www.ocorreionews.com.br\/acervo-correio\/index.php?rest_route=\/wp\/v2\/posts\/237974","targetHints":{"allow":["GET"]}}],"collection":[{"href":"https:\/\/www.ocorreionews.com.br\/acervo-correio\/index.php?rest_route=\/wp\/v2\/posts"}],"about":[{"href":"https:\/\/www.ocorreionews.com.br\/acervo-correio\/index.php?rest_route=\/wp\/v2\/types\/post"}],"author":[{"embeddable":true,"href":"https:\/\/www.ocorreionews.com.br\/acervo-correio\/index.php?rest_route=\/wp\/v2\/users\/5"}],"replies":[{"embeddable":true,"href":"https:\/\/www.ocorreionews.com.br\/acervo-correio\/index.php?rest_route=%2Fwp%2Fv2%2Fcomments&post=237974"}],"version-history":[{"count":1,"href":"https:\/\/www.ocorreionews.com.br\/acervo-correio\/index.php?rest_route=\/wp\/v2\/posts\/237974\/revisions"}],"predecessor-version":[{"id":237976,"href":"https:\/\/www.ocorreionews.com.br\/acervo-correio\/index.php?rest_route=\/wp\/v2\/posts\/237974\/revisions\/237976"}],"wp:featuredmedia":[{"embeddable":true,"href":"https:\/\/www.ocorreionews.com.br\/acervo-correio\/index.php?rest_route=\/wp\/v2\/media\/237975"}],"wp:attachment":[{"href":"https:\/\/www.ocorreionews.com.br\/acervo-correio\/index.php?rest_route=%2Fwp%2Fv2%2Fmedia&parent=237974"}],"wp:term":[{"taxonomy":"category","embeddable":true,"href":"https:\/\/www.ocorreionews.com.br\/acervo-correio\/index.php?rest_route=%2Fwp%2Fv2%2Fcategories&post=237974"},{"taxonomy":"post_tag","embeddable":true,"href":"https:\/\/www.ocorreionews.com.br\/acervo-correio\/index.php?rest_route=%2Fwp%2Fv2%2Ftags&post=237974"}],"curies":[{"name":"wp","href":"https:\/\/api.w.org\/{rel}","templated":true}]}}