{"id":237984,"date":"2023-04-25T14:45:39","date_gmt":"2023-04-25T18:45:39","guid":{"rendered":"https:\/\/www.ocorreionews.com.br\/acervo-correio\/?p=237984"},"modified":"2023-04-25T14:45:39","modified_gmt":"2023-04-25T18:45:39","slug":"tres-jovens-de-sp-desaparecem-apos-mudarem-para-mt-a-trabalho","status":"publish","type":"post","link":"https:\/\/www.ocorreionews.com.br\/acervo-correio\/?p=237984","title":{"rendered":"Tr\u00eas jovens de SP desaparecem ap\u00f3s mudarem para MT a trabalho"},"content":{"rendered":"<div id=\"chunk-af2tp\">\n<div class=\"mc-column content-text active-extra-styles \" data-block-type=\"unstyled\" data-block-weight=\"61\" data-block-id=\"3\">\n<p class=\"content-text__container \" data-track-category=\"Link no Texto\" data-track-links=\"\"><span class=\"highlight highlighted\">Tr\u00eas jovens que se mudaram de <\/span><span class=\"highlight highlighted\">S\u00e3o Paulo<\/span><span class=\"highlight highlighted\"> para <\/span><span class=\"highlight highlighted\">Campo Verde<\/span><span class=\"highlight highlighted\">, a 139 km de Cuiab\u00e1, a trabalho, est\u00e3o desaparecidos <\/span>desde o dia19 deste m\u00eas. Nesta semana, o carro que eles estavam na cidade foi encontrado incendiado. <strong>As v\u00edtimas s\u00e3o: Elias Lopes da Silva, de 27 anos, Eduardo Sousa de Lima, 26 anos, e Alexssandro da Silva Feliz, de 34 anos<\/strong>.<\/p>\n<p data-track-category=\"Link no Texto\" data-track-links=\"\">\n<\/div>\n<\/div>\n<div class=\"wall protected-content\">\n<div id=\"chunk-1le0e\">\n<div class=\"mc-column content-text active-extra-styles \" data-block-type=\"unstyled\" data-block-weight=\"31\" data-block-id=\"4\">\n<p class=\"content-text__container \" data-track-category=\"Link no Texto\" data-track-links=\"\">O delegado respons\u00e1vel pela investiga\u00e7\u00e3o do caso, Philipe Pinho, explicou que todas as pessoas que tiveram contato com eles j\u00e1 prestaram depoimento, inclusive o homem que os contratou para o trabalho.<\/p>\n<p data-track-category=\"Link no Texto\" data-track-links=\"\">\n<\/div>\n<\/div>\n<div id=\"chunk-aso55\">\n<div class=\"mc-column content-text active-extra-styles \" data-block-type=\"unstyled\" data-block-weight=\"34\" data-block-id=\"5\">\n<p class=\"content-text__container \" data-track-category=\"Link no Texto\" data-track-links=\"\">\u201cEst\u00e3o sendo ouvidos todos que tiveram contato com as v\u00edtimas, principalmente o gerente que chegou de viagem junto com os jovens. Ele tem colaborado com as investiga\u00e7\u00f5es e foi nosso ponto de partida\u201d, explicou.<\/p>\n<p data-track-category=\"Link no Texto\" data-track-links=\"\">\n<\/div>\n<\/div>\n<div id=\"chunk-3g731\">\n<div class=\"content-ads content-ads--reveal\" data-block-type=\"ads\" data-block-id=\"6\">\n<div><\/div>\n<\/div>\n<\/div>\n<div id=\"chunk-c58qr\">\n<div class=\"mc-column content-text active-extra-styles \" data-block-type=\"unstyled\" data-block-weight=\"53\" data-block-id=\"7\">\n<p class=\"content-text__container \" data-track-category=\"Link no Texto\" data-track-links=\"\">As v\u00edtimas, segundo a pol\u00edcia, estavam em Campo Verde para fazer a instala\u00e7\u00e3o de c\u00e2meras de seguran\u00e7a nas escolas municipais. No dia 19, <span class=\"highlight highlighted\">os trabalhadores foram para um bar e, em seguida, um deles enviou uma mensagem a um amigo dizendo: \u2018mano, deu ruim\u2019<\/span>. Depois disso, ningu\u00e9m mais conseguiu contato com as v\u00edtimas.<\/p>\n<p data-track-category=\"Link no Texto\" data-track-links=\"\">\n<\/div>\n<\/div>\n<div id=\"chunk-8k7tn\">\n<div class=\"row medium-uncollapsed content-media content-photo\" data-block-type=\"backstage-photo\" data-block-id=\"8\">\n<div class=\" mc-column  content-media__container\">\n<div class=\"content-media-container glb-skeleton-box\">\n<figure class=\"content-media-figure\">\n<p><figure style=\"width: 647px\" class=\"wp-caption aligncenter\"><img loading=\"lazy\" decoding=\"async\" class=\"i-amphtml-fill-content i-amphtml-replaced-content\" src=\"https:\/\/s2.glbimg.com\/L8tibtxy3avcpmDBGJX6l7oc5S8=\/0x83:1200x1373\/984x0\/smart\/filters:strip_icc()\/i.s3.glbimg.com\/v1\/AUTH_59edd422c0c84a879bd37670ae4f538a\/internal_photos\/bs\/2023\/B\/d\/9WdvTUSLe771rgCmsTUQ\/whatsapp-image-2023-04-25-at-09.18.55.jpeg\" sizes=\"auto, (max-width: 1525px) 648px, 100vw\" srcset=\"https:\/\/s2.glbimg.com\/94nAbGtf0NS6HatI4rz1Z5ZNLZU=\/0x83:1200x1373\/1000x0\/smart\/filters:strip_icc()\/i.s3.glbimg.com\/v1\/AUTH_59edd422c0c84a879bd37670ae4f538a\/internal_photos\/bs\/2023\/B\/d\/9WdvTUSLe771rgCmsTUQ\/whatsapp-image-2023-04-25-at-09.18.55.jpeg 1000w, https:\/\/s2.glbimg.com\/L8tibtxy3avcpmDBGJX6l7oc5S8=\/0x83:1200x1373\/984x0\/smart\/filters:strip_icc()\/i.s3.glbimg.com\/v1\/AUTH_59edd422c0c84a879bd37670ae4f538a\/internal_photos\/bs\/2023\/B\/d\/9WdvTUSLe771rgCmsTUQ\/whatsapp-image-2023-04-25-at-09.18.55.jpeg 984w, https:\/\/s2.glbimg.com\/YOYiAG17aov2h2scKdvhjDt4tWQ=\/0x83:1200x1373\/640x0\/smart\/filters:strip_icc()\/i.s3.glbimg.com\/v1\/AUTH_59edd422c0c84a879bd37670ae4f538a\/internal_photos\/bs\/2023\/B\/d\/9WdvTUSLe771rgCmsTUQ\/whatsapp-image-2023-04-25-at-09.18.55.jpeg 640w, https:\/\/s2.glbimg.com\/YSpiHFmA86Z4CBN3N99Kls-SvKU=\/0x83:1200x1373\/600x0\/smart\/filters:strip_icc()\/i.s3.glbimg.com\/v1\/AUTH_59edd422c0c84a879bd37670ae4f538a\/internal_photos\/bs\/2023\/B\/d\/9WdvTUSLe771rgCmsTUQ\/whatsapp-image-2023-04-25-at-09.18.55.jpeg 600w\" alt=\"Carro das v\u00edtimas foi encontrado incendiado  \u2014 Foto: Divulga\u00e7\u00e3o\" width=\"647\" height=\"696\" \/><figcaption class=\"wp-caption-text\">Carro das v\u00edtimas foi encontrado incendiado \u2014 Foto: Divulga\u00e7\u00e3o<\/figcaption><\/figure><\/figure>\n<\/div>\n<p class=\"content-media__description  \">\n<p>&nbsp;<\/p>\n<\/div>\n<\/div>\n<\/div>\n<div id=\"chunk-7dj5d\">\n<div class=\"mc-column content-text active-extra-styles \" data-block-type=\"unstyled\" data-block-weight=\"57\" data-block-id=\"9\">\n<p class=\"content-text__container \" data-track-category=\"Link no Texto\" data-track-links=\"\">De acordo com a pol\u00edcia, o homem que estava acompanhando os jovens no trabalho contou que foi at\u00e9 o bar procur\u00e1-los logo ap\u00f3s o envio da mensagem, mas n\u00e3o os encontrou. O carro das v\u00edtimas, em um primeiro momento, estava no estacionamento do local, no entanto, na noite do dia 19, o ve\u00edculo tamb\u00e9m havia desaparecido.<\/p>\n<p data-track-category=\"Link no Texto\" data-track-links=\"\">\n<\/div>\n<\/div>\n<div id=\"chunk-4t87p\">\n<div class=\"content-ads content-ads--reveal\" data-block-type=\"ads\" data-block-id=\"10\">\n<div id=\"banner_materia__742577df-ee0a-4650-8a76-c16c04352788\" class=\"tag-manager-publicidade-container mc-has-reveal mc-has-ad-lazyload tag-manager-publicidade-banner_materia__742577df-ee0a-4650-8a76-c16c04352788 tag-manager-publicidade-container--carregado tag-manager-publicidade-container--visivel\" data-id=\"banner_materia__742577df-ee0a-4650-8a76-c16c04352788\" data-google-query-id=\"COayipPYxf4CFcNIuAQd-ZoA-w\">\n<div id=\"google_ads_iframe_\/95377733\/tvg_G1\/Sua_Regiao&gt;Centro_Oeste&gt;Mato_Grosso_4__container__\"><\/div>\n<\/div>\n<\/div>\n<\/div>\n<div id=\"chunk-ecdsk\">\n<div class=\"mc-column content-text active-extra-styles \" data-block-type=\"unstyled\" data-block-weight=\"25\" data-block-id=\"11\">\n<p class=\"content-text__container \" data-track-category=\"Link no Texto\" data-track-links=\"\"><span class=\"highlight highlighted\">A investiga\u00e7\u00e3o est\u00e1 em sigilo<\/span>. Segundo o delegado, a pol\u00edcia segue v\u00e1rias linhas de investiga\u00e7\u00e3o, pois ainda n\u00e3o \u00e9 poss\u00edvel saber como ocorreu o desaparecimento.<\/p>\n<p data-track-category=\"Link no Texto\" data-track-links=\"\">\n<\/div>\n<\/div>\n<div id=\"chunk-828pe\">\n<div class=\"mc-column content-text active-extra-styles \" data-block-type=\"unstyled\" data-block-weight=\"16\" data-block-id=\"12\">\n<p class=\"content-text__container \" data-track-category=\"Link no Texto\" data-track-links=\"\">Nesta ter\u00e7a-feira (25), al\u00e9m da Pol\u00edcia Civil, bombeiros e c\u00e3es farejadores auxiliam nas buscas das v\u00edtimas.<\/p>\n<p data-track-category=\"Link no Texto\" data-track-links=\"\">\n<p class=\"content-publication-data__from\" title=\"Kessillen Lopes e M\u00e1rcio Falc\u00e3o, g1 MT e TV Centro Am\u00e9rica\">Por Kessillen Lopes e M\u00e1rcio Falc\u00e3o, g1 MT e TV Centro Am\u00e9rica<\/p>\n<\/div>\n<\/div>\n<\/div>\n","protected":false},"excerpt":{"rendered":"<p>Tr\u00eas jovens que se mudaram de S\u00e3o Paulo para Campo Verde, a 139 km de Cuiab\u00e1, a trabalho, est\u00e3o desaparecidos desde o dia19 deste m\u00eas. Nesta semana, o carro que eles estavam na cidade foi encontrado incendiado. As v\u00edtimas s\u00e3o: Elias Lopes da Silva, de 27 anos, Eduardo Sousa de Lima, 26 anos, e Alexssandro [&hellip;]<\/p>\n","protected":false},"author":5,"featured_media":237985,"comment_status":"closed","ping_status":"closed","sticky":false,"template":"","format":"standard","meta":{"footnotes":""},"categories":[38],"tags":[],"class_list":["post-237984","post","type-post","status-publish","format-standard","has-post-thumbnail","hentry","category-policia"],"_links":{"self":[{"href":"https:\/\/www.ocorreionews.com.br\/acervo-correio\/index.php?rest_route=\/wp\/v2\/posts\/237984","targetHints":{"allow":["GET"]}}],"collection":[{"href":"https:\/\/www.ocorreionews.com.br\/acervo-correio\/index.php?rest_route=\/wp\/v2\/posts"}],"about":[{"href":"https:\/\/www.ocorreionews.com.br\/acervo-correio\/index.php?rest_route=\/wp\/v2\/types\/post"}],"author":[{"embeddable":true,"href":"https:\/\/www.ocorreionews.com.br\/acervo-correio\/index.php?rest_route=\/wp\/v2\/users\/5"}],"replies":[{"embeddable":true,"href":"https:\/\/www.ocorreionews.com.br\/acervo-correio\/index.php?rest_route=%2Fwp%2Fv2%2Fcomments&post=237984"}],"version-history":[{"count":1,"href":"https:\/\/www.ocorreionews.com.br\/acervo-correio\/index.php?rest_route=\/wp\/v2\/posts\/237984\/revisions"}],"predecessor-version":[{"id":237986,"href":"https:\/\/www.ocorreionews.com.br\/acervo-correio\/index.php?rest_route=\/wp\/v2\/posts\/237984\/revisions\/237986"}],"wp:featuredmedia":[{"embeddable":true,"href":"https:\/\/www.ocorreionews.com.br\/acervo-correio\/index.php?rest_route=\/wp\/v2\/media\/237985"}],"wp:attachment":[{"href":"https:\/\/www.ocorreionews.com.br\/acervo-correio\/index.php?rest_route=%2Fwp%2Fv2%2Fmedia&parent=237984"}],"wp:term":[{"taxonomy":"category","embeddable":true,"href":"https:\/\/www.ocorreionews.com.br\/acervo-correio\/index.php?rest_route=%2Fwp%2Fv2%2Fcategories&post=237984"},{"taxonomy":"post_tag","embeddable":true,"href":"https:\/\/www.ocorreionews.com.br\/acervo-correio\/index.php?rest_route=%2Fwp%2Fv2%2Ftags&post=237984"}],"curies":[{"name":"wp","href":"https:\/\/api.w.org\/{rel}","templated":true}]}}