{"id":238039,"date":"2023-04-26T06:40:05","date_gmt":"2023-04-26T10:40:05","guid":{"rendered":"https:\/\/www.ocorreionews.com.br\/acervo-correio\/?p=238039"},"modified":"2023-04-26T06:40:05","modified_gmt":"2023-04-26T10:40:05","slug":"professores-de-ms-aderem-a-mobilizacao-nacional-diz-fetems","status":"publish","type":"post","link":"https:\/\/www.ocorreionews.com.br\/acervo-correio\/?p=238039","title":{"rendered":"Professores de MS aderem \u00e0 mobiliza\u00e7\u00e3o nacional, diz Fetems"},"content":{"rendered":"<p>Os profissionais da educa\u00e7\u00e3o de Mato Grosso do Sul aderiram \u00e0\u00a0Mobiliza\u00e7\u00e3o Nacional que acontece nesta quarta-feira (26) em todo o pa\u00eds. A\u00a0a\u00e7\u00e3o debater\u00e1 o reajuste do piso salarial de docentes municipais e a revoga\u00e7\u00e3o do novo modelo de ensino m\u00e9dio. A concentra\u00e7\u00e3o ser\u00e1 \u00e0s 9h na Pra\u00e7a Ary Coelho em Campo Grande. Com o movimento a Reme (Rede Municipal de Ensino) n\u00e3o ter\u00e1 aula amanh\u00e3.<\/p>\n<p>Conforme o presidente da Fetems (Federa\u00e7\u00e3o dos Trabalhadores em Educa\u00e7\u00e3o de Mato Grosso do Sul), Jaime Teixeira, a paralisa\u00e7\u00e3o ser\u00e1 apenas na rede municipal, devido a falta do cumprimento da lei do piso nacional, j\u00e1 na rede estadual de ensino ter\u00e1 apenas mobiliza\u00e7\u00e3o, com isso, as aulas ocorrer\u00e3o normalmente na REE (Rede Estadual de Ensino).<\/p>\n<div id=\"taboola-mid-article\" class=\"d-print-none my-3\"><\/div>\n<p>\u201cAlgumas redes municipais v\u00e3o parar as aulas, como Campo Grande, Dourados, Pedro Gomes e Chapad\u00e3o do Sul que s\u00e3o alguns dos munic\u00edpios que v\u00e3o parar 100% para cobrar da prefeitura o cumprimento da lei do piso nacional, j\u00e1 na rede estadual n\u00e3o ter\u00e1 paralisa\u00e7\u00e3o, por\u00e9m, mesmo tendo aula, alguns professores v\u00e3o participar das mobiliza\u00e7\u00f5es\u201d, explicou.<\/p>\n<p>Embora a aula esteja mantida no sistema estadual de ensino, o movimento contar\u00e1 com a participa\u00e7\u00e3o de professores estaduais, segundo Jaime. Caravanas do interior est\u00e3o sendo mobilizadas para participarem da passeata.<\/p>\n<p>O presidente ressalta que entre as pautas nacionais que ser\u00e3o debatidas est\u00e3o: valoriza\u00e7\u00e3o e defesa da escola p\u00fablica, defender verbas p\u00fablicas para educa\u00e7\u00e3o, cobrar de gestores uma pol\u00edtica de paz nas escolas, equipara\u00e7\u00e3o salarial dos professores convocados e professores efetivos e, principalmente, a revoga\u00e7\u00e3o do novo modelo de ensino m\u00e9dio.<\/p>\n<p>\u201c\u00c9 uma luta pela educa\u00e7\u00e3o, que vai ser desenvolvido no Brasil todo para que acheguemos ao minist\u00e9rio da educa\u00e7\u00e3o ao MEC, com uma proposta bem firme para revogar esse ensino m\u00e9dio e rever essa mudan\u00e7a aprovada por medida provis\u00f3ria em 2017\u201d, conclui.<\/p>\n","protected":false},"excerpt":{"rendered":"<p>Os profissionais da educa\u00e7\u00e3o de Mato Grosso do Sul aderiram \u00e0\u00a0Mobiliza\u00e7\u00e3o Nacional que acontece nesta quarta-feira (26) em todo o pa\u00eds. A\u00a0a\u00e7\u00e3o debater\u00e1 o reajuste do piso salarial de docentes municipais e a revoga\u00e7\u00e3o do novo modelo de ensino m\u00e9dio. A concentra\u00e7\u00e3o ser\u00e1 \u00e0s 9h na Pra\u00e7a Ary Coelho em Campo Grande. Com o movimento [&hellip;]<\/p>\n","protected":false},"author":4,"featured_media":225135,"comment_status":"closed","ping_status":"closed","sticky":false,"template":"","format":"standard","meta":{"footnotes":""},"categories":[27],"tags":[],"class_list":["post-238039","post","type-post","status-publish","format-standard","has-post-thumbnail","hentry","category-educacao"],"_links":{"self":[{"href":"https:\/\/www.ocorreionews.com.br\/acervo-correio\/index.php?rest_route=\/wp\/v2\/posts\/238039","targetHints":{"allow":["GET"]}}],"collection":[{"href":"https:\/\/www.ocorreionews.com.br\/acervo-correio\/index.php?rest_route=\/wp\/v2\/posts"}],"about":[{"href":"https:\/\/www.ocorreionews.com.br\/acervo-correio\/index.php?rest_route=\/wp\/v2\/types\/post"}],"author":[{"embeddable":true,"href":"https:\/\/www.ocorreionews.com.br\/acervo-correio\/index.php?rest_route=\/wp\/v2\/users\/4"}],"replies":[{"embeddable":true,"href":"https:\/\/www.ocorreionews.com.br\/acervo-correio\/index.php?rest_route=%2Fwp%2Fv2%2Fcomments&post=238039"}],"version-history":[{"count":1,"href":"https:\/\/www.ocorreionews.com.br\/acervo-correio\/index.php?rest_route=\/wp\/v2\/posts\/238039\/revisions"}],"predecessor-version":[{"id":238040,"href":"https:\/\/www.ocorreionews.com.br\/acervo-correio\/index.php?rest_route=\/wp\/v2\/posts\/238039\/revisions\/238040"}],"wp:featuredmedia":[{"embeddable":true,"href":"https:\/\/www.ocorreionews.com.br\/acervo-correio\/index.php?rest_route=\/wp\/v2\/media\/225135"}],"wp:attachment":[{"href":"https:\/\/www.ocorreionews.com.br\/acervo-correio\/index.php?rest_route=%2Fwp%2Fv2%2Fmedia&parent=238039"}],"wp:term":[{"taxonomy":"category","embeddable":true,"href":"https:\/\/www.ocorreionews.com.br\/acervo-correio\/index.php?rest_route=%2Fwp%2Fv2%2Fcategories&post=238039"},{"taxonomy":"post_tag","embeddable":true,"href":"https:\/\/www.ocorreionews.com.br\/acervo-correio\/index.php?rest_route=%2Fwp%2Fv2%2Ftags&post=238039"}],"curies":[{"name":"wp","href":"https:\/\/api.w.org\/{rel}","templated":true}]}}