{"id":238061,"date":"2023-04-26T08:00:34","date_gmt":"2023-04-26T12:00:34","guid":{"rendered":"https:\/\/www.ocorreionews.com.br\/acervo-correio\/?p=238061"},"modified":"2023-04-26T08:00:34","modified_gmt":"2023-04-26T12:00:34","slug":"condenado-por-homicidio-no-pernambuco-e-preso-em-chapadao-do-sul","status":"publish","type":"post","link":"https:\/\/www.ocorreionews.com.br\/acervo-correio\/?p=238061","title":{"rendered":"Condenado por homic\u00eddio no Pernambuco \u00e9 preso em Chapad\u00e3o do Sul"},"content":{"rendered":"<p>Doze anos ap\u00f3s cometer um assassinato no Estado de Pernambuco, um homem de 50 anos foi preso na tarde desta ter\u00e7a-feira (25), em Chapad\u00e3o do Sul.<\/p>\n<p>Segundo informa\u00e7\u00f5es do Boletim de Ocorr\u00eancia, o setor de intelig\u00eancia da PM\u00a0 4\u00aaCIPM, descobriram que um homem condenado por homic\u00eddio em outro estado estaria na cidade de Chapad\u00e3o do Sul, e durante dilig\u00eancias os militares compareceram at\u00e9 a sede administrativa da Industria IACO agr\u00edcola tiveram \u00eaxito de localizar o foragido, dentro de sua resid\u00eancia, que de pronto n\u00e3o ofereceu resist\u00eancia a abordagem e cooperou nas informa\u00e7\u00f5es perguntadas pelos policiais.<\/p>\n<p>Os militares possu\u00edam informa\u00e7\u00e3o que frente a esse vigorava um mandado de pris\u00e3o da 1\u00aa Vara da cidade de \u00c1gua Preta \u2013 do Tribunal de Justi\u00e7a do Estado de Pernambuco, em que o indiv\u00edduo \u00e9 procurado pelo crime de homic\u00eddio qualificado por motivo f\u00fatil, fato que ocorreu em 2011, sendo a sua pris\u00e3o preventiva decretada em 2018.<\/p>\n<p>O homem foi preso e encaminhado a at\u00e9 a Delegacia de Pol\u00edcia, para tomar as medidas cab\u00edveis.<\/p>\n","protected":false},"excerpt":{"rendered":"<p>Doze anos ap\u00f3s cometer um assassinato no Estado de Pernambuco, um homem de 50 anos foi preso na tarde desta ter\u00e7a-feira (25), em Chapad\u00e3o do Sul. Segundo informa\u00e7\u00f5es do Boletim de Ocorr\u00eancia, o setor de intelig\u00eancia da PM\u00a0 4\u00aaCIPM, descobriram que um homem condenado por homic\u00eddio em outro estado estaria na cidade de Chapad\u00e3o do [&hellip;]<\/p>\n","protected":false},"author":5,"featured_media":158439,"comment_status":"closed","ping_status":"closed","sticky":false,"template":"","format":"standard","meta":{"footnotes":""},"categories":[23,38],"tags":[],"class_list":["post-238061","post","type-post","status-publish","format-standard","has-post-thumbnail","hentry","category-chapadao-do-sul","category-policia"],"_links":{"self":[{"href":"https:\/\/www.ocorreionews.com.br\/acervo-correio\/index.php?rest_route=\/wp\/v2\/posts\/238061","targetHints":{"allow":["GET"]}}],"collection":[{"href":"https:\/\/www.ocorreionews.com.br\/acervo-correio\/index.php?rest_route=\/wp\/v2\/posts"}],"about":[{"href":"https:\/\/www.ocorreionews.com.br\/acervo-correio\/index.php?rest_route=\/wp\/v2\/types\/post"}],"author":[{"embeddable":true,"href":"https:\/\/www.ocorreionews.com.br\/acervo-correio\/index.php?rest_route=\/wp\/v2\/users\/5"}],"replies":[{"embeddable":true,"href":"https:\/\/www.ocorreionews.com.br\/acervo-correio\/index.php?rest_route=%2Fwp%2Fv2%2Fcomments&post=238061"}],"version-history":[{"count":1,"href":"https:\/\/www.ocorreionews.com.br\/acervo-correio\/index.php?rest_route=\/wp\/v2\/posts\/238061\/revisions"}],"predecessor-version":[{"id":238065,"href":"https:\/\/www.ocorreionews.com.br\/acervo-correio\/index.php?rest_route=\/wp\/v2\/posts\/238061\/revisions\/238065"}],"wp:featuredmedia":[{"embeddable":true,"href":"https:\/\/www.ocorreionews.com.br\/acervo-correio\/index.php?rest_route=\/wp\/v2\/media\/158439"}],"wp:attachment":[{"href":"https:\/\/www.ocorreionews.com.br\/acervo-correio\/index.php?rest_route=%2Fwp%2Fv2%2Fmedia&parent=238061"}],"wp:term":[{"taxonomy":"category","embeddable":true,"href":"https:\/\/www.ocorreionews.com.br\/acervo-correio\/index.php?rest_route=%2Fwp%2Fv2%2Fcategories&post=238061"},{"taxonomy":"post_tag","embeddable":true,"href":"https:\/\/www.ocorreionews.com.br\/acervo-correio\/index.php?rest_route=%2Fwp%2Fv2%2Ftags&post=238061"}],"curies":[{"name":"wp","href":"https:\/\/api.w.org\/{rel}","templated":true}]}}