{"id":238079,"date":"2023-04-26T07:45:19","date_gmt":"2023-04-26T11:45:19","guid":{"rendered":"https:\/\/www.ocorreionews.com.br\/acervo-correio\/?p=238079"},"modified":"2023-04-26T12:32:39","modified_gmt":"2023-04-26T16:32:39","slug":"em-dia-de-paralisacao-e-protesto-professores-da-rede-municipal-de-chapadao-do-sul-cobram-cumprimento-da-lei-do-piso-salarial-cobram","status":"publish","type":"post","link":"https:\/\/www.ocorreionews.com.br\/acervo-correio\/?p=238079","title":{"rendered":"Em dia de paralisa\u00e7\u00e3o e protesto, professores da rede municipal de Chapad\u00e3o do Sul cobram cumprimento da lei do piso salarial"},"content":{"rendered":"<p>Os professores da rede municipal de Chapad\u00e3o do Sul realizaram nesta quarta-feira (26), uma paralisa\u00e7\u00e3o das atividades e passeata em mobiliza\u00e7\u00e3o pelo cumprimento da lei federal que estabelece o piso salarial nacional do magist\u00e9rio.<\/p>\n<p>A reivindica\u00e7\u00e3o de classe se estende h\u00e1 mais de um m\u00eas com mobiliza\u00e7\u00f5es na C\u00e2mara de Vereadores.<\/p>\n<p>Mesmo com o tempo fechado pela chuva e a forte neblina que cobriu a cidade, v\u00e1rio professores realizaram uma concentra\u00e7\u00e3o\u00a0 na Pra\u00e7a de Eventos e seguiram at\u00e9 o Pa\u00e7o Municipal Edwino Raimundo Schultz onde de forma pacifica pediram o cumprimento da lei. A Policia militar acompanhou as manifesta\u00e7\u00f5es dos docentes.<\/p>\n<figure id=\"attachment_238086\" aria-describedby=\"caption-attachment-238086\" style=\"width: 640px\" class=\"wp-caption alignnone\"><a href=\"https:\/\/www.ocorreionews.com.br\/acervo-correio\/wp-content\/uploads\/2023\/04\/manifestacao2.jpg\"><img loading=\"lazy\" decoding=\"async\" class=\"size-full wp-image-238086\" src=\"https:\/\/www.ocorreionews.com.br\/acervo-correio\/wp-content\/uploads\/2023\/04\/manifestacao2.jpg\" alt=\"\" width=\"640\" height=\"350\" srcset=\"https:\/\/www.ocorreionews.com.br\/acervo-correio\/wp-content\/uploads\/2023\/04\/manifestacao2.jpg 640w, https:\/\/www.ocorreionews.com.br\/acervo-correio\/wp-content\/uploads\/2023\/04\/manifestacao2-300x164.jpg 300w\" sizes=\"auto, (max-width: 640px) 100vw, 640px\" \/><\/a><figcaption id=\"caption-attachment-238086\" class=\"wp-caption-text\">Manifesta\u00e7\u00e3o dos professores na frente do Pa\u00e7o Municipal de Chapad\u00e3o do Sul ( Foto: reprodu\u00e7\u00e3o redes sociais)<\/figcaption><\/figure>\n<p>Segundo reportagem do site Chapadense News, a presidente do SIMTED (Sindicato dos Trabalhadores na Educa\u00e7\u00e3o) de Chapad\u00e3o, T\u00e2nia Marques, a prefeitura n\u00e3o paga o piso Ainda segundo a professora \u201cpara a Valoriza\u00e7\u00e3o Profissional a prefeitura teria tamb\u00e9m que pagar esse ano a partir de 1\u00b0 de janeiro um reajuste, de acordo com o Piso Nacional, de 14.95%. Foi dado apenas 7%. Segundo T\u00e2nia, os professores de Chapad\u00e3o acumulam uma perda salarial em torno de 35%.<\/p>\n<p>Em reuni\u00e3o de negocia\u00e7\u00e3o no dia 17 de abril, a Fetems (Federa\u00e7\u00e3o Estadual dos Professores), apresentou os n\u00fameros da arrecada\u00e7\u00e3o do FUNDEB, mostrando que houve aumento na receita e que seria poss\u00edvel aplicar o reajuste para atender o valor do piso salarial nacional.<\/p>\n<p>O Simted de Chapad\u00e3o do Sul esclarece tamb\u00e9m que a lei federal do piso salarial n\u00e3o depende do Plano de Cargos e Carreira do munic\u00edpio. Segundo a presidente do Sinded, a prefeitura est\u00e1 iniciando uma revis\u00e3o no PCCS mas n\u00e3o existe v\u00ednculo disso com o Piso Nacional que \u00e9 determinada por uma lei federal superior \u00e0s leis municipais e estaduais, v\u00e1lida para todo territ\u00f3rio nacional.<\/p>\n<figure id=\"attachment_238085\" aria-describedby=\"caption-attachment-238085\" style=\"width: 720px\" class=\"wp-caption alignnone\"><a href=\"https:\/\/www.ocorreionews.com.br\/acervo-correio\/wp-content\/uploads\/2023\/04\/manifestacao.jpg\"><img loading=\"lazy\" decoding=\"async\" class=\"size-full wp-image-238085\" src=\"https:\/\/www.ocorreionews.com.br\/acervo-correio\/wp-content\/uploads\/2023\/04\/manifestacao.jpg\" alt=\"\" width=\"720\" height=\"480\" srcset=\"https:\/\/www.ocorreionews.com.br\/acervo-correio\/wp-content\/uploads\/2023\/04\/manifestacao.jpg 720w, https:\/\/www.ocorreionews.com.br\/acervo-correio\/wp-content\/uploads\/2023\/04\/manifestacao-300x200.jpg 300w\" sizes=\"auto, (max-width: 720px) 100vw, 720px\" \/><\/a><figcaption id=\"caption-attachment-238085\" class=\"wp-caption-text\">Professores em passeata rumo ao Pa\u00e7o Municipal de Chapad\u00e3o do Sul ( Foto: C\u00e9sar Rodrigues)<\/figcaption><\/figure>\n<p>Em entrevista ao canal da Jovem Sul News, o Secret\u00e1rio Municipal de Educa\u00e7\u00e3o de Chapad\u00e3o do Sul, Guerino Perius, o munic\u00edpio j\u00e1 utiliza todo o recurso do Fundeb para remunera\u00e7\u00e3o dos profissionais da educa\u00e7\u00e3o, paga sal\u00e1rios aos professores acima do piso estabelecido por lei e no momento, n\u00e3o h\u00e1 possibilidade or\u00e7ament\u00e1ria para aumento, acima do que j\u00e1 foi concedido. Guerino Perius disse, que os sal\u00e1rios dos professores da rede municipal de ensino est\u00e3o acima do piso e na m\u00e9dia dos outros munic\u00edpios da regi\u00e3o.<\/p>\n<p>\u201cA arrecada\u00e7\u00e3o do munic\u00edpio est\u00e1 em baixa, um dos motivos, segundo o secret\u00e1rio Guerino \u00e9 o fato dos produtores rurais estarem segurando as vendas de soja, levando \u00e0 diminui\u00e7\u00e3o da arrecada\u00e7\u00e3o do ICMS\u201d, alegou. \u201cE ainda, mesmo que conced\u00eassemos aumento salarial aos professores, a folha de pagamento da Prefeitura ficaria acima do percentual m\u00e1ximo constitucional da arrecada\u00e7\u00e3o total\u201d, concluiu.<\/p>\n<p>A administra\u00e7\u00e3o p\u00fablica segue com muita responsabilidade, fazendo o poss\u00edvel para manter os professores motivados, preparados, para aumento do \u00edndice de aprendizado de nossos alunos, projetando novas escolas e creches para o munic\u00edpio, o que demanda de mais pessoal e incremento da folha de pagamento, lembrou Guerino Perius.<\/p>\n<figure id=\"attachment_237930\" aria-describedby=\"caption-attachment-237930\" style=\"width: 476px\" class=\"wp-caption aligncenter\"><a href=\"https:\/\/www.ocorreionews.com.br\/acervo-correio\/wp-content\/uploads\/2023\/04\/guerino.jpg\"><img loading=\"lazy\" decoding=\"async\" class=\"wp-image-237930\" src=\"https:\/\/www.ocorreionews.com.br\/acervo-correio\/wp-content\/uploads\/2023\/04\/guerino.jpg\" alt=\"\" width=\"476\" height=\"318\" srcset=\"https:\/\/www.ocorreionews.com.br\/acervo-correio\/wp-content\/uploads\/2023\/04\/guerino.jpg 800w, https:\/\/www.ocorreionews.com.br\/acervo-correio\/wp-content\/uploads\/2023\/04\/guerino-300x200.jpg 300w, https:\/\/www.ocorreionews.com.br\/acervo-correio\/wp-content\/uploads\/2023\/04\/guerino-768x513.jpg 768w\" sizes=\"auto, (max-width: 476px) 100vw, 476px\" \/><\/a><figcaption id=\"caption-attachment-237930\" class=\"wp-caption-text\">Secret\u00e1rio Municipal de Educa\u00e7\u00e3o de Chapad\u00e3o do Sul, Guerino Perius<\/figcaption><\/figure>\n<p><em>* O Correio News com informa\u00e7\u00f5es de Chapadense News e Jovem Sul News<\/em><\/p>\n","protected":false},"excerpt":{"rendered":"<p>Os professores da rede municipal de Chapad\u00e3o do Sul realizaram nesta quarta-feira (26), uma paralisa\u00e7\u00e3o das atividades e passeata em mobiliza\u00e7\u00e3o pelo cumprimento da lei federal que estabelece o piso salarial nacional do magist\u00e9rio. A reivindica\u00e7\u00e3o de classe se estende h\u00e1 mais de um m\u00eas com mobiliza\u00e7\u00f5es na C\u00e2mara de Vereadores. Mesmo com o tempo [&hellip;]<\/p>\n","protected":false},"author":5,"featured_media":238085,"comment_status":"closed","ping_status":"closed","sticky":false,"template":"","format":"standard","meta":{"footnotes":""},"categories":[23],"tags":[],"class_list":["post-238079","post","type-post","status-publish","format-standard","has-post-thumbnail","hentry","category-chapadao-do-sul"],"_links":{"self":[{"href":"https:\/\/www.ocorreionews.com.br\/acervo-correio\/index.php?rest_route=\/wp\/v2\/posts\/238079","targetHints":{"allow":["GET"]}}],"collection":[{"href":"https:\/\/www.ocorreionews.com.br\/acervo-correio\/index.php?rest_route=\/wp\/v2\/posts"}],"about":[{"href":"https:\/\/www.ocorreionews.com.br\/acervo-correio\/index.php?rest_route=\/wp\/v2\/types\/post"}],"author":[{"embeddable":true,"href":"https:\/\/www.ocorreionews.com.br\/acervo-correio\/index.php?rest_route=\/wp\/v2\/users\/5"}],"replies":[{"embeddable":true,"href":"https:\/\/www.ocorreionews.com.br\/acervo-correio\/index.php?rest_route=%2Fwp%2Fv2%2Fcomments&post=238079"}],"version-history":[{"count":1,"href":"https:\/\/www.ocorreionews.com.br\/acervo-correio\/index.php?rest_route=\/wp\/v2\/posts\/238079\/revisions"}],"predecessor-version":[{"id":238106,"href":"https:\/\/www.ocorreionews.com.br\/acervo-correio\/index.php?rest_route=\/wp\/v2\/posts\/238079\/revisions\/238106"}],"wp:featuredmedia":[{"embeddable":true,"href":"https:\/\/www.ocorreionews.com.br\/acervo-correio\/index.php?rest_route=\/wp\/v2\/media\/238085"}],"wp:attachment":[{"href":"https:\/\/www.ocorreionews.com.br\/acervo-correio\/index.php?rest_route=%2Fwp%2Fv2%2Fmedia&parent=238079"}],"wp:term":[{"taxonomy":"category","embeddable":true,"href":"https:\/\/www.ocorreionews.com.br\/acervo-correio\/index.php?rest_route=%2Fwp%2Fv2%2Fcategories&post=238079"},{"taxonomy":"post_tag","embeddable":true,"href":"https:\/\/www.ocorreionews.com.br\/acervo-correio\/index.php?rest_route=%2Fwp%2Fv2%2Ftags&post=238079"}],"curies":[{"name":"wp","href":"https:\/\/api.w.org\/{rel}","templated":true}]}}