{"id":238143,"date":"2023-04-26T13:14:36","date_gmt":"2023-04-26T17:14:36","guid":{"rendered":"https:\/\/www.ocorreionews.com.br\/acervo-correio\/?p=238143"},"modified":"2023-04-26T15:43:31","modified_gmt":"2023-04-26T19:43:31","slug":"morre-a-ciclista-que-foi-atropelada-nessa-manha-por-uma-carreta","status":"publish","type":"post","link":"https:\/\/www.ocorreionews.com.br\/acervo-correio\/?p=238143","title":{"rendered":"Morre a ciclista que foi atropelada por uma carreta bitrem na manh\u00e3 desta quarta-feira em Chapad\u00e3o do Sul"},"content":{"rendered":"<p>A ciclista que foi atropelada por uma <a href=\"https:\/\/www.ocorreionews.com.br\/acervo-correio\/carreta-passa-por-cima-de-ciclista-em-chapadao-do-sul\/\">carreta Bitrem na manh\u00e3 desta quarta-feira (26) em Chapad\u00e3o do Sul, Adelicia Borges dos Santos de 54 anos,<\/a> n\u00e3o resistiu aos ferimentos do acidente e veio a \u00f3bito, ao ser transportada para a Capital com vaga Zero.<\/p>\n<p>Ela foi intubada e estabilizada em estado grave com fratura exposta em dois lugares da t\u00edbia, na p\u00e9lvica e trauma na coluna e ao ser transportada para Santa Casa de Campo Grande, acabou falecendo perto da cidade Para\u00edso das \u00c1guas.<\/p>\n<p>Ela era moradora de Chapad\u00e3o do Sul h\u00e1 39 anos, estava na Avenida Dezesseis, quando na esquina foi atropelada por um bitrem que sa\u00eda da Rua I, sentido leste, quando ocorreu o acidente. O motorista do bitrem, com 67 anos de idade disse que n\u00e3o avistou a ciclista na via, portanto n\u00e3o soube dizer se ela estava igualmente em alguma manobra na esquina, ou apenas seguia no sentido oeste\/leste.<\/p>\n<p><a href=\"https:\/\/www.ocorreionews.com.br\/acervo-correio\/wp-content\/uploads\/2023\/04\/IMG_0177-scaled.jpg\"><img loading=\"lazy\" decoding=\"async\" class=\"alignnone size-full wp-image-238060\" src=\"https:\/\/www.ocorreionews.com.br\/acervo-correio\/wp-content\/uploads\/2023\/04\/IMG_0177-scaled.jpg\" alt=\"\" width=\"2560\" height=\"1707\" srcset=\"https:\/\/www.ocorreionews.com.br\/acervo-correio\/wp-content\/uploads\/2023\/04\/IMG_0177-scaled.jpg 2560w, https:\/\/www.ocorreionews.com.br\/acervo-correio\/wp-content\/uploads\/2023\/04\/IMG_0177-300x200.jpg 300w, https:\/\/www.ocorreionews.com.br\/acervo-correio\/wp-content\/uploads\/2023\/04\/IMG_0177-1024x683.jpg 1024w, https:\/\/www.ocorreionews.com.br\/acervo-correio\/wp-content\/uploads\/2023\/04\/IMG_0177-768x512.jpg 768w, https:\/\/www.ocorreionews.com.br\/acervo-correio\/wp-content\/uploads\/2023\/04\/IMG_0177-1536x1024.jpg 1536w, https:\/\/www.ocorreionews.com.br\/acervo-correio\/wp-content\/uploads\/2023\/04\/IMG_0177-2048x1365.jpg 2048w\" sizes=\"auto, (max-width: 2560px) 100vw, 2560px\" \/><\/a><\/p>\n","protected":false},"excerpt":{"rendered":"<p>A ciclista que foi atropelada por uma carreta Bitrem na manh\u00e3 desta quarta-feira (26) em Chapad\u00e3o do Sul, Adelicia Borges dos Santos de 54 anos, n\u00e3o resistiu aos ferimentos do acidente e veio a \u00f3bito, ao ser transportada para a Capital com vaga Zero. Ela foi intubada e estabilizada em estado grave com fratura exposta [&hellip;]<\/p>\n","protected":false},"author":4,"featured_media":238058,"comment_status":"closed","ping_status":"closed","sticky":false,"template":"","format":"standard","meta":{"footnotes":""},"categories":[23,41,38],"tags":[],"class_list":["post-238143","post","type-post","status-publish","format-standard","has-post-thumbnail","hentry","category-chapadao-do-sul","category-destaque","category-policia"],"_links":{"self":[{"href":"https:\/\/www.ocorreionews.com.br\/acervo-correio\/index.php?rest_route=\/wp\/v2\/posts\/238143","targetHints":{"allow":["GET"]}}],"collection":[{"href":"https:\/\/www.ocorreionews.com.br\/acervo-correio\/index.php?rest_route=\/wp\/v2\/posts"}],"about":[{"href":"https:\/\/www.ocorreionews.com.br\/acervo-correio\/index.php?rest_route=\/wp\/v2\/types\/post"}],"author":[{"embeddable":true,"href":"https:\/\/www.ocorreionews.com.br\/acervo-correio\/index.php?rest_route=\/wp\/v2\/users\/4"}],"replies":[{"embeddable":true,"href":"https:\/\/www.ocorreionews.com.br\/acervo-correio\/index.php?rest_route=%2Fwp%2Fv2%2Fcomments&post=238143"}],"version-history":[{"count":1,"href":"https:\/\/www.ocorreionews.com.br\/acervo-correio\/index.php?rest_route=\/wp\/v2\/posts\/238143\/revisions"}],"predecessor-version":[{"id":238169,"href":"https:\/\/www.ocorreionews.com.br\/acervo-correio\/index.php?rest_route=\/wp\/v2\/posts\/238143\/revisions\/238169"}],"wp:featuredmedia":[{"embeddable":true,"href":"https:\/\/www.ocorreionews.com.br\/acervo-correio\/index.php?rest_route=\/wp\/v2\/media\/238058"}],"wp:attachment":[{"href":"https:\/\/www.ocorreionews.com.br\/acervo-correio\/index.php?rest_route=%2Fwp%2Fv2%2Fmedia&parent=238143"}],"wp:term":[{"taxonomy":"category","embeddable":true,"href":"https:\/\/www.ocorreionews.com.br\/acervo-correio\/index.php?rest_route=%2Fwp%2Fv2%2Fcategories&post=238143"},{"taxonomy":"post_tag","embeddable":true,"href":"https:\/\/www.ocorreionews.com.br\/acervo-correio\/index.php?rest_route=%2Fwp%2Fv2%2Ftags&post=238143"}],"curies":[{"name":"wp","href":"https:\/\/api.w.org\/{rel}","templated":true}]}}