{"id":238146,"date":"2023-04-26T13:17:42","date_gmt":"2023-04-26T17:17:42","guid":{"rendered":"https:\/\/www.ocorreionews.com.br\/acervo-correio\/?p=238146"},"modified":"2023-04-26T13:19:12","modified_gmt":"2023-04-26T17:19:12","slug":"foragido-familiar-e-preso-pelo-estupro-de-3-criancas-em-paranaiba","status":"publish","type":"post","link":"https:\/\/www.ocorreionews.com.br\/acervo-correio\/?p=238146","title":{"rendered":"Foragido, familiar \u00e9 preso pelo estupro de 3 crian\u00e7as em Parana\u00edba"},"content":{"rendered":"<div class=\"elementor-element elementor-element-33095f69 elementor-widget elementor-widget-theme-post-content\" data-id=\"33095f69\" data-element_type=\"widget\" data-widget_type=\"theme-post-content.default\">\n<div class=\"elementor-widget-container\">\n<p>Um homem, de 44 anos, foi preso na ter\u00e7a-feira (25) pela DAM (Delegacia de Atendimento \u00e0 Mulher) de Parana\u00edba, pelo estupro de tr\u00eas crian\u00e7as com idades entre 6 e 9 anos.<\/p>\n<p>A pris\u00e3o ocorreu devido ao cumprimento de mandado de pris\u00e3o.<\/p>\n<p>O homem A.P.S., se aproveitava que era parente das v\u00edtimas e tocava nas partes \u00edntimas das crian\u00e7as e ainda mostrava o \u00f3rg\u00e3o genital. No decorrer das investiga\u00e7\u00f5es a Pol\u00edcia Civil obteve informa\u00e7\u00f5es de que outras crian\u00e7as poderiam ter sido v\u00edtimas.<\/p>\n<div><\/div>\n<div><\/div>\n<p>Ele foi preso, mas as investiga\u00e7\u00f5es continuam.<\/p>\n<\/div>\n<\/div>\n<p>&nbsp;<\/p>\n<p>*Midiamax, Mirian Machado<\/p>\n","protected":false},"excerpt":{"rendered":"<p>Um homem, de 44 anos, foi preso na ter\u00e7a-feira (25) pela DAM (Delegacia de Atendimento \u00e0 Mulher) de Parana\u00edba, pelo estupro de tr\u00eas crian\u00e7as com idades entre 6 e 9 anos. A pris\u00e3o ocorreu devido ao cumprimento de mandado de pris\u00e3o. O homem A.P.S., se aproveitava que era parente das v\u00edtimas e tocava nas partes [&hellip;]<\/p>\n","protected":false},"author":5,"featured_media":149096,"comment_status":"closed","ping_status":"closed","sticky":false,"template":"","format":"standard","meta":{"footnotes":""},"categories":[38],"tags":[],"class_list":["post-238146","post","type-post","status-publish","format-standard","has-post-thumbnail","hentry","category-policia"],"_links":{"self":[{"href":"https:\/\/www.ocorreionews.com.br\/acervo-correio\/index.php?rest_route=\/wp\/v2\/posts\/238146","targetHints":{"allow":["GET"]}}],"collection":[{"href":"https:\/\/www.ocorreionews.com.br\/acervo-correio\/index.php?rest_route=\/wp\/v2\/posts"}],"about":[{"href":"https:\/\/www.ocorreionews.com.br\/acervo-correio\/index.php?rest_route=\/wp\/v2\/types\/post"}],"author":[{"embeddable":true,"href":"https:\/\/www.ocorreionews.com.br\/acervo-correio\/index.php?rest_route=\/wp\/v2\/users\/5"}],"replies":[{"embeddable":true,"href":"https:\/\/www.ocorreionews.com.br\/acervo-correio\/index.php?rest_route=%2Fwp%2Fv2%2Fcomments&post=238146"}],"version-history":[{"count":1,"href":"https:\/\/www.ocorreionews.com.br\/acervo-correio\/index.php?rest_route=\/wp\/v2\/posts\/238146\/revisions"}],"predecessor-version":[{"id":238150,"href":"https:\/\/www.ocorreionews.com.br\/acervo-correio\/index.php?rest_route=\/wp\/v2\/posts\/238146\/revisions\/238150"}],"wp:featuredmedia":[{"embeddable":true,"href":"https:\/\/www.ocorreionews.com.br\/acervo-correio\/index.php?rest_route=\/wp\/v2\/media\/149096"}],"wp:attachment":[{"href":"https:\/\/www.ocorreionews.com.br\/acervo-correio\/index.php?rest_route=%2Fwp%2Fv2%2Fmedia&parent=238146"}],"wp:term":[{"taxonomy":"category","embeddable":true,"href":"https:\/\/www.ocorreionews.com.br\/acervo-correio\/index.php?rest_route=%2Fwp%2Fv2%2Fcategories&post=238146"},{"taxonomy":"post_tag","embeddable":true,"href":"https:\/\/www.ocorreionews.com.br\/acervo-correio\/index.php?rest_route=%2Fwp%2Fv2%2Ftags&post=238146"}],"curies":[{"name":"wp","href":"https:\/\/api.w.org\/{rel}","templated":true}]}}