{"id":238155,"date":"2023-04-26T14:03:38","date_gmt":"2023-04-26T18:03:38","guid":{"rendered":"https:\/\/www.ocorreionews.com.br\/acervo-correio\/?p=238155"},"modified":"2023-04-26T14:08:18","modified_gmt":"2023-04-26T18:08:18","slug":"238155-2","status":"publish","type":"post","link":"https:\/\/www.ocorreionews.com.br\/acervo-correio\/?p=238155","title":{"rendered":"Torcedores podem garantir ingressos antecipados para final do Campeonato Sul-Mato-Grossense"},"content":{"rendered":"<div id=\"chunk-bn5i3\">\n<div class=\"mc-column content-text active-extra-styles \" data-block-type=\"unstyled\" data-block-weight=\"46\" data-block-id=\"3\">\n<p class=\"content-text__container \" data-track-category=\"Link no Texto\" data-track-links=\"\">A grande final do Campeonato Sul-Mato-Grossense de futebol ocorre no pr\u00f3ximo domingo (30), no Est\u00e1dio municipal Laerte Paes Coelho, \u00e0s 15h, onde o Costa Rica e o Oper\u00e1rio disputar\u00e3o quem levar\u00e1 a ta\u00e7a para casa, e os torcedores podem garantir ingressos para acompanhar a partida.<\/p>\n<p data-track-category=\"Link no Texto\" data-track-links=\"\">\n<\/div>\n<\/div>\n<div class=\"wall protected-content\">\n<div id=\"chunk-88cpv\">\n<div class=\"mc-column content-text active-extra-styles \" data-block-type=\"unstyled\" data-block-weight=\"32\" data-block-id=\"4\">\n<p class=\"content-text__container \" data-track-category=\"Link no Texto\" data-track-links=\"\">Os ingressos antecipados ser\u00e3o vendidos na sexta-feira (28) e s\u00e1bado (29), a partir das 08h na bilheteria do Laert\u00e3o, como \u00e9 conhecido o est\u00e1dio. E no domingo (30) a partir das 12h.<\/p>\n<\/div>\n<div id=\"betting-content\" class=\"publicidade publicidade-banner_extra\">\n<div><\/div>\n<\/div>\n<\/div>\n<div id=\"chunk-f19gt\">\n<div class=\"mc-column content-text active-extra-styles \" data-block-type=\"unstyled\" data-block-weight=\"65\" data-block-id=\"5\">\n<p class=\"content-text__container \" data-track-category=\"Link no Texto\" data-track-links=\"\">A dire\u00e7\u00e3o do Costa Rica informou que \u00e9 esperado mais de dois mil torcedores. O Oper\u00e1rio \u00e9 o atual campe\u00e3o e busca pelo bi neste ano, mas j\u00e1 acumula 12 t\u00edtulos estaduais (1979, 1980, 1981, 1983, 1986, 1988, 1989, 1991, 1996, 1997, 2018 e 2022). \u00c9 o maior campe\u00e3o do estado. J\u00e1 o Costa Rica, que ergueu a ta\u00e7a em 2021, quer sua segunda conquista.<\/p>\n<\/div>\n<\/div>\n<div id=\"chunk-c14if\">\n<div class=\"content-ads content-ads--reveal\" data-block-type=\"ads\" data-block-id=\"6\">\n<div><\/div>\n<\/div>\n<\/div>\n<div id=\"chunk-boca1\">\n<div class=\"mc-column content-text active-extra-styles \" data-block-type=\"unstyled\" data-block-weight=\"13\" data-block-id=\"7\">\n<p class=\"content-text__container \" data-track-category=\"Link no Texto\" data-track-links=\"\">O est\u00e1dio Laert\u00e3o, fica na rua Palmas, 1161 &#8211; Vila Alvorada.<\/p>\n<\/div>\n<\/div>\n<div class=\"mc-column content-text active-extra-styles\" data-block-type=\"raw\" data-block-weight=\"1\" data-block-id=\"8\">\n<div class=\"content-intertitle\">\n<h2><strong>Expectativa<\/strong><\/h2>\n<p>&nbsp;<\/p>\n<\/div>\n<p>&nbsp;<\/p>\n<\/div>\n<div id=\"chunk-dtl6n\">\n<div class=\"mc-column content-text active-extra-styles \" data-block-type=\"unstyled\" data-block-weight=\"10\" data-block-id=\"9\">\n<p class=\"content-text__container \" data-track-category=\"Link no Texto\" data-track-links=\"\">Os t\u00e9cnicos comentaram sobre a expectativa para a grande final.<\/p>\n<p data-track-category=\"Link no Texto\" data-track-links=\"\">\n<\/div>\n<\/div>\n<div id=\"chunk-e3k10\">\n<div class=\"row medium-uncollapsed content-media content-photo\" data-block-type=\"backstage-photo\" data-block-id=\"10\">\n<div class=\"mc-column content-media__container\">\n<div class=\"content-media-container glb-skeleton-box\">\n<figure class=\"content-media-figure\">\n<p><figure style=\"width: 647px\" class=\"wp-caption aligncenter\"><img loading=\"lazy\" decoding=\"async\" class=\"i-amphtml-fill-content i-amphtml-replaced-content\" src=\"https:\/\/s2.glbimg.com\/WKSXou-whtE7ZRkMd39q1TU4Yus=\/0x0:610x374\/984x0\/smart\/filters:strip_icc()\/i.s3.glbimg.com\/v1\/AUTH_bc8228b6673f488aa253bbcb03c80ec5\/internal_photos\/bs\/2023\/B\/N\/t1QAHyRSOuFX3JNXfiOA\/tecnico.jpg\" sizes=\"auto, (max-width: 1366px) 648px, 100vw\" srcset=\"https:\/\/s2.glbimg.com\/EErTw_KywB87WqXo0FEn3Dyh0Gg=\/0x0:610x374\/1000x0\/smart\/filters:strip_icc()\/i.s3.glbimg.com\/v1\/AUTH_bc8228b6673f488aa253bbcb03c80ec5\/internal_photos\/bs\/2023\/B\/N\/t1QAHyRSOuFX3JNXfiOA\/tecnico.jpg 1000w, https:\/\/s2.glbimg.com\/WKSXou-whtE7ZRkMd39q1TU4Yus=\/0x0:610x374\/984x0\/smart\/filters:strip_icc()\/i.s3.glbimg.com\/v1\/AUTH_bc8228b6673f488aa253bbcb03c80ec5\/internal_photos\/bs\/2023\/B\/N\/t1QAHyRSOuFX3JNXfiOA\/tecnico.jpg 984w, https:\/\/s2.glbimg.com\/M4hBsmkZbj8P85pe_P20fumviZE=\/0x0:610x374\/640x0\/smart\/filters:strip_icc()\/i.s3.glbimg.com\/v1\/AUTH_bc8228b6673f488aa253bbcb03c80ec5\/internal_photos\/bs\/2023\/B\/N\/t1QAHyRSOuFX3JNXfiOA\/tecnico.jpg 640w, https:\/\/s2.glbimg.com\/Q1i8mhLAWbxxIYf--53QfzRo1rA=\/0x0:610x374\/600x0\/smart\/filters:strip_icc()\/i.s3.glbimg.com\/v1\/AUTH_bc8228b6673f488aa253bbcb03c80ec5\/internal_photos\/bs\/2023\/B\/N\/t1QAHyRSOuFX3JNXfiOA\/tecnico.jpg 600w\" alt=\"Alexandre Finazzi, t\u00e9cnico do Costa Rica. \u2014 Foto: Reprodu\u00e7\u00e3o\" width=\"647\" height=\"397\" \/><figcaption class=\"wp-caption-text\">Alexandre Finazzi, t\u00e9cnico do Costa Rica. \u2014 Foto: Reprodu\u00e7\u00e3o<\/figcaption><\/figure><\/figure>\n<\/div>\n<p>&nbsp;<\/p>\n<\/div>\n<\/div>\n<\/div>\n<div class=\"mc-column content-text active-extra-styles\" data-block-type=\"raw\" data-block-weight=\"53\" data-block-id=\"11\">\n<blockquote class=\"content-blockquote theme-border-color-primary-before\"><p>\u201cVamos estudar durante a semana o que \u00e9 melhor. Acho que a gente tem que jogar com o regulamento, mas, no futebol se voc\u00ea ficar se defendendo s\u00f3 n\u00e3o adianta. Ent\u00e3o n\u00f3s vamos jogar futebol, agredir tamb\u00e9m e espero que a gente possa fazer os gols\u201d, declarou Alexandre Finazzi, t\u00e9cnico do Costa Rica.<\/p><\/blockquote>\n<\/div>\n<p>&nbsp;<\/p>\n<div id=\"chunk-auquv\">\n<div class=\"row medium-uncollapsed content-media content-photo\" data-block-type=\"backstage-photo\" data-block-id=\"12\">\n<div class=\"mc-column content-media__container\">\n<div class=\"content-media-container glb-skeleton-box\">\n<figure class=\"content-media-figure\">\n<p><figure style=\"width: 647px\" class=\"wp-caption aligncenter\"><img loading=\"lazy\" decoding=\"async\" class=\"i-amphtml-fill-content i-amphtml-replaced-content\" src=\"https:\/\/s2.glbimg.com\/GuxxqDR5cLK2RvW3iHq3UflHpYQ=\/0x0:614x376\/984x0\/smart\/filters:strip_icc()\/i.s3.glbimg.com\/v1\/AUTH_bc8228b6673f488aa253bbcb03c80ec5\/internal_photos\/bs\/2023\/b\/F\/Jx8uuYRB6N6Ez0QwPuow\/tecnicooo.jpg\" sizes=\"auto, (max-width: 1366px) 648px, 100vw\" srcset=\"https:\/\/s2.glbimg.com\/p2WL4GomDEq4KiE_pAtpd-Jy4cU=\/0x0:614x376\/1000x0\/smart\/filters:strip_icc()\/i.s3.glbimg.com\/v1\/AUTH_bc8228b6673f488aa253bbcb03c80ec5\/internal_photos\/bs\/2023\/b\/F\/Jx8uuYRB6N6Ez0QwPuow\/tecnicooo.jpg 1000w, https:\/\/s2.glbimg.com\/GuxxqDR5cLK2RvW3iHq3UflHpYQ=\/0x0:614x376\/984x0\/smart\/filters:strip_icc()\/i.s3.glbimg.com\/v1\/AUTH_bc8228b6673f488aa253bbcb03c80ec5\/internal_photos\/bs\/2023\/b\/F\/Jx8uuYRB6N6Ez0QwPuow\/tecnicooo.jpg 984w, https:\/\/s2.glbimg.com\/IkiO0TdMcJmmIdUbRR72UbWxZ-4=\/0x0:614x376\/640x0\/smart\/filters:strip_icc()\/i.s3.glbimg.com\/v1\/AUTH_bc8228b6673f488aa253bbcb03c80ec5\/internal_photos\/bs\/2023\/b\/F\/Jx8uuYRB6N6Ez0QwPuow\/tecnicooo.jpg 640w, https:\/\/s2.glbimg.com\/rgEu3RVSFOXvgl740bty8KiW94w=\/0x0:614x376\/600x0\/smart\/filters:strip_icc()\/i.s3.glbimg.com\/v1\/AUTH_bc8228b6673f488aa253bbcb03c80ec5\/internal_photos\/bs\/2023\/b\/F\/Jx8uuYRB6N6Ez0QwPuow\/tecnicooo.jpg 600w\" alt=\"Celso Rodrigues, t\u00e9cnico do Oper\u00e1rio Futebol Clube. \u2014 Foto: Reprodu\u00e7\u00e3o\" width=\"647\" height=\"397\" \/><figcaption class=\"wp-caption-text\">Celso Rodrigues, t\u00e9cnico do Oper\u00e1rio Futebol Clube. \u2014 Foto: Reprodu\u00e7\u00e3o<\/figcaption><\/figure><\/figure>\n<\/div>\n<p class=\"content-media__description \">\n<\/div>\n<\/div>\n<\/div>\n<div id=\"chunk-ekahh\">\n<div class=\"content-ads content-ads--reveal\" data-block-type=\"ads\" data-block-id=\"13\">\n<div><\/div>\n<\/div>\n<\/div>\n<div class=\"mc-column content-text active-extra-styles\" data-block-type=\"raw\" data-block-weight=\"65\" data-block-id=\"14\">\n<blockquote class=\"content-blockquote theme-border-color-primary-before\"><p>O t\u00e9cnico do Oper\u00e1rio, Celso Rodrigues, pretende focar tamb\u00e9m no psicol\u00f3gico do time. \u201cJogar dessa maneira como a gente jogou\u201d, disse se referindo a disputa do \u00faltimo domingo (23), \u201c e ter um pouquinho mais de precis\u00e3o, controlar um pouquinho a ansiedade, ter um pouco mais de tranquilidade. As defini\u00e7\u00f5es nossas, as tomadas de decis\u00f5es t\u00eam que ser um pouquinho mais com cautela, com calma\u201d.<\/p><\/blockquote>\n<p>&nbsp;<\/p>\n<\/div>\n<div class=\"mc-column content-text active-extra-styles\" data-block-type=\"raw\" data-block-weight=\"1\" data-block-id=\"15\">\n<div class=\"content-intertitle\">\n<h2><strong>Empate<\/strong><\/h2>\n<\/div>\n<p>&nbsp;<\/p>\n<\/div>\n<div id=\"chunk-14p18\">\n<div class=\"row medium-uncollapsed content-media content-photo\" data-block-type=\"backstage-photo\" data-block-id=\"16\">\n<div class=\"mc-column content-media__container\">\n<div class=\"content-media-container glb-skeleton-box\">\n<figure class=\"content-media-figure\">\n<p><figure style=\"width: 647px\" class=\"wp-caption aligncenter\"><img loading=\"lazy\" decoding=\"async\" class=\"i-amphtml-fill-content i-amphtml-replaced-content\" src=\"https:\/\/s2.glbimg.com\/o9Xb4FAHgLFgH6CI0pYOqYjDFmQ=\/0x0:1600x900\/984x0\/smart\/filters:strip_icc()\/i.s3.glbimg.com\/v1\/AUTH_bc8228b6673f488aa253bbcb03c80ec5\/internal_photos\/bs\/2023\/2\/f\/q1Mz4kSLqwIIOg1xPUHg\/whatsapp-image-2023-04-23-at-15.28.39.jpeg\" sizes=\"auto, (max-width: 1366px) 648px, 100vw\" srcset=\"https:\/\/s2.glbimg.com\/GTtvh27eTI4jPNmtdkUDEmUIU9c=\/0x0:1600x900\/1000x0\/smart\/filters:strip_icc()\/i.s3.glbimg.com\/v1\/AUTH_bc8228b6673f488aa253bbcb03c80ec5\/internal_photos\/bs\/2023\/2\/f\/q1Mz4kSLqwIIOg1xPUHg\/whatsapp-image-2023-04-23-at-15.28.39.jpeg 1000w, https:\/\/s2.glbimg.com\/o9Xb4FAHgLFgH6CI0pYOqYjDFmQ=\/0x0:1600x900\/984x0\/smart\/filters:strip_icc()\/i.s3.glbimg.com\/v1\/AUTH_bc8228b6673f488aa253bbcb03c80ec5\/internal_photos\/bs\/2023\/2\/f\/q1Mz4kSLqwIIOg1xPUHg\/whatsapp-image-2023-04-23-at-15.28.39.jpeg 984w, https:\/\/s2.glbimg.com\/w8hXxtEtNgduuoWs27dZHWTiMVE=\/0x0:1600x900\/640x0\/smart\/filters:strip_icc()\/i.s3.glbimg.com\/v1\/AUTH_bc8228b6673f488aa253bbcb03c80ec5\/internal_photos\/bs\/2023\/2\/f\/q1Mz4kSLqwIIOg1xPUHg\/whatsapp-image-2023-04-23-at-15.28.39.jpeg 640w, https:\/\/s2.glbimg.com\/O6ncIQ1kB8Ik9IlU8rn6bXb70_s=\/0x0:1600x900\/600x0\/smart\/filters:strip_icc()\/i.s3.glbimg.com\/v1\/AUTH_bc8228b6673f488aa253bbcb03c80ec5\/internal_photos\/bs\/2023\/2\/f\/q1Mz4kSLqwIIOg1xPUHg\/whatsapp-image-2023-04-23-at-15.28.39.jpeg 600w\" alt=\"Empate deixa o Costa Rica com a vantagem de levantar a ta\u00e7a dentro de casa, no pr\u00f3ximo domingo (30) \u2014 Foto: ge MS\" width=\"647\" height=\"364\" \/><figcaption class=\"wp-caption-text\">Empate deixa o Costa Rica com a vantagem de levantar a ta\u00e7a dentro de casa, no pr\u00f3ximo domingo (30) \u2014 Foto: ge MS<\/figcaption><\/figure><\/figure>\n<\/div>\n<p>&nbsp;<\/p>\n<\/div>\n<\/div>\n<\/div>\n<div id=\"chunk-83vqt\">\n<div class=\"mc-column content-text active-extra-styles \" data-block-type=\"unstyled\" data-block-weight=\"34\" data-block-id=\"17\">\n<p class=\"content-text__container \" data-track-category=\"Link no Texto\" data-track-links=\"\">No \u00faltimo domingo (23), em um jogo amarrado e de grandes oportunidades perdidas, Oper\u00e1rio e Costa Rica ficaram no empate em 0 a 0 no primeiro jogo da final do Campeonato Sul-Mato-Grossense.<\/p>\n<\/div>\n<\/div>\n<div id=\"chunk-93hr6\">\n<div><\/div>\n<\/div>\n<div id=\"chunk-3c3t6\">\n<div class=\"mc-column content-text active-extra-styles \" data-block-type=\"unstyled\" data-block-weight=\"24\" data-block-id=\"19\">\n<p class=\"content-text__container \" data-track-category=\"Link no Texto\" data-track-links=\"\">A partida ocorreu em Campo Grande, no est\u00e1dio Jacques da Luz, casa tempor\u00e1ria do Galo enquanto o Moren\u00e3o segue sem libera\u00e7\u00e3o para uso.<\/p>\n<p data-track-category=\"Link no Texto\" data-track-links=\"\">\n<\/div>\n<\/div>\n<div data-track-category=\"multicontent\" data-track-action=\"ultimo chunk conteudo\" data-track-noninteraction=\"false\" data-track-scroll=\"view\">\n<div id=\"chunk-81akg\">\n<div class=\"mc-column content-text active-extra-styles \" data-block-type=\"unstyled\" data-block-weight=\"19\" data-block-id=\"20\">\n<p class=\"content-text__container \" data-track-category=\"Link no Texto\" data-track-links=\"\">O empate deixou o Costa Rica com a vantagem de empatar novamente e levantar a ta\u00e7a dentro de casa.<\/p>\n<p data-track-category=\"Link no Texto\" data-track-links=\"\">*Por Thais Libni, ge MS<\/p>\n<\/div>\n<\/div>\n<\/div>\n<\/div>\n","protected":false},"excerpt":{"rendered":"<p>A grande final do Campeonato Sul-Mato-Grossense de futebol ocorre no pr\u00f3ximo domingo (30), no Est\u00e1dio municipal Laerte Paes Coelho, \u00e0s 15h, onde o Costa Rica e o Oper\u00e1rio disputar\u00e3o quem levar\u00e1 a ta\u00e7a para casa, e os torcedores podem garantir ingressos para acompanhar a partida. Os ingressos antecipados ser\u00e3o vendidos na sexta-feira (28) e s\u00e1bado [&hellip;]<\/p>\n","protected":false},"author":5,"featured_media":201874,"comment_status":"closed","ping_status":"closed","sticky":false,"template":"","format":"standard","meta":{"footnotes":""},"categories":[25,29],"tags":[],"class_list":["post-238155","post","type-post","status-publish","format-standard","has-post-thumbnail","hentry","category-costa-rica","category-esporte"],"_links":{"self":[{"href":"https:\/\/www.ocorreionews.com.br\/acervo-correio\/index.php?rest_route=\/wp\/v2\/posts\/238155","targetHints":{"allow":["GET"]}}],"collection":[{"href":"https:\/\/www.ocorreionews.com.br\/acervo-correio\/index.php?rest_route=\/wp\/v2\/posts"}],"about":[{"href":"https:\/\/www.ocorreionews.com.br\/acervo-correio\/index.php?rest_route=\/wp\/v2\/types\/post"}],"author":[{"embeddable":true,"href":"https:\/\/www.ocorreionews.com.br\/acervo-correio\/index.php?rest_route=\/wp\/v2\/users\/5"}],"replies":[{"embeddable":true,"href":"https:\/\/www.ocorreionews.com.br\/acervo-correio\/index.php?rest_route=%2Fwp%2Fv2%2Fcomments&post=238155"}],"version-history":[{"count":1,"href":"https:\/\/www.ocorreionews.com.br\/acervo-correio\/index.php?rest_route=\/wp\/v2\/posts\/238155\/revisions"}],"predecessor-version":[{"id":238162,"href":"https:\/\/www.ocorreionews.com.br\/acervo-correio\/index.php?rest_route=\/wp\/v2\/posts\/238155\/revisions\/238162"}],"wp:featuredmedia":[{"embeddable":true,"href":"https:\/\/www.ocorreionews.com.br\/acervo-correio\/index.php?rest_route=\/wp\/v2\/media\/201874"}],"wp:attachment":[{"href":"https:\/\/www.ocorreionews.com.br\/acervo-correio\/index.php?rest_route=%2Fwp%2Fv2%2Fmedia&parent=238155"}],"wp:term":[{"taxonomy":"category","embeddable":true,"href":"https:\/\/www.ocorreionews.com.br\/acervo-correio\/index.php?rest_route=%2Fwp%2Fv2%2Fcategories&post=238155"},{"taxonomy":"post_tag","embeddable":true,"href":"https:\/\/www.ocorreionews.com.br\/acervo-correio\/index.php?rest_route=%2Fwp%2Fv2%2Ftags&post=238155"}],"curies":[{"name":"wp","href":"https:\/\/api.w.org\/{rel}","templated":true}]}}