{"id":238173,"date":"2023-04-26T15:27:02","date_gmt":"2023-04-26T19:27:02","guid":{"rendered":"https:\/\/www.ocorreionews.com.br\/acervo-correio\/?p=238173"},"modified":"2023-04-26T15:27:02","modified_gmt":"2023-04-26T19:27:02","slug":"inovacao-e-empreendedorismo-no-campo-vao-impulsionar-produtores-rurais-durante-a-expo-rica","status":"publish","type":"post","link":"https:\/\/www.ocorreionews.com.br\/acervo-correio\/?p=238173","title":{"rendered":"Inova\u00e7\u00e3o e empreendedorismo no campo v\u00e3o impulsionar produtores rurais durante a Expo Rica"},"content":{"rendered":"<div class=\"ntc_cont_descricao_noticia sw_txteditor\">\n<div>Com o objetivo de promover o crescimento dos neg\u00f3cios, elevar a produtividade, competitividade e a sustentabilidade dos empreendimentos rurais\u00a0de Costa Rica, o Sebrae\/MS em parceria com a Prefeitura Municipal, atrav\u00e9s da SEMAD (Secretaria Municipal de Agricultura e Desenvolvimento) v\u00e3o realizar a\u00e7\u00f5es conjuntas de capacita\u00e7\u00e3o entre os dias 10 e 12 de maio durante a Expo Rica. A iniciativa tamb\u00e9m conta com apoio do SENAR\/MS e do Sindicato Rural de Campo Grande.<\/p>\n<p>A a\u00e7\u00e3o, que ser\u00e1 realizada no Parque de Exposi\u00e7\u00e3o Laerte Paes Coelho, est\u00e1 integrada no programa Juntos pelo Agro, voltado para o p\u00fablico rural, contemplando a\u00e7\u00f5es como a Rota Rural, que conta com unidades m\u00f3veis que levam capacita\u00e7\u00f5es e ainda possui um espa\u00e7o de comercializa\u00e7\u00e3o com orienta\u00e7\u00f5es sobre t\u00e9cnicas de vendas.<\/p>\n<p>\u201cA iniciativa visa agregar valor \u00e0 produ\u00e7\u00e3o de pequenos produtores, gerar renda e qualificar m\u00e3o de obra\u201d, explica o secret\u00e1rio municipal de Agricultura e Desenvolvimento, Fernando Barbosa.<\/p>\n<p>Na programa\u00e7\u00e3o Agro Horti durante a Expo Rica est\u00e3o inclusas oficinas de fabrica\u00e7\u00e3o de geleias, doce de barra, doce de pasta, fabrica\u00e7\u00e3o de compotas, conservas e legumes minimamente processados, bem como fabrica\u00e7\u00e3o de molho de tomate, salada de pote e sal de ervas.<\/p>\n<p>As inscri\u00e7\u00f5es s\u00e3o gratuitas e devem ser feitas na SEMAD, localizada na rua Josina Garcia de Melo, 239, centro. Mais informa\u00e7\u00f5es atrav\u00e9s do 3247-7080.<\/p>\n<p>Confira a programa\u00e7\u00e3o:<\/p>\n<p><strong>Primeiro dia: 10\/05\/2023<\/strong><br \/>\n\u2022 Boas pr\u00e1ticas na colheita e p\u00f3s colheita, na fabrica\u00e7\u00e3o e seguran\u00e7a dos alimentos;<br \/>\n\u2022 Fabrica\u00e7\u00e3o de geleias, doce em barra e doce em pasta;<br \/>\n\u2022 Como embalar e conservar meu produto.<\/p>\n<p><strong>Segundo dia: 11\/05\/2023<\/strong><br \/>\n\u2022 Fabrica\u00e7\u00e3o de compotas, conservas e legumes minimamente processados;<br \/>\n\u2022 Como criar uma identidade para o meu produto;<br \/>\n\u2022 Itens necess\u00e1rios no r\u00f3tulo, como o SEBRAE e o SENAR podem te ajudar?<\/p>\n<p><strong>Terceiro dia: 12\/05\/2023<\/strong><br \/>\n\u2022 Fabrica\u00e7\u00e3o de molho de tomate, salada de pote, sal de ervas;<br \/>\n\u2022 Caminhos para regularizar a produ\u00e7\u00e3o;<br \/>\n\u2022 Onde comercializar?\n<\/div>\n<\/div>\n<div class=\"ntc_area_info_noticia sw_lato\">\n<div>\n<div class=\"ntc_info_noticia\"><strong class=\"sw_lato_black\">Fonte: <\/strong>Assessoria de Comunica\u00e7\u00e3o<\/div>\n<div class=\"ntc_info_noticia\"><\/div>\n<\/div>\n<\/div>\n","protected":false},"excerpt":{"rendered":"<p>Com o objetivo de promover o crescimento dos neg\u00f3cios, elevar a produtividade, competitividade e a sustentabilidade dos empreendimentos rurais\u00a0de Costa Rica, o Sebrae\/MS em parceria com a Prefeitura Municipal, atrav\u00e9s da SEMAD (Secretaria Municipal de Agricultura e Desenvolvimento) v\u00e3o realizar a\u00e7\u00f5es conjuntas de capacita\u00e7\u00e3o entre os dias 10 e 12 de maio durante a Expo [&hellip;]<\/p>\n","protected":false},"author":4,"featured_media":238174,"comment_status":"closed","ping_status":"closed","sticky":false,"template":"","format":"standard","meta":{"footnotes":""},"categories":[17,25],"tags":[],"class_list":["post-238173","post","type-post","status-publish","format-standard","has-post-thumbnail","hentry","category-agropecuaria","category-costa-rica"],"_links":{"self":[{"href":"https:\/\/www.ocorreionews.com.br\/acervo-correio\/index.php?rest_route=\/wp\/v2\/posts\/238173","targetHints":{"allow":["GET"]}}],"collection":[{"href":"https:\/\/www.ocorreionews.com.br\/acervo-correio\/index.php?rest_route=\/wp\/v2\/posts"}],"about":[{"href":"https:\/\/www.ocorreionews.com.br\/acervo-correio\/index.php?rest_route=\/wp\/v2\/types\/post"}],"author":[{"embeddable":true,"href":"https:\/\/www.ocorreionews.com.br\/acervo-correio\/index.php?rest_route=\/wp\/v2\/users\/4"}],"replies":[{"embeddable":true,"href":"https:\/\/www.ocorreionews.com.br\/acervo-correio\/index.php?rest_route=%2Fwp%2Fv2%2Fcomments&post=238173"}],"version-history":[{"count":1,"href":"https:\/\/www.ocorreionews.com.br\/acervo-correio\/index.php?rest_route=\/wp\/v2\/posts\/238173\/revisions"}],"predecessor-version":[{"id":238175,"href":"https:\/\/www.ocorreionews.com.br\/acervo-correio\/index.php?rest_route=\/wp\/v2\/posts\/238173\/revisions\/238175"}],"wp:featuredmedia":[{"embeddable":true,"href":"https:\/\/www.ocorreionews.com.br\/acervo-correio\/index.php?rest_route=\/wp\/v2\/media\/238174"}],"wp:attachment":[{"href":"https:\/\/www.ocorreionews.com.br\/acervo-correio\/index.php?rest_route=%2Fwp%2Fv2%2Fmedia&parent=238173"}],"wp:term":[{"taxonomy":"category","embeddable":true,"href":"https:\/\/www.ocorreionews.com.br\/acervo-correio\/index.php?rest_route=%2Fwp%2Fv2%2Fcategories&post=238173"},{"taxonomy":"post_tag","embeddable":true,"href":"https:\/\/www.ocorreionews.com.br\/acervo-correio\/index.php?rest_route=%2Fwp%2Fv2%2Ftags&post=238173"}],"curies":[{"name":"wp","href":"https:\/\/api.w.org\/{rel}","templated":true}]}}