{"id":238178,"date":"2023-04-26T20:34:36","date_gmt":"2023-04-27T00:34:36","guid":{"rendered":"https:\/\/www.ocorreionews.com.br\/acervo-correio\/?p=238178"},"modified":"2023-04-27T08:36:18","modified_gmt":"2023-04-27T12:36:18","slug":"justica-mantem-exoneracao-da-ex-vereadora-ka-nogueira","status":"publish","type":"post","link":"https:\/\/www.ocorreionews.com.br\/acervo-correio\/?p=238178","title":{"rendered":"Justi\u00e7a mant\u00e9m exonera\u00e7\u00e3o da ex-vereadora de Chapad\u00e3o do Sul K\u00e1 Nogueira"},"content":{"rendered":"<p>Quase dois anos ap\u00f3s ser cassada, pela C\u00e2mara Municipal de Chapad\u00e3o do Sul &#8211; em setembro de 2021 &#8211; decis\u00e3o proferida na noite desta ter\u00e7a-feira, 25 de abril, manteve a exonera\u00e7\u00e3o da ex-vereadora Ka Nogueira do concurso p\u00fablico que ela ocupava como psic\u00f3loga na prefeitura.<\/p>\n<p>K\u00e1 Nogueira foi processada por indecoro parlamentar, ap\u00f3s den\u00fancia no Minist\u00e9rio P\u00fablico Estadual, onde consta que ela recebeu dois pagamentos, sendo um como servidora p\u00fablica, e outro, ao mesmo tempo, em di\u00e1rias para viajar a Bras\u00edlia.<\/p>\n<p>O concurso p\u00fablico da ex-vereadora era o de psic\u00f3loga, com carga hor\u00e1ria de 8 horas por dia. Assim, ao mesmo tempo em estava fazendo di\u00e1rias em Bras\u00edlia, ela n\u00e3o abriu m\u00e3o de nenhum pagamento, ou seja, recebeu de um cargo sem cumprir carga hor\u00e1ria.<\/p>\n<p>Segundo apurado pela reportagem do MS Todo Dia, foi aberto um procedimento administrativo disciplinar, onde ela foi demitida a bem do servi\u00e7o p\u00fablico. N\u00e3o se conformando, Ka Nogueira recorreu \u00e0 justi\u00e7a e, na noite de ontem, foi publicada a senten\u00e7a confirmando a demiss\u00e3o e julgando improcedente o seu pedido.<br \/>\nK\u00e1 Nogueira havia ajuizado a\u00e7\u00e3o para ser reintegrada ao cargo de concurso p\u00fablico, que foi negada pelo Poder Judici\u00e1rio.<\/p>\n<p>Trata-se da terceira derrota consecutiva da ex-vereadora Ka Nogueira, j\u00e1 que ela perdeu um Mandado de Seguran\u00e7a e uma A\u00e7\u00e3o de Nulidade, ambas movidas contra C\u00e2mara Municipal, em decorr\u00eancia da perda do mandato eletivo, e, agora, com rela\u00e7\u00e3o ao concurso publico, perdeu uma A\u00e7\u00e3o de Nulidade em face do Munic\u00edpio.<\/p>\n<p>&#8220;Por fim, n\u00e3o se pode olvidar que as aus\u00eancias injustific\u00e1veis da requerente causaram preju\u00edzo ao er\u00e1rio, seja na parte operacional da fun\u00e7\u00e3o administrativa, seja na parte econ\u00f4mica. Na parte funcional, notoriamente por estar com menos um servidor executando as atividades di\u00e1rias que lhes s\u00e3o correspondentes, conforme ressaltou o Secret\u00e1rio Municipal de Educa\u00e7\u00e3o Guerino Peres (fls. 504\/506), em seu depoimento prestado \u00e0 Comiss\u00e3o Disciplinar&#8221;, diz a senten\u00e7a.<\/p>\n<p><span class=\"data fz12 black uppercase\"> Fonte: MS Todo Dia<br \/>\n<\/span><\/p>\n","protected":false},"excerpt":{"rendered":"<p>Quase dois anos ap\u00f3s ser cassada, pela C\u00e2mara Municipal de Chapad\u00e3o do Sul &#8211; em setembro de 2021 &#8211; decis\u00e3o proferida na noite desta ter\u00e7a-feira, 25 de abril, manteve a exonera\u00e7\u00e3o da ex-vereadora Ka Nogueira do concurso p\u00fablico que ela ocupava como psic\u00f3loga na prefeitura. K\u00e1 Nogueira foi processada por indecoro parlamentar, ap\u00f3s den\u00fancia no [&hellip;]<\/p>\n","protected":false},"author":4,"featured_media":161835,"comment_status":"closed","ping_status":"closed","sticky":false,"template":"","format":"standard","meta":{"footnotes":""},"categories":[20,23,41],"tags":[],"class_list":["post-238178","post","type-post","status-publish","format-standard","has-post-thumbnail","hentry","category-camara-municipal","category-chapadao-do-sul","category-destaque"],"_links":{"self":[{"href":"https:\/\/www.ocorreionews.com.br\/acervo-correio\/index.php?rest_route=\/wp\/v2\/posts\/238178","targetHints":{"allow":["GET"]}}],"collection":[{"href":"https:\/\/www.ocorreionews.com.br\/acervo-correio\/index.php?rest_route=\/wp\/v2\/posts"}],"about":[{"href":"https:\/\/www.ocorreionews.com.br\/acervo-correio\/index.php?rest_route=\/wp\/v2\/types\/post"}],"author":[{"embeddable":true,"href":"https:\/\/www.ocorreionews.com.br\/acervo-correio\/index.php?rest_route=\/wp\/v2\/users\/4"}],"replies":[{"embeddable":true,"href":"https:\/\/www.ocorreionews.com.br\/acervo-correio\/index.php?rest_route=%2Fwp%2Fv2%2Fcomments&post=238178"}],"version-history":[{"count":1,"href":"https:\/\/www.ocorreionews.com.br\/acervo-correio\/index.php?rest_route=\/wp\/v2\/posts\/238178\/revisions"}],"predecessor-version":[{"id":238207,"href":"https:\/\/www.ocorreionews.com.br\/acervo-correio\/index.php?rest_route=\/wp\/v2\/posts\/238178\/revisions\/238207"}],"wp:featuredmedia":[{"embeddable":true,"href":"https:\/\/www.ocorreionews.com.br\/acervo-correio\/index.php?rest_route=\/wp\/v2\/media\/161835"}],"wp:attachment":[{"href":"https:\/\/www.ocorreionews.com.br\/acervo-correio\/index.php?rest_route=%2Fwp%2Fv2%2Fmedia&parent=238178"}],"wp:term":[{"taxonomy":"category","embeddable":true,"href":"https:\/\/www.ocorreionews.com.br\/acervo-correio\/index.php?rest_route=%2Fwp%2Fv2%2Fcategories&post=238178"},{"taxonomy":"post_tag","embeddable":true,"href":"https:\/\/www.ocorreionews.com.br\/acervo-correio\/index.php?rest_route=%2Fwp%2Fv2%2Ftags&post=238178"}],"curies":[{"name":"wp","href":"https:\/\/api.w.org\/{rel}","templated":true}]}}