{"id":238183,"date":"2023-04-27T06:32:18","date_gmt":"2023-04-27T10:32:18","guid":{"rendered":"https:\/\/www.ocorreionews.com.br\/acervo-correio\/?p=238183"},"modified":"2023-04-27T06:32:18","modified_gmt":"2023-04-27T10:32:18","slug":"primos-morrem-em-acidente-entre-caminhao-e-carreta-na-br-262","status":"publish","type":"post","link":"https:\/\/www.ocorreionews.com.br\/acervo-correio\/?p=238183","title":{"rendered":"Primos morrem em acidente entre caminh\u00e3o e carreta na BR-262"},"content":{"rendered":"<div class=\"text\">\n<p>Acidente envolvendo um caminh\u00e3o e duas carretas deixou duas pessoas mortas durante a manh\u00e3 desta quarta-feira (26), na BR-262, nas proximidades de Corumb\u00e1.<\/p>\n<p>De acordo com o Di\u00e1rio Corumbaense, as v\u00edtimas seriam o motorista Jorge Chaves Vallejo, 26 anos, e o primo dele Robson Leite, da mesma idade e que seguia como passageiro do caminh\u00e3o ba\u00fa.<\/p>\n<div id=\"taboola-mid-article\" class=\"d-print-none my-3\"><\/div>\n<p>O Corpo de Bombeiros foi ao local e socorreu uma terceira pessoa at\u00e9 o\u00a0hospital de\u00a0Corumb\u00e1 com algumas les\u00f5es pelo corpo, por\u00e9m, sem muita gravidade.<\/p>\n<p>Com o impacto da colis\u00e3o, v\u00e1rias mercadorias ficaram esparramadas pela rodovia. Equipes da Pol\u00edcia Rodovi\u00e1ria Federal (PRF) foram at\u00e9 o local do acidente.<\/p>\n<p>As causas do acidente ainda s\u00e3o investigadas.<\/p>\n<figure class=\"image\"><img decoding=\"async\" src=\"https:\/\/cdn.jd1noticias.com\/upload\/dn_arquivo\/2023\/04\/whatsapp-image-2023-04-26-at-143757.jpeg\" alt=\"Primos morrem em acidente entre caminh&amp;atilde;o e carreta na BR-262\" \/><\/figure>\n<\/div>\n<p class=\"py-3 d-print-none\"><a class=\"google-news-link text-center justify-content-center d-flex align-items-center font-weight-bold\" href=\"https:\/\/news.google.com\/publications\/CAAqBwgKMLKApQsw9Yq9Aw\" target=\"_blank\" rel=\"noopener\"> SIGA-NOS NO <img decoding=\"async\" class=\"px-2\" src=\"https:\/\/cdn.cassilandianoticias.com.br\/ui\/app\/site\/images\/google-news.png\" alt=\"Google News\" height=\"32\" \/> <\/a><\/p>\n","protected":false},"excerpt":{"rendered":"<p>Acidente envolvendo um caminh\u00e3o e duas carretas deixou duas pessoas mortas durante a manh\u00e3 desta quarta-feira (26), na BR-262, nas proximidades de Corumb\u00e1. De acordo com o Di\u00e1rio Corumbaense, as v\u00edtimas seriam o motorista Jorge Chaves Vallejo, 26 anos, e o primo dele Robson Leite, da mesma idade e que seguia como passageiro do caminh\u00e3o [&hellip;]<\/p>\n","protected":false},"author":4,"featured_media":238184,"comment_status":"closed","ping_status":"closed","sticky":false,"template":"","format":"standard","meta":{"footnotes":""},"categories":[38],"tags":[],"class_list":["post-238183","post","type-post","status-publish","format-standard","has-post-thumbnail","hentry","category-policia"],"_links":{"self":[{"href":"https:\/\/www.ocorreionews.com.br\/acervo-correio\/index.php?rest_route=\/wp\/v2\/posts\/238183","targetHints":{"allow":["GET"]}}],"collection":[{"href":"https:\/\/www.ocorreionews.com.br\/acervo-correio\/index.php?rest_route=\/wp\/v2\/posts"}],"about":[{"href":"https:\/\/www.ocorreionews.com.br\/acervo-correio\/index.php?rest_route=\/wp\/v2\/types\/post"}],"author":[{"embeddable":true,"href":"https:\/\/www.ocorreionews.com.br\/acervo-correio\/index.php?rest_route=\/wp\/v2\/users\/4"}],"replies":[{"embeddable":true,"href":"https:\/\/www.ocorreionews.com.br\/acervo-correio\/index.php?rest_route=%2Fwp%2Fv2%2Fcomments&post=238183"}],"version-history":[{"count":1,"href":"https:\/\/www.ocorreionews.com.br\/acervo-correio\/index.php?rest_route=\/wp\/v2\/posts\/238183\/revisions"}],"predecessor-version":[{"id":238185,"href":"https:\/\/www.ocorreionews.com.br\/acervo-correio\/index.php?rest_route=\/wp\/v2\/posts\/238183\/revisions\/238185"}],"wp:featuredmedia":[{"embeddable":true,"href":"https:\/\/www.ocorreionews.com.br\/acervo-correio\/index.php?rest_route=\/wp\/v2\/media\/238184"}],"wp:attachment":[{"href":"https:\/\/www.ocorreionews.com.br\/acervo-correio\/index.php?rest_route=%2Fwp%2Fv2%2Fmedia&parent=238183"}],"wp:term":[{"taxonomy":"category","embeddable":true,"href":"https:\/\/www.ocorreionews.com.br\/acervo-correio\/index.php?rest_route=%2Fwp%2Fv2%2Fcategories&post=238183"},{"taxonomy":"post_tag","embeddable":true,"href":"https:\/\/www.ocorreionews.com.br\/acervo-correio\/index.php?rest_route=%2Fwp%2Fv2%2Ftags&post=238183"}],"curies":[{"name":"wp","href":"https:\/\/api.w.org\/{rel}","templated":true}]}}