{"id":238247,"date":"2023-04-27T16:25:18","date_gmt":"2023-04-27T20:25:18","guid":{"rendered":"https:\/\/www.ocorreionews.com.br\/acervo-correio\/?p=238247"},"modified":"2023-04-27T16:25:18","modified_gmt":"2023-04-27T20:25:18","slug":"prefeito-de-chapadao-do-sul-joao-carlos-krug-solicita-afastamento-de-30-dias","status":"publish","type":"post","link":"https:\/\/www.ocorreionews.com.br\/acervo-correio\/?p=238247","title":{"rendered":"Prefeito de Chapad\u00e3o do Sul Jo\u00e3o Carlos Krug solicita afastamento de 30 dias"},"content":{"rendered":"<p>O Prefeito Municipal de Chapad\u00e3o do Sul Jo\u00e3o Carlos Krug (PSDB), ir\u00e1 se afastar no per\u00edodo de 30 dias para realizar um tratamento m\u00e9dico.<\/p>\n<p>Por lei que assumira ser\u00e1 seu vice do Dr. Jo\u00e3o Roque<\/p>\n<p><strong>Confira a Nota Oficial\u00a0<\/strong><\/p>\n<p><a href=\"https:\/\/www.ocorreionews.com.br\/acervo-correio\/wp-content\/uploads\/2023\/04\/nota-oficial.jpg\"><img loading=\"lazy\" decoding=\"async\" class=\"wp-image-238248 aligncenter\" src=\"https:\/\/www.ocorreionews.com.br\/acervo-correio\/wp-content\/uploads\/2023\/04\/nota-oficial.jpg\" alt=\"\" width=\"405\" height=\"270\" srcset=\"https:\/\/www.ocorreionews.com.br\/acervo-correio\/wp-content\/uploads\/2023\/04\/nota-oficial.jpg 800w, https:\/\/www.ocorreionews.com.br\/acervo-correio\/wp-content\/uploads\/2023\/04\/nota-oficial-300x200.jpg 300w, https:\/\/www.ocorreionews.com.br\/acervo-correio\/wp-content\/uploads\/2023\/04\/nota-oficial-768x512.jpg 768w\" sizes=\"auto, (max-width: 405px) 100vw, 405px\" \/><\/a><\/p>\n<p style=\"font-weight: 400;\">O Executivo Municipal vem por meio desta nota oficial informar a toda popula\u00e7\u00e3o, que o prefeito Jo\u00e3o Carlos Krug solicitou \u00e0 C\u00e2mara de Vereadores afastamento de 30 dias para tratamento m\u00e9dico, a partir do dia 01 de maio de 2023.<\/p>\n<p style=\"font-weight: 400;\">Jo\u00e3o Carlos passar\u00e1 por uma cirurgia na coluna que requer cuidados espec\u00edficos no p\u00f3s operat\u00f3rio, conforme orienta\u00e7\u00e3o\u00a0m\u00e9dica.<\/p>\n","protected":false},"excerpt":{"rendered":"<p>O Prefeito Municipal de Chapad\u00e3o do Sul Jo\u00e3o Carlos Krug (PSDB), ir\u00e1 se afastar no per\u00edodo de 30 dias para realizar um tratamento m\u00e9dico. Por lei que assumira ser\u00e1 seu vice do Dr. Jo\u00e3o Roque Confira a Nota Oficial\u00a0 O Executivo Municipal vem por meio desta nota oficial informar a toda popula\u00e7\u00e3o, que o prefeito [&hellip;]<\/p>\n","protected":false},"author":5,"featured_media":201715,"comment_status":"closed","ping_status":"closed","sticky":false,"template":"","format":"standard","meta":{"footnotes":""},"categories":[23,41],"tags":[],"class_list":["post-238247","post","type-post","status-publish","format-standard","has-post-thumbnail","hentry","category-chapadao-do-sul","category-destaque"],"_links":{"self":[{"href":"https:\/\/www.ocorreionews.com.br\/acervo-correio\/index.php?rest_route=\/wp\/v2\/posts\/238247","targetHints":{"allow":["GET"]}}],"collection":[{"href":"https:\/\/www.ocorreionews.com.br\/acervo-correio\/index.php?rest_route=\/wp\/v2\/posts"}],"about":[{"href":"https:\/\/www.ocorreionews.com.br\/acervo-correio\/index.php?rest_route=\/wp\/v2\/types\/post"}],"author":[{"embeddable":true,"href":"https:\/\/www.ocorreionews.com.br\/acervo-correio\/index.php?rest_route=\/wp\/v2\/users\/5"}],"replies":[{"embeddable":true,"href":"https:\/\/www.ocorreionews.com.br\/acervo-correio\/index.php?rest_route=%2Fwp%2Fv2%2Fcomments&post=238247"}],"version-history":[{"count":1,"href":"https:\/\/www.ocorreionews.com.br\/acervo-correio\/index.php?rest_route=\/wp\/v2\/posts\/238247\/revisions"}],"predecessor-version":[{"id":238249,"href":"https:\/\/www.ocorreionews.com.br\/acervo-correio\/index.php?rest_route=\/wp\/v2\/posts\/238247\/revisions\/238249"}],"wp:featuredmedia":[{"embeddable":true,"href":"https:\/\/www.ocorreionews.com.br\/acervo-correio\/index.php?rest_route=\/wp\/v2\/media\/201715"}],"wp:attachment":[{"href":"https:\/\/www.ocorreionews.com.br\/acervo-correio\/index.php?rest_route=%2Fwp%2Fv2%2Fmedia&parent=238247"}],"wp:term":[{"taxonomy":"category","embeddable":true,"href":"https:\/\/www.ocorreionews.com.br\/acervo-correio\/index.php?rest_route=%2Fwp%2Fv2%2Fcategories&post=238247"},{"taxonomy":"post_tag","embeddable":true,"href":"https:\/\/www.ocorreionews.com.br\/acervo-correio\/index.php?rest_route=%2Fwp%2Fv2%2Ftags&post=238247"}],"curies":[{"name":"wp","href":"https:\/\/api.w.org\/{rel}","templated":true}]}}