{"id":238257,"date":"2023-04-28T07:19:15","date_gmt":"2023-04-28T11:19:15","guid":{"rendered":"https:\/\/www.ocorreionews.com.br\/acervo-correio\/?p=238257"},"modified":"2023-04-28T08:56:05","modified_gmt":"2023-04-28T12:56:05","slug":"produtor-rural-de-sao-gabriel-do-oeste-e-executado-dentro-de-caminhonete","status":"publish","type":"post","link":"https:\/\/www.ocorreionews.com.br\/acervo-correio\/?p=238257","title":{"rendered":"Produtor rural \u00e9 assassinado a tiros dentro de caminhonete em S\u00e3o Gabriel do Oeste"},"content":{"rendered":"<p>O produtor rural Andr\u00e9 Sebasti\u00e3o de Barros, de 56 anos, foi assassinado com pelo menos dois disparos na noite desta quarta-feira (26), na Avenida Castelo Branco, em S\u00e3o Gabriel do Oeste &#8211; a 168 quil\u00f4metros de Campo Grande. A suspeita \u00e9 que tenha sido armada uma emboscada para a v\u00edtima.<\/p>\n<p>O homem trabalha com transporte de gado e natural de Bandeirantes, teria marcado um encontro com uma pessoa no local, mas chegando no endere\u00e7o, foi atingido pelos disparos, sendo um no cora\u00e7\u00e3o e outro na boca. Um terceiro disparo foi realizado, mas acertou o interior do ve\u00edculo, um Mitsubishi L200 Tryton.<\/p>\n<p>Segundo informado pelo site A Rota da Not\u00edcia, o atirador portava um rev\u00f3lver de calibre 38, condizente com as c\u00e1psulas encontradas no local pela Per\u00edcia Cient\u00edfica de Coxim.<\/p>\n<p>Ainda conforme o site, familiares teriam dito para a Pol\u00edcia Civil que Andr\u00e9 foi para S\u00e3o Gabriel do Oeste com intuito de buscar um motorista e conversar com algu\u00e9m que queria v\u00ea-lo pessoalmente.<\/p>\n<div class=\"google-auto-placed ap_container\"><ins class=\"adsbygoogle adsbygoogle-noablate\" data-ad-format=\"auto\" data-ad-client=\"ca-pub-6622782233465253\" data-adsbygoogle-status=\"done\" data-ad-status=\"filled\"><\/p>\n<div id=\"aswift_7_host\" tabindex=\"0\" title=\"Advertisement\" aria-label=\"Advertisement\"><\/div>\n<p><\/ins><\/div>\n<p>Morador de Bandeirantes, a v\u00edtima \u00e9 bastante conhecida e deixa dois filhos.<\/p>\n<p>O corpo foi removido e encaminhado para o IML (Instituto M\u00e9dico Legal) de Coxim para os procedimentos legais, sendo posteriormente liberado para a fam\u00edlia.<\/p>\n<p>O caso segue sob investiga\u00e7\u00e3o da Pol\u00edcia Civil de S\u00e3o Gabriel do Oeste.<\/p>\n<figure style=\"width: 620px\" class=\"wp-caption aligncenter\"><img loading=\"lazy\" decoding=\"async\" src=\"https:\/\/cdn.topmidianews.com.br\/img\/pc\/620\/320\/dn_arquivo\/2023\/04\/l2-768x576.jpg\" alt=\"Produtor rural \u00e9 assassinado a tiros dentro de caminhonete em S\u00e3o Gabriel do Oeste\" width=\"620\" height=\"465\" \/><figcaption class=\"wp-caption-text\">Caminhonete ainda estava ligada quando policiais chegaram &#8211; Cr\u00e9dito: A Rota da Not\u00edcia<\/figcaption><\/figure>\n<p>&nbsp;<\/p>\n<div id=\"taboola-mid-article\" class=\"d-print-none my-3\">*Top M\u00eddia News, Vinicius Costa<\/div>\n","protected":false},"excerpt":{"rendered":"<p>O produtor rural Andr\u00e9 Sebasti\u00e3o de Barros, de 56 anos, foi assassinado com pelo menos dois disparos na noite desta quarta-feira (26), na Avenida Castelo Branco, em S\u00e3o Gabriel do Oeste &#8211; a 168 quil\u00f4metros de Campo Grande. A suspeita \u00e9 que tenha sido armada uma emboscada para a v\u00edtima. O homem trabalha com transporte [&hellip;]<\/p>\n","protected":false},"author":4,"featured_media":238260,"comment_status":"closed","ping_status":"closed","sticky":false,"template":"","format":"standard","meta":{"footnotes":""},"categories":[38],"tags":[],"class_list":["post-238257","post","type-post","status-publish","format-standard","has-post-thumbnail","hentry","category-policia"],"_links":{"self":[{"href":"https:\/\/www.ocorreionews.com.br\/acervo-correio\/index.php?rest_route=\/wp\/v2\/posts\/238257","targetHints":{"allow":["GET"]}}],"collection":[{"href":"https:\/\/www.ocorreionews.com.br\/acervo-correio\/index.php?rest_route=\/wp\/v2\/posts"}],"about":[{"href":"https:\/\/www.ocorreionews.com.br\/acervo-correio\/index.php?rest_route=\/wp\/v2\/types\/post"}],"author":[{"embeddable":true,"href":"https:\/\/www.ocorreionews.com.br\/acervo-correio\/index.php?rest_route=\/wp\/v2\/users\/4"}],"replies":[{"embeddable":true,"href":"https:\/\/www.ocorreionews.com.br\/acervo-correio\/index.php?rest_route=%2Fwp%2Fv2%2Fcomments&post=238257"}],"version-history":[{"count":1,"href":"https:\/\/www.ocorreionews.com.br\/acervo-correio\/index.php?rest_route=\/wp\/v2\/posts\/238257\/revisions"}],"predecessor-version":[{"id":238306,"href":"https:\/\/www.ocorreionews.com.br\/acervo-correio\/index.php?rest_route=\/wp\/v2\/posts\/238257\/revisions\/238306"}],"wp:featuredmedia":[{"embeddable":true,"href":"https:\/\/www.ocorreionews.com.br\/acervo-correio\/index.php?rest_route=\/wp\/v2\/media\/238260"}],"wp:attachment":[{"href":"https:\/\/www.ocorreionews.com.br\/acervo-correio\/index.php?rest_route=%2Fwp%2Fv2%2Fmedia&parent=238257"}],"wp:term":[{"taxonomy":"category","embeddable":true,"href":"https:\/\/www.ocorreionews.com.br\/acervo-correio\/index.php?rest_route=%2Fwp%2Fv2%2Fcategories&post=238257"},{"taxonomy":"post_tag","embeddable":true,"href":"https:\/\/www.ocorreionews.com.br\/acervo-correio\/index.php?rest_route=%2Fwp%2Fv2%2Ftags&post=238257"}],"curies":[{"name":"wp","href":"https:\/\/api.w.org\/{rel}","templated":true}]}}