{"id":238263,"date":"2023-04-28T07:44:37","date_gmt":"2023-04-28T11:44:37","guid":{"rendered":"https:\/\/www.ocorreionews.com.br\/acervo-correio\/?p=238263"},"modified":"2023-04-28T07:50:53","modified_gmt":"2023-04-28T11:50:53","slug":"alcinopolis-prefeitura-concluiu-mais-uma-ponte-na-zona-rural","status":"publish","type":"post","link":"https:\/\/www.ocorreionews.com.br\/acervo-correio\/?p=238263","title":{"rendered":"Alcin\u00f3polis: Prefeitura concluiu mais uma ponte na zona rural"},"content":{"rendered":"<p>O Prefeito Municipal Dalmy e Secret\u00e1rio de Obras Fernando Nicolleti, receberam mais uma ponte, sendo est\u00e1 sobre o c\u00f3rrego da \u00c1gua Enterrada, entre as divisas da fazenda S\u00e3o Jo\u00e3o e Fazenda Boa Vista, a ponte foi uma obra realizada com a parceria entre a prefeitura e os pecuaristas da regi\u00e3o.<\/p>\n<p>Os moradores da regi\u00e3o destacam que a nova ponte vai garantir uma melhora na infraestrutura para escoamento da produ\u00e7\u00e3o e principalmente nos embarque e desembarque de bovinos.<\/p>\n<p>Prefeito Dalmy afirmou que as demandas dos moradores da regi\u00e3o, assim como de toda a zona rural e per\u00edmetro urbano, est\u00e1 sendo ouvida e atendida conforme o cronograma de a\u00e7\u00f5es da secretaria de obras.<\/p>\n<h3><img decoding=\"async\" src=\"https:\/\/regionalms.com.br\/conteudo\/regionalms\/upp\/articles\/2022-02\/comercio\/789\/agro\/14.jpg\" alt=\"\" width=\"100%\" \/><\/h3>\n<p>Ressaltou que ele tem absoluta certeza que o munic\u00edpio como um todo est\u00e1 sendo atendido e cuidado por est\u00e1 gest\u00e3o, principalmente com as parcerias do governador do Estado e c\u00e2mara municipal, que ainda realizar\u00e1 mais ao longo de sua gest\u00e3o.<\/p>\n","protected":false},"excerpt":{"rendered":"<p>O Prefeito Municipal Dalmy e Secret\u00e1rio de Obras Fernando Nicolleti, receberam mais uma ponte, sendo est\u00e1 sobre o c\u00f3rrego da \u00c1gua Enterrada, entre as divisas da fazenda S\u00e3o Jo\u00e3o e Fazenda Boa Vista, a ponte foi uma obra realizada com a parceria entre a prefeitura e os pecuaristas da regi\u00e3o. Os moradores da regi\u00e3o destacam [&hellip;]<\/p>\n","protected":false},"author":4,"featured_media":238285,"comment_status":"closed","ping_status":"closed","sticky":false,"template":"","format":"standard","meta":{"footnotes":""},"categories":[18],"tags":[],"class_list":["post-238263","post","type-post","status-publish","format-standard","has-post-thumbnail","hentry","category-alcinopolis"],"_links":{"self":[{"href":"https:\/\/www.ocorreionews.com.br\/acervo-correio\/index.php?rest_route=\/wp\/v2\/posts\/238263","targetHints":{"allow":["GET"]}}],"collection":[{"href":"https:\/\/www.ocorreionews.com.br\/acervo-correio\/index.php?rest_route=\/wp\/v2\/posts"}],"about":[{"href":"https:\/\/www.ocorreionews.com.br\/acervo-correio\/index.php?rest_route=\/wp\/v2\/types\/post"}],"author":[{"embeddable":true,"href":"https:\/\/www.ocorreionews.com.br\/acervo-correio\/index.php?rest_route=\/wp\/v2\/users\/4"}],"replies":[{"embeddable":true,"href":"https:\/\/www.ocorreionews.com.br\/acervo-correio\/index.php?rest_route=%2Fwp%2Fv2%2Fcomments&post=238263"}],"version-history":[{"count":1,"href":"https:\/\/www.ocorreionews.com.br\/acervo-correio\/index.php?rest_route=\/wp\/v2\/posts\/238263\/revisions"}],"predecessor-version":[{"id":238281,"href":"https:\/\/www.ocorreionews.com.br\/acervo-correio\/index.php?rest_route=\/wp\/v2\/posts\/238263\/revisions\/238281"}],"wp:featuredmedia":[{"embeddable":true,"href":"https:\/\/www.ocorreionews.com.br\/acervo-correio\/index.php?rest_route=\/wp\/v2\/media\/238285"}],"wp:attachment":[{"href":"https:\/\/www.ocorreionews.com.br\/acervo-correio\/index.php?rest_route=%2Fwp%2Fv2%2Fmedia&parent=238263"}],"wp:term":[{"taxonomy":"category","embeddable":true,"href":"https:\/\/www.ocorreionews.com.br\/acervo-correio\/index.php?rest_route=%2Fwp%2Fv2%2Fcategories&post=238263"},{"taxonomy":"post_tag","embeddable":true,"href":"https:\/\/www.ocorreionews.com.br\/acervo-correio\/index.php?rest_route=%2Fwp%2Fv2%2Ftags&post=238263"}],"curies":[{"name":"wp","href":"https:\/\/api.w.org\/{rel}","templated":true}]}}