{"id":238286,"date":"2023-04-28T07:59:37","date_gmt":"2023-04-28T11:59:37","guid":{"rendered":"https:\/\/www.ocorreionews.com.br\/acervo-correio\/?p=238286"},"modified":"2023-04-28T08:12:10","modified_gmt":"2023-04-28T12:12:10","slug":"senadora-soraya-thronicke-e-internada-em-uti-sem-previsao-de-alta","status":"publish","type":"post","link":"https:\/\/www.ocorreionews.com.br\/acervo-correio\/?p=238286","title":{"rendered":"Senadora Soraya Thronicke est\u00e1 internada em UTI sem previs\u00e3o de alta"},"content":{"rendered":"<div id=\"chunk-688dk\">\n<div class=\"mc-column content-text active-extra-styles \" data-block-type=\"unstyled\" data-block-weight=\"44\" data-block-id=\"3\">\n<p class=\"content-text__container \" data-track-category=\"Link no Texto\" data-track-links=\"\">A senadora Soraya Thronicke (Uni\u00e3o Brasil- MS) segue internada internada em uma Unidade de Terapia Intensiva (UTI) para tratar de uma crise al\u00e9rgica aguda. A parlamentar deu entrada no hospital DF Star, em Bras\u00edlia, na sexta-feira (21) passada, e n\u00e3o tem previs\u00e3o de alta.<\/p>\n<p data-track-category=\"Link no Texto\" data-track-links=\"\">\n<\/div>\n<\/div>\n<div class=\"wall protected-content\">\n<div id=\"chunk-5it19\">\n<div class=\"mc-column content-text active-extra-styles \" data-block-type=\"unstyled\" data-block-weight=\"44\" data-block-id=\"4\">\n<p class=\"content-text__container \" data-track-category=\"Link no Texto\" data-track-links=\"\">A equipe da senadora divulgou que o quadro &#8220;da parlamentar permanece est\u00e1vel, sem grandes altera\u00e7\u00f5es&#8221;. De acordo com o texto mais recente divulgado nas redes sociais, Soraya segue sendo acompanhada por especialistas em imunologia e a equipe m\u00e9dica do hospital, sem previs\u00e3o de alta<\/p>\n<\/div>\n<\/div>\n<p class=\"content-text__container\">\n<div class=\"mc-column content-text active-extra-styles\" data-block-type=\"raw\" data-block-weight=\"38\" data-block-id=\"5\">\n<blockquote class=\"content-blockquote theme-border-color-primary-before\"><p>&#8220;O quadro de sa\u00fade da parlamentar permanece est\u00e1vel, sem grandes altera\u00e7\u00f5es. Soraya Thronicke segue sendo acompanhada por especialistas em imunologia e a equipe m\u00e9dica do hospital, sem previs\u00e3o de alta&#8221;, detalha a nota enviada pela assessoria da senadora.<\/p><\/blockquote>\n<p>&nbsp;<\/p>\n<\/div>\n<div id=\"chunk-1erph\">\n<div class=\"content-ads content-ads--reveal\" data-block-type=\"ads\" data-block-id=\"6\">\n<div><\/div>\n<\/div>\n<\/div>\n<div id=\"chunk-bq3j2\">\n<div class=\"row medium-uncollapsed content-media content-photo\" data-block-type=\"backstage-photo\" data-block-id=\"7\">\n<div class=\" mc-column  content-media__container\">\n<div class=\"content-media-container glb-skeleton-box\">\n<figure class=\"content-media-figure\">\n<p><figure style=\"width: 647px\" class=\"wp-caption aligncenter\"><img loading=\"lazy\" decoding=\"async\" class=\"i-amphtml-fill-content i-amphtml-replaced-content\" src=\"https:\/\/s2.glbimg.com\/M2ugj2SXN7dLb9eCwz4kMPQbr4M=\/0x0:1170x1572\/984x0\/smart\/filters:strip_icc()\/i.s3.glbimg.com\/v1\/AUTH_59edd422c0c84a879bd37670ae4f538a\/internal_photos\/bs\/2023\/W\/W\/Hf23yAQiCZdBcDbmTb0A\/whatsapp-image-2023-04-27-at-19.20.46.jpeg\" sizes=\"auto, (max-width: 1525px) 648px, 100vw\" srcset=\"https:\/\/s2.glbimg.com\/AOOx-JiOP-nTSuKjL8iKUpaeCys=\/0x0:1170x1572\/1000x0\/smart\/filters:strip_icc()\/i.s3.glbimg.com\/v1\/AUTH_59edd422c0c84a879bd37670ae4f538a\/internal_photos\/bs\/2023\/W\/W\/Hf23yAQiCZdBcDbmTb0A\/whatsapp-image-2023-04-27-at-19.20.46.jpeg 1000w, https:\/\/s2.glbimg.com\/M2ugj2SXN7dLb9eCwz4kMPQbr4M=\/0x0:1170x1572\/984x0\/smart\/filters:strip_icc()\/i.s3.glbimg.com\/v1\/AUTH_59edd422c0c84a879bd37670ae4f538a\/internal_photos\/bs\/2023\/W\/W\/Hf23yAQiCZdBcDbmTb0A\/whatsapp-image-2023-04-27-at-19.20.46.jpeg 984w, https:\/\/s2.glbimg.com\/ZVhNB9GOqpq9iAkb-fXduxeDk6o=\/0x0:1170x1572\/640x0\/smart\/filters:strip_icc()\/i.s3.glbimg.com\/v1\/AUTH_59edd422c0c84a879bd37670ae4f538a\/internal_photos\/bs\/2023\/W\/W\/Hf23yAQiCZdBcDbmTb0A\/whatsapp-image-2023-04-27-at-19.20.46.jpeg 640w, https:\/\/s2.glbimg.com\/Uey_6v75Fc2WYcbRRkwoZqRuAdg=\/0x0:1170x1572\/600x0\/smart\/filters:strip_icc()\/i.s3.glbimg.com\/v1\/AUTH_59edd422c0c84a879bd37670ae4f538a\/internal_photos\/bs\/2023\/W\/W\/Hf23yAQiCZdBcDbmTb0A\/whatsapp-image-2023-04-27-at-19.20.46.jpeg 600w\" alt=\"Novo comunicado de sa\u00fade foi publicado nas redes sociais da senadora.  \u2014 Foto: Redes sociais\/Reprodu\u00e7\u00e3o\" width=\"647\" height=\"870\" \/><figcaption class=\"wp-caption-text\">Novo comunicado de sa\u00fade foi publicado nas redes sociais da senadora. \u2014 Foto: Redes sociais\/Reprodu\u00e7\u00e3o<\/figcaption><\/figure><\/figure>\n<\/div>\n<p class=\"content-media__description  \">\n<p>&nbsp;<\/p>\n<\/div>\n<\/div>\n<\/div>\n<div id=\"chunk-330sg\">\n<div class=\"mc-column content-text active-extra-styles \" data-block-type=\"unstyled\" data-block-weight=\"10\" data-block-id=\"8\">\n<p class=\"content-text__container \" data-track-category=\"Link no Texto\" data-track-links=\"\"><span class=\"highlight highlighted\"> A senadora concorreu \u00e0 presid\u00eancia nas elei\u00e7\u00f5es de 2022.<\/span><\/p>\n<\/div>\n<\/div>\n<\/div>\n","protected":false},"excerpt":{"rendered":"<p>A senadora Soraya Thronicke (Uni\u00e3o Brasil- MS) segue internada internada em uma Unidade de Terapia Intensiva (UTI) para tratar de uma crise al\u00e9rgica aguda. A parlamentar deu entrada no hospital DF Star, em Bras\u00edlia, na sexta-feira (21) passada, e n\u00e3o tem previs\u00e3o de alta. A equipe da senadora divulgou que o quadro &#8220;da parlamentar permanece [&hellip;]<\/p>\n","protected":false},"author":5,"featured_media":213609,"comment_status":"closed","ping_status":"closed","sticky":false,"template":"","format":"standard","meta":{"footnotes":""},"categories":[37],"tags":[],"class_list":["post-238286","post","type-post","status-publish","format-standard","has-post-thumbnail","hentry","category-politica"],"_links":{"self":[{"href":"https:\/\/www.ocorreionews.com.br\/acervo-correio\/index.php?rest_route=\/wp\/v2\/posts\/238286","targetHints":{"allow":["GET"]}}],"collection":[{"href":"https:\/\/www.ocorreionews.com.br\/acervo-correio\/index.php?rest_route=\/wp\/v2\/posts"}],"about":[{"href":"https:\/\/www.ocorreionews.com.br\/acervo-correio\/index.php?rest_route=\/wp\/v2\/types\/post"}],"author":[{"embeddable":true,"href":"https:\/\/www.ocorreionews.com.br\/acervo-correio\/index.php?rest_route=\/wp\/v2\/users\/5"}],"replies":[{"embeddable":true,"href":"https:\/\/www.ocorreionews.com.br\/acervo-correio\/index.php?rest_route=%2Fwp%2Fv2%2Fcomments&post=238286"}],"version-history":[{"count":1,"href":"https:\/\/www.ocorreionews.com.br\/acervo-correio\/index.php?rest_route=\/wp\/v2\/posts\/238286\/revisions"}],"predecessor-version":[{"id":238294,"href":"https:\/\/www.ocorreionews.com.br\/acervo-correio\/index.php?rest_route=\/wp\/v2\/posts\/238286\/revisions\/238294"}],"wp:featuredmedia":[{"embeddable":true,"href":"https:\/\/www.ocorreionews.com.br\/acervo-correio\/index.php?rest_route=\/wp\/v2\/media\/213609"}],"wp:attachment":[{"href":"https:\/\/www.ocorreionews.com.br\/acervo-correio\/index.php?rest_route=%2Fwp%2Fv2%2Fmedia&parent=238286"}],"wp:term":[{"taxonomy":"category","embeddable":true,"href":"https:\/\/www.ocorreionews.com.br\/acervo-correio\/index.php?rest_route=%2Fwp%2Fv2%2Fcategories&post=238286"},{"taxonomy":"post_tag","embeddable":true,"href":"https:\/\/www.ocorreionews.com.br\/acervo-correio\/index.php?rest_route=%2Fwp%2Fv2%2Ftags&post=238286"}],"curies":[{"name":"wp","href":"https:\/\/api.w.org\/{rel}","templated":true}]}}