{"id":238288,"date":"2023-04-28T08:03:16","date_gmt":"2023-04-28T12:03:16","guid":{"rendered":"https:\/\/www.ocorreionews.com.br\/acervo-correio\/?p=238288"},"modified":"2023-04-28T08:03:16","modified_gmt":"2023-04-28T12:03:16","slug":"festa-da-linguica-de-maracaju-comeca-nesta-sexta-feira-com-expectativa-de-assar-20-toneladas","status":"publish","type":"post","link":"https:\/\/www.ocorreionews.com.br\/acervo-correio\/?p=238288","title":{"rendered":"Festa da Lingui\u00e7a de Maracaju come\u00e7a nesta sexta-feira com expectativa de assar 20 toneladas"},"content":{"rendered":"<div class=\"elementor-element elementor-element-33095f69 elementor-widget elementor-widget-theme-post-content\" data-id=\"33095f69\" data-element_type=\"widget\" data-widget_type=\"theme-post-content.default\">\n<div class=\"elementor-widget-container\">\n<p>Come\u00e7a nesta sexta-feira (28) a 27\u00aa edi\u00e7\u00e3o de um dos eventos mais tradicionais de Mato Grosso do Sul, a Festa da Lingui\u00e7a de Maracaju. Ser\u00e3o quatro dias de festa com shows, atividades culturais e gastronomia regional. Neste ano, a organiza\u00e7\u00e3o espera vender 20 toneladas de lingui\u00e7a.<\/p>\n<p>Hoje, a anima\u00e7\u00e3o fica por conta da dupla Munhoz e Mariano, que far\u00e1 show gratuito. No s\u00e1bado (29) haver\u00e1 almo\u00e7o e a noite show da dupla Gian e Giovani. No domingo (30), Yasmin Santos sobe ao palco e o encerramento acontece no domingo com almo\u00e7o na segunda-feira (1\u00b0).<\/p>\n<p>Todos os anos, o festival atrai milhares de pessoas ao munic\u00edpio, al\u00e9m de aquecer a economia local, gerar trabalhos tempor\u00e1rios e dar visibilidade ao munic\u00edpio. Em anos anteriores, a m\u00e9dia de p\u00fablico no Parque de Exposi\u00e7\u00f5es Lib\u00f3rio Ferreira de Souza foi superior a 25 mil.<\/p>\n<p>Com caracter\u00edsticas \u00fanicas, a lingui\u00e7a de Maracaju deu origem a tradicional festa e, em 1997, entrou para edi\u00e7\u00e3o anual do livro do Guinness Book, como a maior lingui\u00e7a do mundo feita de uma tripa \u00fanica do boi, com 31 metros.<\/p>\n<p>No ano de 2016, uma nova conquista: o selo de Indica\u00e7\u00e3o Geogr\u00e1fica (IG) emitido pelo Inpi (Instituto Nacional de Propriedade Industrial), garantiu a iguaria, prote\u00e7\u00e3o contra falsifica\u00e7\u00f5es de origem e produ\u00e7\u00e3o.<\/p>\n<p>A lingui\u00e7a \u00e9 preparada somente com carnes de primeira e temperada com ingredientes tradicionais misturados a itens curiosos, como o suco de \u201claranja azeda\u201d, por exemplo, o que torna \u00fanico o sabor dessa iguaria.<\/p>\n<p>O festival gastron\u00f4mico tem car\u00e1ter filantr\u00f3pico e toda a renda \u00e9 distribu\u00edda para as entidades de assist\u00eancia social do munic\u00edpio. Uma das entidades beneficiadas em anos anteriores \u00e9 o Hospital Soriano Corr\u00eaa da Silva que recebeu mais de R$ 420 mil em investimentos. Tamb\u00e9m j\u00e1 foram beneficiados projetos sociais da PM (Pol\u00edcia Militar) na cidade.<\/p>\n<\/div>\n<\/div>\n<p>&nbsp;<\/p>\n<p>&nbsp;<\/p>\n<p>Midiamax &#8211; Clayton Neves<\/p>\n","protected":false},"excerpt":{"rendered":"<p>Come\u00e7a nesta sexta-feira (28) a 27\u00aa edi\u00e7\u00e3o de um dos eventos mais tradicionais de Mato Grosso do Sul, a Festa da Lingui\u00e7a de Maracaju. Ser\u00e3o quatro dias de festa com shows, atividades culturais e gastronomia regional. Neste ano, a organiza\u00e7\u00e3o espera vender 20 toneladas de lingui\u00e7a. Hoje, a anima\u00e7\u00e3o fica por conta da dupla Munhoz [&hellip;]<\/p>\n","protected":false},"author":5,"featured_media":238289,"comment_status":"closed","ping_status":"closed","sticky":false,"template":"","format":"standard","meta":{"footnotes":""},"categories":[38],"tags":[],"class_list":["post-238288","post","type-post","status-publish","format-standard","has-post-thumbnail","hentry","category-policia"],"_links":{"self":[{"href":"https:\/\/www.ocorreionews.com.br\/acervo-correio\/index.php?rest_route=\/wp\/v2\/posts\/238288","targetHints":{"allow":["GET"]}}],"collection":[{"href":"https:\/\/www.ocorreionews.com.br\/acervo-correio\/index.php?rest_route=\/wp\/v2\/posts"}],"about":[{"href":"https:\/\/www.ocorreionews.com.br\/acervo-correio\/index.php?rest_route=\/wp\/v2\/types\/post"}],"author":[{"embeddable":true,"href":"https:\/\/www.ocorreionews.com.br\/acervo-correio\/index.php?rest_route=\/wp\/v2\/users\/5"}],"replies":[{"embeddable":true,"href":"https:\/\/www.ocorreionews.com.br\/acervo-correio\/index.php?rest_route=%2Fwp%2Fv2%2Fcomments&post=238288"}],"version-history":[{"count":1,"href":"https:\/\/www.ocorreionews.com.br\/acervo-correio\/index.php?rest_route=\/wp\/v2\/posts\/238288\/revisions"}],"predecessor-version":[{"id":238291,"href":"https:\/\/www.ocorreionews.com.br\/acervo-correio\/index.php?rest_route=\/wp\/v2\/posts\/238288\/revisions\/238291"}],"wp:featuredmedia":[{"embeddable":true,"href":"https:\/\/www.ocorreionews.com.br\/acervo-correio\/index.php?rest_route=\/wp\/v2\/media\/238289"}],"wp:attachment":[{"href":"https:\/\/www.ocorreionews.com.br\/acervo-correio\/index.php?rest_route=%2Fwp%2Fv2%2Fmedia&parent=238288"}],"wp:term":[{"taxonomy":"category","embeddable":true,"href":"https:\/\/www.ocorreionews.com.br\/acervo-correio\/index.php?rest_route=%2Fwp%2Fv2%2Fcategories&post=238288"},{"taxonomy":"post_tag","embeddable":true,"href":"https:\/\/www.ocorreionews.com.br\/acervo-correio\/index.php?rest_route=%2Fwp%2Fv2%2Ftags&post=238288"}],"curies":[{"name":"wp","href":"https:\/\/api.w.org\/{rel}","templated":true}]}}